{"id":2597,"date":"2026-01-26T06:26:13","date_gmt":"2026-01-26T09:26:13","guid":{"rendered":"https:\/\/oexpressobr.com.br\/?p=2597"},"modified":"2026-01-26T06:26:14","modified_gmt":"2026-01-26T09:26:14","slug":"incidente-na-mina-de-fabrica-da-vale-mobiliza-autoridades-e-atinge-instalacoes-da-csn-em-minas-gerais","status":"publish","type":"post","link":"https:\/\/oexpressobr.com.br\/?p=2597","title":{"rendered":"Incidente na Mina de F\u00e1brica da Vale mobiliza autoridades e atinge instala\u00e7\u00f5es da CSN em Minas Gerais"},"content":{"rendered":"\n<p class=\"wp-block-paragraph\">No exato dia em que a trag\u00e9dia de Brumadinho completa sete anos, um novo incidente envolvendo a mineradora <strong>Vale<\/strong> voltou a espalhar apreens\u00e3o e alerta na Regi\u00e3o Central de Minas Gerais. Na madrugada deste domingo, 25 de janeiro de 2026, houve um extravasamento de \u00e1gua e sedimentos na <strong>Mina de F\u00e1brica<\/strong>, localizada entre os munic\u00edpios de <strong>Ouro Preto<\/strong> e <strong>Congonhas<\/strong>.<\/p>\n\n\n\n<p class=\"wp-block-paragraph\">\u200bO fluxo de material, estimado em cerca de 220 mil metros c\u00fabicos \u2014 o equivalente a 88 piscinas ol\u00edmpicas \u2014, atingiu \u00e1reas operacionais da <strong>CSN Minera\u00e7\u00e3o<\/strong>, empresa vizinha ao complexo. Segundo informa\u00e7\u00f5es das autoridades locais e da pr\u00f3pria companhia, cerca de 200 funcion\u00e1rios da CSN precisaram ser evacuados preventivamente das oficinas, do almoxarifado e de \u00e1reas de embarque, que foram tomados por uma correnteza de lama de aproximadamente 1,5 metro de altura.<\/p>\n\n\n\n<h3 class=\"wp-block-heading\">\u200bImpactos e respostas<\/h3>\n\n\n\n<p class=\"wp-block-paragraph\">\u200bEmbora a Vale tenha refor\u00e7ado em nota oficial que &#8220;n\u00e3o houve rompimento de barragem&#8221; e que as estruturas de conten\u00e7\u00e3o de rejeitos na regi\u00e3o permanecem est\u00e1veis e monitoradas, o impacto ambiental preocupa. O prefeito de Congonhas, <strong>Anderson Cabido<\/strong>, classificou o epis\u00f3dio como &#8220;significativo&#8221;, destacando que a enxurrada de sedimentos atingiu o leito do <strong>Rio Goiabeiras<\/strong>, afluente que comp\u00f5e a bacia do <strong>Rio Paraopeba<\/strong> \u2014 o mesmo que foi devastado h\u00e1 sete anos.<\/p>\n\n\n\n<p class=\"wp-block-paragraph\">\u200bAs defesas civis estadual e municipais, junto ao Corpo de Bombeiros, foram acionadas para monitorar as comunidades do entorno, como os distritos de Pires e \u00e1reas rurais pr\u00f3ximas. At\u00e9 o momento, n\u00e3o h\u00e1 registro de feridos ou de comunidades atingidas diretamente pela lama, mas moradores de bairros como Campo das Flores e Mineirinho permanecem em estado de vigil\u00e2ncia devido \u00e0 turbidez da \u00e1gua e ao hist\u00f3rico traum\u00e1tico da regi\u00e3o.<\/p>\n\n\n\n<h3 class=\"wp-block-heading\">\u200bCoincid\u00eancia hist\u00f3rica e inseguran\u00e7a<\/h3>\n\n\n\n<p class=\"wp-block-paragraph\">\u200bO transbordamento ocorre em um momento de forte simbolismo e tens\u00e3o. Neste 25 de janeiro, fam\u00edlias e sobreviventes realizam atos em mem\u00f3ria das 272 v\u00edtimas do rompimento da barragem da Mina C\u00f3rrego do Feij\u00e3o. A repeti\u00e7\u00e3o de incidentes em estruturas de minera\u00e7\u00e3o, mesmo que de menor escala, reacende o debate sobre a seguran\u00e7a e a efic\u00e1cia da fiscaliza\u00e7\u00e3o nas cavas e reservat\u00f3rios de \u00e1gua (sumps) que n\u00e3o s\u00e3o classificados formalmente como barragens de rejeitos.<\/p>\n\n\n\n<p class=\"wp-block-paragraph\">\u200bA <strong>Vale<\/strong> informou que as causas do extravasamento est\u00e3o sendo apuradas e que prioriza a prote\u00e7\u00e3o das pessoas e do meio ambiente. J\u00e1 a <strong>CSN Minera\u00e7\u00e3o<\/strong> declarou que suas estruturas operam normalmente e que colabora com os \u00f3rg\u00e3os competentes para mitigar os preju\u00edzos em suas instala\u00e7\u00f5es.<\/p>\n\n\n\n<p class=\"wp-block-paragraph\">\u200b<strong>Principais envolvidos:<\/strong><\/p>\n\n\n\n<ul class=\"wp-block-list\">\n<li>\u200b<strong>Vale:<\/strong> Respons\u00e1vel pela estrutura que transbordou.<\/li>\n\n\n\n<li>\u200b<strong>CSN Minera\u00e7\u00e3o:<\/strong> Empresa vizinha atingida pelo fluxo de \u00e1gua e sedimentos.<\/li>\n\n\n\n<li>\u200b<strong>Prefeituras de Congonhas e Ouro Preto:<\/strong> Atuam na fiscaliza\u00e7\u00e3o e monitoramento dos riscos \u00e0s popula\u00e7\u00f5es locais.<\/li>\n\n\n\n<li>\u200b<strong>Defesa Civil de Minas Gerais:<\/strong> Coordena as inspe\u00e7\u00f5es t\u00e9cnicas no local do incidente.<\/li>\n<\/ul>\n","protected":false},"excerpt":{"rendered":"<p>No exato dia em que a trag\u00e9dia de Brumadinho completa sete anos, um novo incidente envolvendo a mineradora Vale voltou a espalhar apreens\u00e3o e alerta [&#8230;]<\/p>\n","protected":false},"author":1,"featured_media":2598,"comment_status":"open","ping_status":"open","sticky":false,"template":"","format":"standard","meta":{"_crdt_document":"","_jetpack_memberships_contains_paid_content":false,"footnotes":"","jetpack_publicize_message":"","jetpack_publicize_feature_enabled":true,"jetpack_social_post_already_shared":true,"jetpack_social_options":{"image_generator_settings":{"template":"highway","default_image_id":0,"font":"","enabled":false},"version":2}},"categories":[1],"tags":[],"class_list":["post-2597","post","type-post","status-publish","format-standard","has-post-thumbnail","hentry","category-geral"],"jetpack_publicize_connections":[],"jetpack_featured_media_url":"https:\/\/i0.wp.com\/oexpressobr.com.br\/wp-content\/uploads\/2026\/01\/transbordamento-de-dique-da-Vale.jpg?fit=414%2C280&ssl=1","jetpack_likes_enabled":true,"jetpack_sharing_enabled":true,"_links":{"self":[{"href":"https:\/\/oexpressobr.com.br\/index.php?rest_route=\/wp\/v2\/posts\/2597","targetHints":{"allow":["GET"]}}],"collection":[{"href":"https:\/\/oexpressobr.com.br\/index.php?rest_route=\/wp\/v2\/posts"}],"about":[{"href":"https:\/\/oexpressobr.com.br\/index.php?rest_route=\/wp\/v2\/types\/post"}],"author":[{"embeddable":true,"href":"https:\/\/oexpressobr.com.br\/index.php?rest_route=\/wp\/v2\/users\/1"}],"replies":[{"embeddable":true,"href":"https:\/\/oexpressobr.com.br\/index.php?rest_route=%2Fwp%2Fv2%2Fcomments&post=2597"}],"version-history":[{"count":1,"href":"https:\/\/oexpressobr.com.br\/index.php?rest_route=\/wp\/v2\/posts\/2597\/revisions"}],"predecessor-version":[{"id":2599,"href":"https:\/\/oexpressobr.com.br\/index.php?rest_route=\/wp\/v2\/posts\/2597\/revisions\/2599"}],"wp:featuredmedia":[{"embeddable":true,"href":"https:\/\/oexpressobr.com.br\/index.php?rest_route=\/wp\/v2\/media\/2598"}],"wp:attachment":[{"href":"https:\/\/oexpressobr.com.br\/index.php?rest_route=%2Fwp%2Fv2%2Fmedia&parent=2597"}],"wp:term":[{"taxonomy":"category","embeddable":true,"href":"https:\/\/oexpressobr.com.br\/index.php?rest_route=%2Fwp%2Fv2%2Fcategories&post=2597"},{"taxonomy":"post_tag","embeddable":true,"href":"https:\/\/oexpressobr.com.br\/index.php?rest_route=%2Fwp%2Fv2%2Ftags&post=2597"}],"curies":[{"name":"wp","href":"https:\/\/api.w.org\/{rel}","templated":true}]}}