{"id":2603,"date":"2026-01-26T06:39:02","date_gmt":"2026-01-26T09:39:02","guid":{"rendered":"https:\/\/oexpressobr.com.br\/?p=2603"},"modified":"2026-01-26T06:39:02","modified_gmt":"2026-01-26T09:39:02","slug":"o-estrago-do-mundo-digital-ocde-e-inaf-alertam-para-queda-recorde-em-matematica-e-leitura","status":"publish","type":"post","link":"https:\/\/oexpressobr.com.br\/?p=2603","title":{"rendered":"O estrago do mundo digital: OCDE e Inaf alertam para queda recorde em matem\u00e1tica e leitura"},"content":{"rendered":"\n<p class=\"wp-block-paragraph\">A promessa de que a revolu\u00e7\u00e3o tecnol\u00f3gica transformaria as salas de aula em centros de excel\u00eancia est\u00e1 sendo confrontada por uma realidade amarga. Dados recentes de organismos internacionais e pesquisas nacionais apontam para um fen\u00f4meno global: o decl\u00ednio acentuado das compet\u00eancias b\u00e1sicas de jovens e adultos em matem\u00e1tica e leitura, diretamente associado ao uso excessivo de telas e \u00e0 distra\u00e7\u00e3o digital.<\/p>\n\n\n\n<h3 class=\"wp-block-heading\">\u200bO &#8220;Tombo&#8221; Global: O Alerta da OCDE<\/h3>\n\n\n\n<p class=\"wp-block-paragraph\">\u200bDe acordo com os \u00faltimos relat\u00f3rios do PISA (Programa Internacional de Avalia\u00e7\u00e3o de Estudantes) da <strong>OCDE<\/strong>, o mundo vive uma queda de desempenho sem precedentes. Entre 2018 e 2022, a pontua\u00e7\u00e3o m\u00e9dia em matem\u00e1tica nos pa\u00edses membros caiu 15 pontos \u2014 o equivalente a quase um semestre de aprendizado perdido. Em leitura, a queda foi de 10 pontos, o dobro do recorde negativo anterior.<\/p>\n\n\n\n<p class=\"wp-block-paragraph\">\u200bEmbora a pandemia de Covid-19 tenha acelerado o processo, analistas da OCDE destacam que a tend\u00eancia de decl\u00ednio j\u00e1 era vis\u00edvel antes do isolamento social. O culpado emergente? A &#8220;epidemia de distra\u00e7\u00e3o&#8221;. Alunos que passam mais de uma hora por dia em redes sociais ou navegando sem prop\u00f3sito na web chegam a pontuar at\u00e9 20 pontos a menos que seus colegas menos conectados.<\/p>\n\n\n\n<h3 class=\"wp-block-heading\">\u200bO cen\u00e1rio brasileiro: Analfabetismo funcional e digital<\/h3>\n\n\n\n<p class=\"wp-block-paragraph\">\u200bNo Brasil, os dados do <strong>Inaf (Indicador de Alfabetismo Funcional)<\/strong> de 2024 e 2025 revelam uma face ainda mais preocupante do problema. Apenas 10% da popula\u00e7\u00e3o brasileira \u00e9 considerada proficiente em leitura, escrita e matem\u00e1tica. O estudo mostra que o pouco letramento tradicional compromete diretamente a capacidade de navegar no mundo digital de forma produtiva.<\/p>\n\n\n\n<p class=\"wp-block-paragraph\">\u200b&#8221;Estamos diante de um paradoxo: as pessoas est\u00e3o mais conectadas, mas menos capazes de processar informa\u00e7\u00f5es complexas&#8221;, afirma o relat\u00f3rio. Quase 30% dos brasileiros s\u00e3o classificados como analfabetos funcionais. Esse grupo, ao tentar realizar tarefas simples no ambiente digital \u2014 como preencher formul\u00e1rios ou discernir not\u00edcias falsas \u2014, enfrenta barreiras cognitivas severas, o que limita sua participa\u00e7\u00e3o na sociedade moderna e no mercado de trabalho.<\/p>\n\n\n\n<h3 class=\"wp-block-heading\">\u200bPrincipais vil\u00f5es: Telas, Dopamina e a Queda da Concentra\u00e7\u00e3o<\/h3>\n\n\n\n<p class=\"wp-block-paragraph\">\u200bEspecialistas em educa\u00e7\u00e3o e neuroci\u00eancia, citados em estudos publicados pela <strong>Unesco<\/strong> e em revistas cient\u00edficas em 2025, apontam tr\u00eas fatores cr\u00edticos para esse estrago:<\/p>\n\n\n\n<ol class=\"wp-block-list\">\n<li>\u200b<strong>Fragmenta\u00e7\u00e3o da Aten\u00e7\u00e3o:<\/strong> O consumo de v\u00eddeos curtos (como no TikTok e Reels) treina o c\u00e9rebro para est\u00edmulos r\u00e1pidos, reduzindo a capacidade de foco necess\u00e1ria para resolver problemas matem\u00e1ticos ou ler textos longos.<\/li>\n\n\n\n<li>\u200b<strong>Substitui\u00e7\u00e3o do H\u00e1bito da Leitura:<\/strong> No Brasil, o n\u00famero de &#8220;n\u00e3o leitores&#8221; subiu para 53% da popula\u00e7\u00e3o. O livro f\u00edsico tem perdido espa\u00e7o para o consumo passivo de conte\u00fado digital, o que atrofia a capacidade de interpreta\u00e7\u00e3o.<\/li>\n\n\n\n<li>\u200b<strong>Sa\u00fade Mental e Sono:<\/strong> O uso abusivo de m\u00eddias digitais afeta o sono e aumenta a ansiedade, prejudicando o controle inibit\u00f3rio e a mem\u00f3ria de trabalho, pilares fundamentais para o aprendizado de exatas.<\/li>\n<\/ol>\n\n\n\n<h3 class=\"wp-block-heading\">\u200bRea\u00e7\u00f5es e Movimentos de Retorno ao Papel<\/h3>\n\n\n\n<p class=\"wp-block-paragraph\">\u200bDiante desse cen\u00e1rio, pa\u00edses como a <strong>Su\u00e9cia<\/strong> e os <strong>Pa\u00edses Baixos<\/strong> j\u00e1 iniciaram movimentos de &#8220;desconex\u00e3o&#8221;. A Su\u00e9cia, por exemplo, redirecionou investimentos da digitaliza\u00e7\u00e3o para a compra de livros did\u00e1ticos impressos, visando recuperar a base de leitura dos alunos. No Brasil, o debate sobre a proibi\u00e7\u00e3o de celulares em escolas ganhou for\u00e7a em 2025 e 2026, com legisla\u00e7\u00f5es avan\u00e7ando em diversos estados para tentar frear a queda nos \u00edndices educacionais.<\/p>\n\n\n\n<p class=\"wp-block-paragraph\">\u200bA conclus\u00e3o das pesquisas \u00e9 un\u00e2nime: sem uma media\u00e7\u00e3o consciente e pol\u00edticas p\u00fablicas que priorizem o letramento profundo sobre o acesso tecnol\u00f3gico superficial, o &#8220;mundo digital&#8221; continuar\u00e1 a cobrar um pre\u00e7o alto na intelig\u00eancia das futuras gera\u00e7\u00f5es.<\/p>\n","protected":false},"excerpt":{"rendered":"<p>A promessa de que a revolu\u00e7\u00e3o tecnol\u00f3gica transformaria as salas de aula em centros de excel\u00eancia est\u00e1 sendo confrontada por uma realidade amarga. Dados recentes [&#8230;]<\/p>\n","protected":false},"author":1,"featured_media":2604,"comment_status":"open","ping_status":"open","sticky":false,"template":"","format":"standard","meta":{"_crdt_document":"","_jetpack_memberships_contains_paid_content":false,"footnotes":"","jetpack_publicize_message":"","jetpack_publicize_feature_enabled":true,"jetpack_social_post_already_shared":true,"jetpack_social_options":{"image_generator_settings":{"template":"highway","default_image_id":0,"font":"","enabled":false},"version":2}},"categories":[1],"tags":[],"class_list":["post-2603","post","type-post","status-publish","format-standard","has-post-thumbnail","hentry","category-geral"],"jetpack_publicize_connections":[],"jetpack_featured_media_url":"https:\/\/i0.wp.com\/oexpressobr.com.br\/wp-content\/uploads\/2026\/01\/GettyImages-2163155479.jpg.jpg?fit=414%2C280&ssl=1","jetpack_likes_enabled":true,"jetpack_sharing_enabled":true,"_links":{"self":[{"href":"https:\/\/oexpressobr.com.br\/index.php?rest_route=\/wp\/v2\/posts\/2603","targetHints":{"allow":["GET"]}}],"collection":[{"href":"https:\/\/oexpressobr.com.br\/index.php?rest_route=\/wp\/v2\/posts"}],"about":[{"href":"https:\/\/oexpressobr.com.br\/index.php?rest_route=\/wp\/v2\/types\/post"}],"author":[{"embeddable":true,"href":"https:\/\/oexpressobr.com.br\/index.php?rest_route=\/wp\/v2\/users\/1"}],"replies":[{"embeddable":true,"href":"https:\/\/oexpressobr.com.br\/index.php?rest_route=%2Fwp%2Fv2%2Fcomments&post=2603"}],"version-history":[{"count":1,"href":"https:\/\/oexpressobr.com.br\/index.php?rest_route=\/wp\/v2\/posts\/2603\/revisions"}],"predecessor-version":[{"id":2605,"href":"https:\/\/oexpressobr.com.br\/index.php?rest_route=\/wp\/v2\/posts\/2603\/revisions\/2605"}],"wp:featuredmedia":[{"embeddable":true,"href":"https:\/\/oexpressobr.com.br\/index.php?rest_route=\/wp\/v2\/media\/2604"}],"wp:attachment":[{"href":"https:\/\/oexpressobr.com.br\/index.php?rest_route=%2Fwp%2Fv2%2Fmedia&parent=2603"}],"wp:term":[{"taxonomy":"category","embeddable":true,"href":"https:\/\/oexpressobr.com.br\/index.php?rest_route=%2Fwp%2Fv2%2Fcategories&post=2603"},{"taxonomy":"post_tag","embeddable":true,"href":"https:\/\/oexpressobr.com.br\/index.php?rest_route=%2Fwp%2Fv2%2Ftags&post=2603"}],"curies":[{"name":"wp","href":"https:\/\/api.w.org\/{rel}","templated":true}]}}