{"id":2606,"date":"2026-01-26T06:44:12","date_gmt":"2026-01-26T09:44:12","guid":{"rendered":"https:\/\/oexpressobr.com.br\/?p=2606"},"modified":"2026-01-26T06:44:13","modified_gmt":"2026-01-26T09:44:13","slug":"policia-civil-de-sp-investiga-paradeiro-de-criancas-desaparecidas-no-maranhao-apos-relato-em-hotel-da-republica","status":"publish","type":"post","link":"https:\/\/oexpressobr.com.br\/?p=2606","title":{"rendered":"Pol\u00edcia Civil de SP investiga paradeiro de crian\u00e7as desaparecidas no Maranh\u00e3o ap\u00f3s relato em hotel da Rep\u00fablica"},"content":{"rendered":"\n<p class=\"wp-block-paragraph\">\u200bA Pol\u00edcia Civil de S\u00e3o Paulo entrou em estado de alerta ap\u00f3s receber uma den\u00fancia an\u00f4nima indicando que os irm\u00e3os <strong>\u00c1gatha Isabelly (6 anos)<\/strong> e <strong>Allan Michel (4 anos)<\/strong>, desaparecidos desde o in\u00edcio de 2026 em Bacabal, no Maranh\u00e3o, teriam sido avistados neste domingo no centro da capital paulista.<\/p>\n\n\n\n<p class=\"wp-block-paragraph\">\u200bSegundo informa\u00e7\u00f5es preliminares colhidas pelo setor de intelig\u00eancia, as crian\u00e7as estariam acompanhadas por adultos em um hotel localizado no bairro da <strong>Rep\u00fablica<\/strong>, regi\u00e3o central conhecida pelo intenso fluxo de pessoas.<\/p>\n\n\n\n<h3 class=\"wp-block-heading\">\u200bDetalhes do Caso e Mobiliza\u00e7\u00e3o Nacional<\/h3>\n\n\n\n<p class=\"wp-block-paragraph\">\u200bO desaparecimento dos irm\u00e3os em Bacabal mobilizou as redes sociais e as for\u00e7as de seguran\u00e7a maranhenses nas \u00faltimas semanas. A possibilidade de os menores terem sido trazidos para S\u00e3o Paulo levanta suspeitas de uma rede de transporte clandestino ou envolvimento em casos de subtra\u00e7\u00e3o de incapaz.<\/p>\n\n\n\n<p class=\"wp-block-paragraph\">\u200b<strong>O que se sabe at\u00e9 agora:<\/strong><\/p>\n\n\n\n<ul class=\"wp-block-list\">\n<li>\u200b<strong>Local do avistamento:<\/strong> Um hotel no bairro da Rep\u00fablica, S\u00e3o Paulo.<\/li>\n\n\n\n<li>\u200b<strong>Idades:<\/strong> 6 e 4 anos.<\/li>\n\n\n\n<li>\u200b<strong>Status da investiga\u00e7\u00e3o:<\/strong> Agentes do Departamento de Homic\u00eddios e Prote\u00e7\u00e3o \u00e0 Pessoa (DHPP) de SP j\u00e1 realizam buscas em hot\u00e9is e pens\u00f5es da regi\u00e3o para checar imagens de c\u00e2meras de seguran\u00e7a.<\/li>\n\n\n\n<li>\u200b<strong>Disque Den\u00fancia:<\/strong> 181 (Sigilo absoluto)<\/li>\n\n\n\n<li>\u200b<strong>Pol\u00edcia Militar:<\/strong> 190<\/li>\n<\/ul>\n","protected":false},"excerpt":{"rendered":"<p>\u200bA Pol\u00edcia Civil de S\u00e3o Paulo entrou em estado de alerta ap\u00f3s receber uma den\u00fancia an\u00f4nima indicando que os irm\u00e3os \u00c1gatha Isabelly (6 anos) e [&#8230;]<\/p>\n","protected":false},"author":1,"featured_media":2607,"comment_status":"open","ping_status":"open","sticky":false,"template":"","format":"standard","meta":{"_crdt_document":"","_jetpack_memberships_contains_paid_content":false,"footnotes":"","jetpack_publicize_message":"","jetpack_publicize_feature_enabled":true,"jetpack_social_post_already_shared":true,"jetpack_social_options":{"image_generator_settings":{"template":"highway","default_image_id":0,"font":"","enabled":false},"version":2}},"categories":[3],"tags":[],"class_list":["post-2606","post","type-post","status-publish","format-standard","has-post-thumbnail","hentry","category-brasil"],"jetpack_publicize_connections":[],"jetpack_featured_media_url":"https:\/\/i0.wp.com\/oexpressobr.com.br\/wp-content\/uploads\/2026\/01\/IMG-20260126-WA0022.jpg?fit=673%2C505&ssl=1","jetpack_likes_enabled":true,"jetpack_sharing_enabled":true,"_links":{"self":[{"href":"https:\/\/oexpressobr.com.br\/index.php?rest_route=\/wp\/v2\/posts\/2606","targetHints":{"allow":["GET"]}}],"collection":[{"href":"https:\/\/oexpressobr.com.br\/index.php?rest_route=\/wp\/v2\/posts"}],"about":[{"href":"https:\/\/oexpressobr.com.br\/index.php?rest_route=\/wp\/v2\/types\/post"}],"author":[{"embeddable":true,"href":"https:\/\/oexpressobr.com.br\/index.php?rest_route=\/wp\/v2\/users\/1"}],"replies":[{"embeddable":true,"href":"https:\/\/oexpressobr.com.br\/index.php?rest_route=%2Fwp%2Fv2%2Fcomments&post=2606"}],"version-history":[{"count":1,"href":"https:\/\/oexpressobr.com.br\/index.php?rest_route=\/wp\/v2\/posts\/2606\/revisions"}],"predecessor-version":[{"id":2608,"href":"https:\/\/oexpressobr.com.br\/index.php?rest_route=\/wp\/v2\/posts\/2606\/revisions\/2608"}],"wp:featuredmedia":[{"embeddable":true,"href":"https:\/\/oexpressobr.com.br\/index.php?rest_route=\/wp\/v2\/media\/2607"}],"wp:attachment":[{"href":"https:\/\/oexpressobr.com.br\/index.php?rest_route=%2Fwp%2Fv2%2Fmedia&parent=2606"}],"wp:term":[{"taxonomy":"category","embeddable":true,"href":"https:\/\/oexpressobr.com.br\/index.php?rest_route=%2Fwp%2Fv2%2Fcategories&post=2606"},{"taxonomy":"post_tag","embeddable":true,"href":"https:\/\/oexpressobr.com.br\/index.php?rest_route=%2Fwp%2Fv2%2Ftags&post=2606"}],"curies":[{"name":"wp","href":"https:\/\/api.w.org\/{rel}","templated":true}]}}