{"id":2624,"date":"2026-01-26T14:35:06","date_gmt":"2026-01-26T17:35:06","guid":{"rendered":"https:\/\/oexpressobr.com.br\/?p=2624"},"modified":"2026-01-26T14:35:07","modified_gmt":"2026-01-26T17:35:07","slug":"governo-e-judiciario-consolidam-auxilio-aluguel-como-pilar-de-protecao-na-lei-maria-da-penha","status":"publish","type":"post","link":"https:\/\/oexpressobr.com.br\/?p=2624","title":{"rendered":"Governo e Judici\u00e1rio consolidam aux\u00edlio-aluguel como pilar de prote\u00e7\u00e3o na Lei Maria da Penha"},"content":{"rendered":"\n<p class=\"wp-block-paragraph\"><br>A implementa\u00e7\u00e3o do aux\u00edlio-aluguel para mulheres v\u00edtimas de viol\u00eancia dom\u00e9stica, inclu\u00eddo na Lei Maria da Penha (Lei 11.340\/06) pela Lei 14.674\/2023, entrou em uma fase crucial de expans\u00e3o e regulamenta\u00e7\u00e3o em 2025 e 2026. A medida, que visa garantir a autonomia financeira para que a v\u00edtima possa se afastar do agressor, agora conta com repasses estaduais e decis\u00f5es judiciais que refor\u00e7am sua aplica\u00e7\u00e3o pr\u00e1tica.<br>Avan\u00e7os na implementa\u00e7\u00e3o e custeio<br>A legisla\u00e7\u00e3o federal estabelece que o juiz pode conceder o benef\u00edcio por um per\u00edodo de at\u00e9 seis meses. Recentemente, estados e munic\u00edpios come\u00e7aram a formalizar a origem dos recursos, que prov\u00eam majoritariamente de dota\u00e7\u00f5es or\u00e7ament\u00e1rias da assist\u00eancia social (SUAS).<\/p>\n\n\n\n<ul class=\"wp-block-list\">\n<li>Bahia: Em janeiro de 2025, o governo estadual anunciou o repasse de R$ 2,2 milh\u00f5es aos munic\u00edpios especificamente para o aluguel social.<\/li>\n\n\n\n<li>S\u00e3o Paulo: O estado regulamentou o &#8220;Protocolo Mulher Viva&#8221;, definindo crit\u00e9rios como a renda familiar de at\u00e9 dois sal\u00e1rios m\u00ednimos para a concess\u00e3o do benef\u00edcio.<\/li>\n\n\n\n<li>Acre: Em mar\u00e7o de 2025, foi sancionada a Lei 4.573\/2025, que obriga as delegacias e \u00f3rg\u00e3os de sa\u00fade a informarem a v\u00edtima sobre o direito ao aux\u00edlio-aluguel j\u00e1 no momento do registro do Boletim de Ocorr\u00eancia.<br>O papel do Judici\u00e1rio e decis\u00f5es recentes<br>O Superior Tribunal de Justi\u00e7a (STJ) e tribunais estaduais t\u00eam consolidado o entendimento de que a vulnerabilidade econ\u00f4mica \u00e9 o fator determinante para a concess\u00e3o, independentemente da exist\u00eancia de vagas em casas-abrigo.<\/li>\n<\/ul>\n\n\n\n<blockquote class=\"wp-block-quote is-layout-flow wp-block-quote-is-layout-flow\">\n<p class=\"wp-block-paragraph\">&#8220;A medida \u00e9 um instrumento de sobreviv\u00eancia. Sem moradia segura, muitas mulheres acabam retornando ao ciclo de viol\u00eancia por falta de alternativa habitacional&#8221;, destacam especialistas em Direito de Fam\u00edlia.<\/p>\n\n\n\n<p class=\"wp-block-paragraph\">Al\u00e9m disso, o STF pautou para 2025 discuss\u00f5es sobre a natureza jur\u00eddica de aux\u00edlios similares (como o afastamento do trabalho com manuten\u00e7\u00e3o de sal\u00e1rio), o que deve trazer ainda mais seguran\u00e7a jur\u00eddica para o pagamento de benef\u00edcios assistenciais vinculados \u00e0 Lei Maria da Penha.<br>Resumo das regras vigentes<\/p>\n\n\n\n<figure class=\"wp-block-table\"><table class=\"has-fixed-layout\"><thead><tr><th>Crit\u00e9rio<\/th><th>Descri\u00e7\u00e3o<\/th><\/tr><\/thead><tbody><tr><td>Prazo m\u00e1ximo<\/td><td>6 meses<\/td><\/tr><tr><td>P\u00fablico-alvo<\/td><td>Mulheres em situa\u00e7\u00e3o de vulnerabilidade social e econ\u00f4mica afastadas do lar<\/td><\/tr><tr><td>Respons\u00e1veis<\/td><td>Ju\u00edzes (concess\u00e3o) e Munic\u00edpios\/Estados (pagamento)<\/td><\/tr><tr><td>Fonte de Recursos<\/td><td>Or\u00e7amento da Assist\u00eancia Social (SUAS)<\/td><\/tr><tr><td>Deseja que eu redija um guia pr\u00e1tico sobre como as v\u00edtimas podem solicitar esse benef\u00edcio nas delegacias ou centros de refer\u00eancia?<\/td><td><\/td><\/tr><\/tbody><\/table><\/figure>\n<\/blockquote>\n\n\n\n<p class=\"wp-block-paragraph\"><\/p>\n","protected":false},"excerpt":{"rendered":"<p>A implementa\u00e7\u00e3o do aux\u00edlio-aluguel para mulheres v\u00edtimas de viol\u00eancia dom\u00e9stica, inclu\u00eddo na Lei Maria da Penha (Lei 11.340\/06) pela Lei 14.674\/2023, entrou em uma fase [&#8230;]<\/p>\n","protected":false},"author":1,"featured_media":2625,"comment_status":"open","ping_status":"open","sticky":false,"template":"","format":"standard","meta":{"_crdt_document":"","_jetpack_memberships_contains_paid_content":false,"footnotes":"","jetpack_publicize_message":"","jetpack_publicize_feature_enabled":true,"jetpack_social_post_already_shared":true,"jetpack_social_options":{"image_generator_settings":{"template":"highway","default_image_id":0,"font":"","enabled":false},"version":2}},"categories":[3],"tags":[],"class_list":["post-2624","post","type-post","status-publish","format-standard","has-post-thumbnail","hentry","category-brasil"],"jetpack_publicize_connections":[],"jetpack_featured_media_url":"https:\/\/i0.wp.com\/oexpressobr.com.br\/wp-content\/uploads\/2026\/01\/IMG-20260126-WA0257.jpg?fit=1024%2C1280&ssl=1","jetpack_likes_enabled":true,"jetpack_sharing_enabled":true,"_links":{"self":[{"href":"https:\/\/oexpressobr.com.br\/index.php?rest_route=\/wp\/v2\/posts\/2624","targetHints":{"allow":["GET"]}}],"collection":[{"href":"https:\/\/oexpressobr.com.br\/index.php?rest_route=\/wp\/v2\/posts"}],"about":[{"href":"https:\/\/oexpressobr.com.br\/index.php?rest_route=\/wp\/v2\/types\/post"}],"author":[{"embeddable":true,"href":"https:\/\/oexpressobr.com.br\/index.php?rest_route=\/wp\/v2\/users\/1"}],"replies":[{"embeddable":true,"href":"https:\/\/oexpressobr.com.br\/index.php?rest_route=%2Fwp%2Fv2%2Fcomments&post=2624"}],"version-history":[{"count":1,"href":"https:\/\/oexpressobr.com.br\/index.php?rest_route=\/wp\/v2\/posts\/2624\/revisions"}],"predecessor-version":[{"id":2626,"href":"https:\/\/oexpressobr.com.br\/index.php?rest_route=\/wp\/v2\/posts\/2624\/revisions\/2626"}],"wp:featuredmedia":[{"embeddable":true,"href":"https:\/\/oexpressobr.com.br\/index.php?rest_route=\/wp\/v2\/media\/2625"}],"wp:attachment":[{"href":"https:\/\/oexpressobr.com.br\/index.php?rest_route=%2Fwp%2Fv2%2Fmedia&parent=2624"}],"wp:term":[{"taxonomy":"category","embeddable":true,"href":"https:\/\/oexpressobr.com.br\/index.php?rest_route=%2Fwp%2Fv2%2Fcategories&post=2624"},{"taxonomy":"post_tag","embeddable":true,"href":"https:\/\/oexpressobr.com.br\/index.php?rest_route=%2Fwp%2Fv2%2Ftags&post=2624"}],"curies":[{"name":"wp","href":"https:\/\/api.w.org\/{rel}","templated":true}]}}