{"id":263,"date":"2025-12-02T20:58:33","date_gmt":"2025-12-02T23:58:33","guid":{"rendered":"https:\/\/oexpressobr.com.br\/?p=263"},"modified":"2025-12-02T20:58:33","modified_gmt":"2025-12-02T23:58:33","slug":"laurent-simons-o-pequeno-einstein-da-belgica-conclui-doutorado-aos-15-e-tem-como-meta-criar-super-humanos","status":"publish","type":"post","link":"https:\/\/oexpressobr.com.br\/?p=263","title":{"rendered":"Laurent Simons, O &#8220;Pequeno Einstein&#8221; da B\u00e9lgica, Conclui Doutorado Aos 15 E Tem Como Meta Criar &#8220;Super-Humanos&#8221;"},"content":{"rendered":"\n<p class=\"wp-block-paragraph\">O prod\u00edgio belga <strong>Laurent Simons<\/strong>, apelidado carinhosamente de &#8216;Pequeno Einstein da B\u00e9lgica&#8217;, reafirmou seu status de g\u00eanio ao <strong>concluir o doutorado em f\u00edsica qu\u00e2ntica aos 15 anos<\/strong> na Universidade da Antu\u00e9rpia. O feito, que j\u00e1 \u00e9 not\u00e1vel por si s\u00f3, \u00e9 apenas mais um marco na trajet\u00f3ria mete\u00f3rica do jovem, que agora volta seus olhos para um objetivo ainda mais ambicioso: <strong>a imortalidade e a cria\u00e7\u00e3o de &#8220;super-humanos&#8221;<\/strong>.<\/p>\n\n\n\n<h3 class=\"wp-block-heading\">\u200bUma Jornada Acad\u00eamica Ultrarr\u00e1pida<\/h3>\n\n\n\n<p class=\"wp-block-paragraph\">\u200bLaurent Simons demonstrou sua intelig\u00eancia extraordin\u00e1ria desde cedo. Sua trajet\u00f3ria acad\u00eamica \u00e9 marcada pela velocidade impressionante:<\/p>\n\n\n\n<ul class=\"wp-block-list\">\n<li>\u200b<strong>In\u00edcio e Fim do Fundamental:<\/strong> Come\u00e7ou o ensino fundamental com apenas 4 anos de idade e o concluiu em dois anos, aos 6.<\/li>\n\n\n\n<li>\u200b<strong>Ensino M\u00e9dio:<\/strong> Finalizou a educa\u00e7\u00e3o secund\u00e1ria aos 8 anos.<\/li>\n\n\n\n<li>\u200b<strong>Mestrado:<\/strong> Aos 12 anos, j\u00e1 possu\u00eda um mestrado em f\u00edsica qu\u00e2ntica, dedicando-se a pesquisas complexas sobre b\u00f3sons e buracos negros.<\/li>\n\n\n\n<li>\u200b<strong>Doutorado:<\/strong> Recentemente, aos 15 anos, defendeu sua tese na Universidade da Antu\u00e9rpia, dominando equa\u00e7\u00f5es avan\u00e7adas, incluindo ferramentas utilizadas por institui\u00e7\u00f5es como NASA, CERN e MIT.<\/li>\n<\/ul>\n\n\n\n<p class=\"wp-block-paragraph\">\u200bSegundo especialistas, Laurent seria o mais jovem do mundo a terminar um doutorado nesse campo, redefinindo o limite da intelig\u00eancia humana.<\/p>\n\n\n\n<h3 class=\"wp-block-heading\">\u200bO Pr\u00f3ximo N\u00edvel: Imortalidade e Ci\u00eancia M\u00e9dica<\/h3>\n\n\n\n<p class=\"wp-block-paragraph\">\u200bCom o doutorado em m\u00e3os, Laurent n\u00e3o demonstra inten\u00e7\u00e3o de desacelerar. Ele j\u00e1 est\u00e1 envolvido em um <strong>segundo doutorado, desta vez em ci\u00eancias m\u00e9dicas em Munique<\/strong>, sinalizando uma mudan\u00e7a de foco para aplicar seus conhecimentos da f\u00edsica qu\u00e2ntica.<\/p>\n\n\n\n<p class=\"wp-block-paragraph\">\u200bO objetivo de Laurent \u00e9 claro e surpreendente: <strong>alcan\u00e7ar a imortalidade<\/strong> e <strong>&#8220;criar super-humanos&#8221;<\/strong>.<\/p>\n\n\n\n<blockquote class=\"wp-block-quote is-layout-flow wp-block-quote-is-layout-flow\">\n<p class=\"wp-block-paragraph\">\u200b&#8221;A imortalidade \u00e9 o meu objetivo. Quero ser capaz de substituir o m\u00e1ximo poss\u00edvel de partes do corpo por pe\u00e7as mec\u00e2nicas. A f\u00edsica qu\u00e2ntica \u2014 o estudo das part\u00edculas mais pequenas \u2014 \u00e9 a primeira pe\u00e7a do quebra-cabe\u00e7a,&#8221; afirmou o jovem em entrevistas.<\/p>\n<\/blockquote>\n\n\n\n<p class=\"wp-block-paragraph\">\u200bMotivado pela perda dos av\u00f3s, Laurent busca desenvolver <strong>\u00f3rg\u00e3os artificiais e tecnologias<\/strong> que possam prolongar a vida, colocando o avan\u00e7o m\u00e9dico acima de ganhos financeiros imediatos. Seus pr\u00f3ximos passos devem focar no desenvolvimento de <strong>chips qu\u00e2nticos ultracompactos<\/strong> e <strong>novos materiais<\/strong>, que podem ser cruciais para sua vis\u00e3o de inova\u00e7\u00e3o eletr\u00f4nica e biol\u00f3gica.<\/p>\n\n\n\n<p class=\"wp-block-paragraph\">\u200bA hist\u00f3ria de Laurent Simons n\u00e3o \u00e9 apenas sobre recordes de idade, mas sobre o potencial da mente humana e a import\u00e2ncia de um sistema educacional que apoie e oriente talentos \u00fanicos, enquanto o mundo aguarda ansiosamente pelas descobertas que este jovem g\u00eanio poder\u00e1 liderar.<\/p>\n","protected":false},"excerpt":{"rendered":"<p>O prod\u00edgio belga Laurent Simons, apelidado carinhosamente de &#8216;Pequeno Einstein da B\u00e9lgica&#8217;, reafirmou seu status de g\u00eanio ao concluir o doutorado em f\u00edsica qu\u00e2ntica aos [&#8230;]<\/p>\n","protected":false},"author":1,"featured_media":264,"comment_status":"open","ping_status":"open","sticky":false,"template":"","format":"standard","meta":{"_crdt_document":"","_jetpack_memberships_contains_paid_content":false,"footnotes":"","jetpack_publicize_message":"","jetpack_publicize_feature_enabled":true,"jetpack_social_post_already_shared":false,"jetpack_social_options":{"image_generator_settings":{"template":"highway","default_image_id":0,"font":"","enabled":false},"version":2}},"categories":[15],"tags":[],"class_list":["post-263","post","type-post","status-publish","format-standard","has-post-thumbnail","hentry","category-internacional"],"jetpack_publicize_connections":[],"jetpack_featured_media_url":"https:\/\/i0.wp.com\/oexpressobr.com.br\/wp-content\/uploads\/2025\/12\/IMG-20251202-WA0203.jpg?fit=900%2C506&ssl=1","jetpack_likes_enabled":true,"jetpack_sharing_enabled":true,"_links":{"self":[{"href":"https:\/\/oexpressobr.com.br\/index.php?rest_route=\/wp\/v2\/posts\/263","targetHints":{"allow":["GET"]}}],"collection":[{"href":"https:\/\/oexpressobr.com.br\/index.php?rest_route=\/wp\/v2\/posts"}],"about":[{"href":"https:\/\/oexpressobr.com.br\/index.php?rest_route=\/wp\/v2\/types\/post"}],"author":[{"embeddable":true,"href":"https:\/\/oexpressobr.com.br\/index.php?rest_route=\/wp\/v2\/users\/1"}],"replies":[{"embeddable":true,"href":"https:\/\/oexpressobr.com.br\/index.php?rest_route=%2Fwp%2Fv2%2Fcomments&post=263"}],"version-history":[{"count":0,"href":"https:\/\/oexpressobr.com.br\/index.php?rest_route=\/wp\/v2\/posts\/263\/revisions"}],"wp:featuredmedia":[{"embeddable":true,"href":"https:\/\/oexpressobr.com.br\/index.php?rest_route=\/wp\/v2\/media\/264"}],"wp:attachment":[{"href":"https:\/\/oexpressobr.com.br\/index.php?rest_route=%2Fwp%2Fv2%2Fmedia&parent=263"}],"wp:term":[{"taxonomy":"category","embeddable":true,"href":"https:\/\/oexpressobr.com.br\/index.php?rest_route=%2Fwp%2Fv2%2Fcategories&post=263"},{"taxonomy":"post_tag","embeddable":true,"href":"https:\/\/oexpressobr.com.br\/index.php?rest_route=%2Fwp%2Fv2%2Ftags&post=263"}],"curies":[{"name":"wp","href":"https:\/\/api.w.org\/{rel}","templated":true}]}}