{"id":2636,"date":"2026-01-26T15:01:52","date_gmt":"2026-01-26T18:01:52","guid":{"rendered":"https:\/\/oexpressobr.com.br\/?p=2636"},"modified":"2026-01-26T15:01:56","modified_gmt":"2026-01-26T18:01:56","slug":"fundadores-da-decora-escalam-vaas-em-florianopolis-apos-nova-rodada-de-r-20-milhoes","status":"publish","type":"post","link":"https:\/\/oexpressobr.com.br\/?p=2636","title":{"rendered":"Fundadores da Decora escalam VAAS em Florian\u00f3polis ap\u00f3s nova rodada de R$ 20 milh\u00f5es"},"content":{"rendered":"\n<p class=\"wp-block-paragraph\">O ecossistema de tecnologia de Santa Catarina ganha um novo cap\u00edtulo de peso protagonizado por rostos j\u00e1 conhecidos do mercado. Ap\u00f3s a venda hist\u00f3rica da <strong>Decora<\/strong> para a gigante americana CreativeDrive (posteriormente adquirida pela Accenture) por <strong>US$ 100 milh\u00f5es<\/strong> em 2018, os empreendedores <strong>Gustavo Tremel<\/strong>, <strong>Paulo Orione<\/strong> e <strong>Daniel Smolenaars<\/strong> est\u00e3o agora acelerando a <strong>VAAS<\/strong>, uma startup focada em gest\u00e3o inteligente de risco e compliance que promete revolucionar a seguran\u00e7a transacional.<\/p>\n\n\n\n<p class=\"wp-block-paragraph\">\u200bRecentemente, a empresa consolidou sua trajet\u00f3ria de crescimento com uma rodada de investimento <strong>Seed de R$ 20 milh\u00f5es<\/strong>, liderada pela gestora <strong>Headline<\/strong> (do investidor Romero Rodrigues) e com participa\u00e7\u00e3o dos fundos <strong>ABSeed<\/strong> e <strong>Honey Island Capital<\/strong>. O aporte ocorre em um momento em que a VAAS apresenta n\u00fameros expressivos: a startup registrou um crescimento de <strong>900% no faturamento<\/strong> entre 2024 e 2025, saltando de R$ 500 mil para cerca de R$ 4,5 milh\u00f5es.<\/p>\n\n\n\n<h3 class=\"wp-block-heading\">\u200bIntelig\u00eancia artificial e foco no mercado B2B<\/h3>\n\n\n\n<p class=\"wp-block-paragraph\">\u200bDiferente da Decora, que atuava com modelagem 3D para varejo, a VAAS mergulha no setor de ciberseguran\u00e7a e compliance. A plataforma utiliza <strong>Agentes de Intelig\u00eancia Artificial<\/strong> para interpretar normas regulat\u00f3rias e identificar padr\u00f5es de fraude em tempo real, reduzindo o tempo de revis\u00e3o de transa\u00e7\u00f5es \u2014 que em processos manuais pode levar 15 minutos \u2014 para apenas <strong>30 segundos<\/strong>.<\/p>\n\n\n\n<p class=\"wp-block-paragraph\">\u200bSegundo Gustavo Tremel, CEO da VAAS, a meta \u00e9 transformar o compliance, antes visto apenas como custo, em um diferencial competitivo. &#8220;O foco \u00e9 alavancar a IA para sugerir decis\u00f5es antes mesmo que o analista perceba o risco&#8221;, destaca o executivo. A solu\u00e7\u00e3o j\u00e1 atraiu mais de 30 clientes de peso, incluindo nomes como <strong>MadeiraMadeira<\/strong>, <strong>Elytron<\/strong> e <strong>Concredito<\/strong>, expandindo sua atua\u00e7\u00e3o do setor financeiro para \u00e1reas de energia, seguros e tecnologia.<\/p>\n\n\n\n<h3 class=\"wp-block-heading\">\u200bExpans\u00e3o e nova sede<\/h3>\n\n\n\n<p class=\"wp-block-paragraph\">\u200bA escalada da startup tamb\u00e9m se reflete na estrutura f\u00edsica e de pessoal. A equipe triplicou de tamanho recentemente, passando de 20 para <strong>60 colaboradores<\/strong>, e a empresa investiu em uma nova sede em Florian\u00f3polis para suportar a opera\u00e7\u00e3o.<\/p>\n\n\n\n<p class=\"wp-block-paragraph\">\u200bPara 2026, as proje\u00e7\u00f5es s\u00e3o ainda mais ambiciosas. Com contratos que j\u00e1 asseguram parte da receita futura, a VAAS projeta alcan\u00e7ar um faturamento de <strong>R$ 24 milh\u00f5es<\/strong>. O plano inclui n\u00e3o apenas a consolida\u00e7\u00e3o no mercado brasileiro, que serve como um &#8220;laborat\u00f3rio regulat\u00f3rio&#8221;, mas tamb\u00e9m a expans\u00e3o para mercados na <strong>Am\u00e9rica Latina e Europa<\/strong>, aproveitando o know-how de internacionaliza\u00e7\u00e3o que o trio de fundadores acumulou em sua jornada anterior.<\/p>\n","protected":false},"excerpt":{"rendered":"<p>O ecossistema de tecnologia de Santa Catarina ganha um novo cap\u00edtulo de peso protagonizado por rostos j\u00e1 conhecidos do mercado. Ap\u00f3s a venda hist\u00f3rica da [&#8230;]<\/p>\n","protected":false},"author":1,"featured_media":2637,"comment_status":"open","ping_status":"open","sticky":false,"template":"","format":"standard","meta":{"_crdt_document":"","_jetpack_memberships_contains_paid_content":false,"footnotes":"","jetpack_publicize_message":"","jetpack_publicize_feature_enabled":true,"jetpack_social_post_already_shared":true,"jetpack_social_options":{"image_generator_settings":{"template":"highway","default_image_id":0,"font":"","enabled":false},"version":2}},"categories":[10],"tags":[],"class_list":["post-2636","post","type-post","status-publish","format-standard","has-post-thumbnail","hentry","category-economia"],"jetpack_publicize_connections":[],"jetpack_featured_media_url":"https:\/\/i0.wp.com\/oexpressobr.com.br\/wp-content\/uploads\/2026\/01\/IMG-20260126-WA0268.jpg?fit=750%2C488&ssl=1","jetpack_likes_enabled":true,"jetpack_sharing_enabled":true,"_links":{"self":[{"href":"https:\/\/oexpressobr.com.br\/index.php?rest_route=\/wp\/v2\/posts\/2636","targetHints":{"allow":["GET"]}}],"collection":[{"href":"https:\/\/oexpressobr.com.br\/index.php?rest_route=\/wp\/v2\/posts"}],"about":[{"href":"https:\/\/oexpressobr.com.br\/index.php?rest_route=\/wp\/v2\/types\/post"}],"author":[{"embeddable":true,"href":"https:\/\/oexpressobr.com.br\/index.php?rest_route=\/wp\/v2\/users\/1"}],"replies":[{"embeddable":true,"href":"https:\/\/oexpressobr.com.br\/index.php?rest_route=%2Fwp%2Fv2%2Fcomments&post=2636"}],"version-history":[{"count":1,"href":"https:\/\/oexpressobr.com.br\/index.php?rest_route=\/wp\/v2\/posts\/2636\/revisions"}],"predecessor-version":[{"id":2638,"href":"https:\/\/oexpressobr.com.br\/index.php?rest_route=\/wp\/v2\/posts\/2636\/revisions\/2638"}],"wp:featuredmedia":[{"embeddable":true,"href":"https:\/\/oexpressobr.com.br\/index.php?rest_route=\/wp\/v2\/media\/2637"}],"wp:attachment":[{"href":"https:\/\/oexpressobr.com.br\/index.php?rest_route=%2Fwp%2Fv2%2Fmedia&parent=2636"}],"wp:term":[{"taxonomy":"category","embeddable":true,"href":"https:\/\/oexpressobr.com.br\/index.php?rest_route=%2Fwp%2Fv2%2Fcategories&post=2636"},{"taxonomy":"post_tag","embeddable":true,"href":"https:\/\/oexpressobr.com.br\/index.php?rest_route=%2Fwp%2Fv2%2Ftags&post=2636"}],"curies":[{"name":"wp","href":"https:\/\/api.w.org\/{rel}","templated":true}]}}