{"id":2639,"date":"2026-01-26T15:06:53","date_gmt":"2026-01-26T18:06:53","guid":{"rendered":"https:\/\/oexpressobr.com.br\/?p=2639"},"modified":"2026-01-26T15:06:55","modified_gmt":"2026-01-26T18:06:55","slug":"carioca-tais-baptista-conquista-monique-evelle-no-shark-tank-e-expande-a-preta-porter","status":"publish","type":"post","link":"https:\/\/oexpressobr.com.br\/?p=2639","title":{"rendered":"Carioca Tais Baptista conquista Monique Evelle no Shark Tank e expande a Preta Porter"},"content":{"rendered":"\n<p class=\"wp-block-paragraph\">\u200bA trajet\u00f3ria de Tais Baptista, fundadora da <strong>Preta Porter<\/strong>, \u00e9 a prova de que o empreendedorismo perif\u00e9rico, quando aliado \u00e0 tecnologia e prop\u00f3sito, quebra barreiras geogr\u00e1ficas e sociais. Nascida em Santa Cruz, na zona oeste do Rio de Janeiro, a empres\u00e1ria emocionou e convenceu os investidores do <em>Shark Tank Brasil<\/em>, fechando um aporte estrat\u00e9gico de <strong>R$ 200 mil<\/strong> com a investidora <strong>Monique Evelle<\/strong>, que adquiriu 35% de participa\u00e7\u00e3o no neg\u00f3cio.<\/p>\n\n\n\n<h3 class=\"wp-block-heading\">\u200bDo interc\u00e2mbio na Fran\u00e7a ao mercado de beleza<\/h3>\n\n\n\n<p class=\"wp-block-paragraph\">\u200bA ideia da Preta Porter n\u00e3o surgiu por acaso. Filha de uma empregada dom\u00e9stica e graduada em Letras, Tais sempre viu na comunica\u00e7\u00e3o uma ferramenta de poder. Durante um interc\u00e2mbio em Nice, na Fran\u00e7a \u2014 viabilizado por uma &#8220;vaquinha&#8221; entre amigos \u2014, ela percebeu o abismo tecnol\u00f3gico entre o mercado de cosm\u00e9ticos europeu e a oferta de produtos para peles e cabelos negros no Brasil.<\/p>\n\n\n\n<p class=\"wp-block-paragraph\">\u200bAo retornar, enquanto atuava como professora na rede municipal, Tais come\u00e7ou a revender maquiagens focadas em diversidade. O que era um complemento de renda transformou-se em uma startup de cosm\u00e9ticos de alta performance, focada em formula\u00e7\u00f5es que respeitam a fisiologia da mulher negra.<\/p>\n\n\n\n<h3 class=\"wp-block-heading\">\u200bO investimento e os pr\u00f3ximos passos<\/h3>\n\n\n\n<p class=\"wp-block-paragraph\">\u200bO aporte de R$ 200 mil chega em um momento crucial de expans\u00e3o. De acordo com as atualiza\u00e7\u00f5es mais recentes sobre o neg\u00f3cio, o capital ser\u00e1 destinado a tr\u00eas pilares principais:<\/p>\n\n\n\n<ol class=\"wp-block-list\">\n<li>\u200b<strong>Expans\u00e3o do portf\u00f3lio:<\/strong> Desenvolvimento de novas f\u00f3rmulas com tecnologia de ponta para cuidados corporais e capilares.<\/li>\n\n\n\n<li>\u200b<strong>Rede de revendedoras:<\/strong> Fortalecimento da comunidade de mulheres que levam os produtos at\u00e9 as consumidoras finais, gerando renda na ponta da cadeia.<\/li>\n\n\n\n<li>\u200b<strong>Distribui\u00e7\u00e3o estrat\u00e9gica:<\/strong> Amplia\u00e7\u00e3o dos canais de venda, visando colocar a marca em grandes redes de varejo e fortalecer o e-commerce.<\/li>\n<\/ol>\n\n\n\n<h3 class=\"wp-block-heading\">\u200bPresen\u00e7a no ecossistema de inova\u00e7\u00e3o<\/h3>\n\n\n\n<p class=\"wp-block-paragraph\">\u200bAl\u00e9m do sucesso no reality show, Tais Baptista tem consolidado sua imagem como lideran\u00e7a no setor. Recentemente, a empres\u00e1ria participou de encontros liter\u00e1rios e de inova\u00e7\u00e3o, como na sede da <strong>Educafro<\/strong> e no <strong>Cubo Ita\u00fa<\/strong>, onde atua por meio da <em>Gand Startups<\/em>, iniciativa voltada para diversidade e inclus\u00e3o.<\/p>\n\n\n\n<p class=\"wp-block-paragraph\">\u200bPara Monique Evelle, o investimento na Preta Porter vai al\u00e9m do retorno financeiro; trata-se de apoiar um neg\u00f3cio que j\u00e1 nasce com valida\u00e7\u00e3o de mercado e uma conex\u00e3o profunda com sua base de clientes. Como define a pr\u00f3pria Tais: <em>&#8220;A prontid\u00e3o n\u00e3o vem antes do primeiro passo, nasce no caminho&#8221;<\/em>. Hoje, esse caminho aponta para a consolida\u00e7\u00e3o da Preta Porter como uma das principais refer\u00eancias em beleza inclusiva no Brasil.<\/p>\n","protected":false},"excerpt":{"rendered":"<p>\u200bA trajet\u00f3ria de Tais Baptista, fundadora da Preta Porter, \u00e9 a prova de que o empreendedorismo perif\u00e9rico, quando aliado \u00e0 tecnologia e prop\u00f3sito, quebra barreiras [&#8230;]<\/p>\n","protected":false},"author":1,"featured_media":2640,"comment_status":"open","ping_status":"open","sticky":false,"template":"","format":"standard","meta":{"_crdt_document":"","_jetpack_memberships_contains_paid_content":false,"footnotes":"","jetpack_publicize_message":"","jetpack_publicize_feature_enabled":true,"jetpack_social_post_already_shared":true,"jetpack_social_options":{"image_generator_settings":{"template":"highway","default_image_id":0,"font":"","enabled":false},"version":2}},"categories":[10],"tags":[],"class_list":["post-2639","post","type-post","status-publish","format-standard","has-post-thumbnail","hentry","category-economia"],"jetpack_publicize_connections":[],"jetpack_featured_media_url":"https:\/\/i0.wp.com\/oexpressobr.com.br\/wp-content\/uploads\/2026\/01\/IMG-20260126-WA0271.jpg?fit=750%2C500&ssl=1","jetpack_likes_enabled":true,"jetpack_sharing_enabled":true,"_links":{"self":[{"href":"https:\/\/oexpressobr.com.br\/index.php?rest_route=\/wp\/v2\/posts\/2639","targetHints":{"allow":["GET"]}}],"collection":[{"href":"https:\/\/oexpressobr.com.br\/index.php?rest_route=\/wp\/v2\/posts"}],"about":[{"href":"https:\/\/oexpressobr.com.br\/index.php?rest_route=\/wp\/v2\/types\/post"}],"author":[{"embeddable":true,"href":"https:\/\/oexpressobr.com.br\/index.php?rest_route=\/wp\/v2\/users\/1"}],"replies":[{"embeddable":true,"href":"https:\/\/oexpressobr.com.br\/index.php?rest_route=%2Fwp%2Fv2%2Fcomments&post=2639"}],"version-history":[{"count":1,"href":"https:\/\/oexpressobr.com.br\/index.php?rest_route=\/wp\/v2\/posts\/2639\/revisions"}],"predecessor-version":[{"id":2641,"href":"https:\/\/oexpressobr.com.br\/index.php?rest_route=\/wp\/v2\/posts\/2639\/revisions\/2641"}],"wp:featuredmedia":[{"embeddable":true,"href":"https:\/\/oexpressobr.com.br\/index.php?rest_route=\/wp\/v2\/media\/2640"}],"wp:attachment":[{"href":"https:\/\/oexpressobr.com.br\/index.php?rest_route=%2Fwp%2Fv2%2Fmedia&parent=2639"}],"wp:term":[{"taxonomy":"category","embeddable":true,"href":"https:\/\/oexpressobr.com.br\/index.php?rest_route=%2Fwp%2Fv2%2Fcategories&post=2639"},{"taxonomy":"post_tag","embeddable":true,"href":"https:\/\/oexpressobr.com.br\/index.php?rest_route=%2Fwp%2Fv2%2Ftags&post=2639"}],"curies":[{"name":"wp","href":"https:\/\/api.w.org\/{rel}","templated":true}]}}