{"id":2642,"date":"2026-01-26T15:12:03","date_gmt":"2026-01-26T18:12:03","guid":{"rendered":"https:\/\/oexpressobr.com.br\/?p=2642"},"modified":"2026-01-26T15:12:04","modified_gmt":"2026-01-26T18:12:04","slug":"agentes-federais-matam-enfermeiro-alex-pretti-em-protesto-contra-o-ice-em-minneapolis","status":"publish","type":"post","link":"https:\/\/oexpressobr.com.br\/?p=2642","title":{"rendered":"Agentes federais matam enfermeiro Alex Pretti em protesto contra o ICE em Minneapolis"},"content":{"rendered":"\n<p class=\"wp-block-paragraph\">A cidade de Minneapolis, nos Estados Unidos, vive uma escalada de tens\u00e3o ap\u00f3s a morte de Alex Pretti, um enfermeiro de cuidados intensivos de 37 anos, baleado por agentes federais durante um protesto no \u00faltimo s\u00e1bado (24). O incidente ocorre apenas tr\u00eas semanas ap\u00f3s a morte de Renee Good, outra cidad\u00e3 americana, tamb\u00e9m pelas m\u00e3os de agentes do Servi\u00e7o de Imigra\u00e7\u00e3o e Alf\u00e2ndega (ICE), transformando a regi\u00e3o em um epicentro de cr\u00edticas \u00e0 gest\u00e3o de seguran\u00e7a e imigra\u00e7\u00e3o do governo Donald Trump.<\/p>\n\n\n\n<h3 class=\"wp-block-heading\">\u200bQuem era Alex Pretti<\/h3>\n\n\n\n<p class=\"wp-block-paragraph\">\u200bDescrito por colegas e familiares como um homem &#8220;calmo, gentil e dedicado&#8221;, Pretti trabalhava na Unidade de Terapia Intensiva (UTI) do Hospital de Assuntos de Veteranos (VA) em Minneapolis, cuidando de ex-militares em estado cr\u00edtico. Amante de <em>mountain bike<\/em> e da natureza, ele n\u00e3o tinha antecedentes criminais.<\/p>\n\n\n\n<p class=\"wp-block-paragraph\">\u200bSegundo seu pai, Michael Pretti, o enfermeiro sentia que protestar era uma forma de expressar sua compaix\u00e3o pelos outros. Ele havia se juntado \u00e0s manifesta\u00e7\u00f5es motivado pelo choque com a morte de Renee Good, ocorrida em 7 de janeiro.<\/p>\n\n\n\n<h3 class=\"wp-block-heading\">\u200bVers\u00f5es conflitantes e v\u00eddeos<\/h3>\n\n\n\n<p class=\"wp-block-paragraph\">\u200bA morte de Pretti gerou uma imediata batalha de narrativas:<\/p>\n\n\n\n<ul class=\"wp-block-list\">\n<li>\u200b<strong>Vers\u00e3o Oficial:<\/strong> O Departamento de Seguran\u00e7a Interna (DHS) afirma que Pretti se aproximou de agentes da Patrulha de Fronteira portando uma pistola semiautom\u00e1tica de 9 mm e que os oficiais agiram em leg\u00edtima defesa ao serem amea\u00e7ados.<\/li>\n\n\n\n<li>\u200b<strong>Contraponto:<\/strong> Testemunhas e v\u00eddeos analisados por ve\u00edculos como o <em>The New York Times<\/em> e <em>Reuters<\/em> mostram uma cena diferente. As imagens sugerem que Pretti estava filmando a a\u00e7\u00e3o com o celular e tentava proteger uma mulher que recebia spray de pimenta quando foi derrubado por sete agentes. Relatos indicam que ele foi baleado \u00e0 queima-roupa \u2014 recebendo cerca de dez disparos \u2014 mesmo ap\u00f3s estar imobilizado no ch\u00e3o.<\/li>\n<\/ul>\n\n\n\n<p class=\"wp-block-paragraph\">\u200bO chefe de pol\u00edcia de Minneapolis, Brian O&#8217;Hara, confirmou que Pretti tinha porte de arma legal (permitido no estado de Minnesota), mas v\u00eddeos mostram agentes revistando seu corpo logo ap\u00f3s os tiros e perguntando desesperadamente: &#8220;Onde est\u00e1 a p***a da arma?&#8221;.<\/p>\n\n\n\n<h3 class=\"wp-block-heading\">\u200bO estopim: O caso Renee Good<\/h3>\n\n\n\n<p class=\"wp-block-paragraph\">\u200bA revolta que levou Pretti \u00e0s ruas come\u00e7ou com a morte de <strong>Renee Nicole Good<\/strong>, de 37 anos, uma poeta e m\u00e3e de tr\u00eas filhos. Em 7 de janeiro, ela foi morta pelo agente Jonathan Ross enquanto estava dentro de seu carro. O governo alegou que ela tentou atropelar os agentes, chamando-a de &#8220;terrorista dom\u00e9stica&#8221;. No entanto, v\u00eddeos de transeuntes mostraram que Good estava manobrando para longe dos oficiais quando foi atingida por tr\u00eas tiros.<\/p>\n\n\n\n<h3 class=\"wp-block-heading\">\u200bRea\u00e7\u00e3o pol\u00edtica e social<\/h3>\n\n\n\n<p class=\"wp-block-paragraph\">\u200bO governador de Minnesota, Tim Walz, e o prefeito Jacob Frey exigiram a retirada imediata das for\u00e7as federais da cidade, classificando a opera\u00e7\u00e3o como &#8220;doentia&#8221; e &#8220;desastrosa&#8221;. A congressista Ilhan Omar chamou a morte de Pretti de &#8220;execu\u00e7\u00e3o&#8221;.<\/p>\n\n\n\n<p class=\"wp-block-paragraph\">\u200bEnquanto vig\u00edlias e novos protestos se espalham por Minneapolis sob temperaturas congelantes, a Casa Branca sustenta o apoio aos agentes, alegando que est\u00e3o combatendo o &#8220;caos da esquerda radical&#8221;. O caso agora aguarda investiga\u00e7\u00f5es que, segundo autoridades locais, est\u00e3o sendo dificultadas pela falta de coopera\u00e7\u00e3o das ag\u00eancias federais com a pol\u00edcia civil.<\/p>\n","protected":false},"excerpt":{"rendered":"<p>A cidade de Minneapolis, nos Estados Unidos, vive uma escalada de tens\u00e3o ap\u00f3s a morte de Alex Pretti, um enfermeiro de cuidados intensivos de 37 [&#8230;]<\/p>\n","protected":false},"author":1,"featured_media":2643,"comment_status":"open","ping_status":"open","sticky":false,"template":"","format":"standard","meta":{"_crdt_document":"","_jetpack_memberships_contains_paid_content":false,"footnotes":"","jetpack_publicize_message":"","jetpack_publicize_feature_enabled":true,"jetpack_social_post_already_shared":true,"jetpack_social_options":{"image_generator_settings":{"template":"highway","default_image_id":0,"font":"","enabled":false},"version":2}},"categories":[3],"tags":[],"class_list":["post-2642","post","type-post","status-publish","format-standard","has-post-thumbnail","hentry","category-brasil"],"jetpack_publicize_connections":[],"jetpack_featured_media_url":"https:\/\/i0.wp.com\/oexpressobr.com.br\/wp-content\/uploads\/2026\/01\/4cc586e0-f9d1-11f0-b5f7-49f0357294ff.jpg.webp?fit=800%2C450&ssl=1","jetpack_likes_enabled":true,"jetpack_sharing_enabled":true,"_links":{"self":[{"href":"https:\/\/oexpressobr.com.br\/index.php?rest_route=\/wp\/v2\/posts\/2642","targetHints":{"allow":["GET"]}}],"collection":[{"href":"https:\/\/oexpressobr.com.br\/index.php?rest_route=\/wp\/v2\/posts"}],"about":[{"href":"https:\/\/oexpressobr.com.br\/index.php?rest_route=\/wp\/v2\/types\/post"}],"author":[{"embeddable":true,"href":"https:\/\/oexpressobr.com.br\/index.php?rest_route=\/wp\/v2\/users\/1"}],"replies":[{"embeddable":true,"href":"https:\/\/oexpressobr.com.br\/index.php?rest_route=%2Fwp%2Fv2%2Fcomments&post=2642"}],"version-history":[{"count":1,"href":"https:\/\/oexpressobr.com.br\/index.php?rest_route=\/wp\/v2\/posts\/2642\/revisions"}],"predecessor-version":[{"id":2644,"href":"https:\/\/oexpressobr.com.br\/index.php?rest_route=\/wp\/v2\/posts\/2642\/revisions\/2644"}],"wp:featuredmedia":[{"embeddable":true,"href":"https:\/\/oexpressobr.com.br\/index.php?rest_route=\/wp\/v2\/media\/2643"}],"wp:attachment":[{"href":"https:\/\/oexpressobr.com.br\/index.php?rest_route=%2Fwp%2Fv2%2Fmedia&parent=2642"}],"wp:term":[{"taxonomy":"category","embeddable":true,"href":"https:\/\/oexpressobr.com.br\/index.php?rest_route=%2Fwp%2Fv2%2Fcategories&post=2642"},{"taxonomy":"post_tag","embeddable":true,"href":"https:\/\/oexpressobr.com.br\/index.php?rest_route=%2Fwp%2Fv2%2Ftags&post=2642"}],"curies":[{"name":"wp","href":"https:\/\/api.w.org\/{rel}","templated":true}]}}