{"id":2648,"date":"2026-01-27T03:57:19","date_gmt":"2026-01-27T06:57:19","guid":{"rendered":"https:\/\/oexpressobr.com.br\/?p=2648"},"modified":"2026-01-27T03:57:19","modified_gmt":"2026-01-27T06:57:19","slug":"filha-e-genro-condenados-pela-morte-do-casal-tafner-sao-presos-em-foz-do-iguacu","status":"publish","type":"post","link":"https:\/\/oexpressobr.com.br\/?p=2648","title":{"rendered":"Filha e genro condenados pela morte do casal Tafner s\u00e3o presos em Foz do Igua\u00e7u"},"content":{"rendered":"\n<p class=\"wp-block-paragraph\">Em uma opera\u00e7\u00e3o conjunta entre as pol\u00edcias civis do Paran\u00e1 e de S\u00e3o Paulo, Roberta Nogueira Tafner de Sousa, de 42 anos, e seu marido, Willians de Sousa, de 46, foram presos nesta segunda-feira (26) na regi\u00e3o de fronteira, em Foz do Igua\u00e7u. O casal, que estava foragido, foi condenado pelo assassinato brutal dos pais de Roberta, ocorrido em 2010, em Santana de Parna\u00edba, na Grande S\u00e3o Paulo.<\/p>\n\n\n\n<p class=\"wp-block-paragraph\">\u200bO crime, motivado por uma disputa por uma heran\u00e7a estimada em R$ 60 milh\u00f5es, chocou o pa\u00eds pela crueldade. As v\u00edtimas, a advogada Tereza Maria do Carmo Nogueira Cobra (60) e o empres\u00e1rio Wilson Roberto Tafner (64), foram mortos a facadas dentro de sua pr\u00f3pria resid\u00eancia em um condom\u00ednio de luxo.<\/p>\n\n\n\n<h3 class=\"wp-block-heading\">\u200bO desfecho de uma fuga<\/h3>\n\n\n\n<p class=\"wp-block-paragraph\">\u200bA deten\u00e7\u00e3o ocorreu atrav\u00e9s do Grupo de Dilig\u00eancias Especiais (GDE) da 6\u00aa Subdivis\u00e3o Policial de Foz do Igua\u00e7u. Ap\u00f3s a formaliza\u00e7\u00e3o da pris\u00e3o, Roberta e Willians foram encaminhados \u00e0 Cadeia P\u00fablica Laudemir Neves, onde aguardam a transfer\u00eancia para o sistema prisional de S\u00e3o Paulo para o cumprimento das penas.<\/p>\n\n\n\n<p class=\"wp-block-paragraph\">\u200bEm agosto de 2023, o Tribunal do J\u00fari de Barueri (SP) havia sentenciado Roberta a 49 anos e nove meses de reclus\u00e3o, enquanto Willians recebeu uma pena de 42 anos e oito meses. Embora tivessem obtido o direito de recorrer em liberdade na \u00e9poca da senten\u00e7a, a situa\u00e7\u00e3o jur\u00eddica mudou com a expedi\u00e7\u00e3o de novos mandados de pris\u00e3o.<\/p>\n\n\n\n<h3 class=\"wp-block-heading\">\u200bRelembre o caso<\/h3>\n\n\n\n<p class=\"wp-block-paragraph\">\u200bO duplo homic\u00eddio aconteceu entre os dias 1\u00ba e 2 de outubro de 2010. Na ocasi\u00e3o, a per\u00edcia t\u00e9cnica descartou a hip\u00f3tese de latroc\u00ednio (roubo seguido de morte), pois nenhum objeto de valor foi levado da mans\u00e3o. O que chamou a aten\u00e7\u00e3o dos investigadores foram vest\u00edgios de sangue encontrados no im\u00f3vel do pr\u00f3prio casal de acusados, que morava ao lado das v\u00edtimas, e evid\u00eancias de que a cena do crime havia sido meticulosamente limpa para despistar a pol\u00edcia.<\/p>\n\n\n\n<p class=\"wp-block-paragraph\">\u200bA acusa\u00e7\u00e3o sustentou que o crime foi planejado por Roberta e executado por Willians com o objetivo de antecipar o recebimento da heran\u00e7a, que inclu\u00eda nove im\u00f3veis e seguros de vida. Um detalhe marcante do processo sucess\u00f3rio \u00e9 que, com a morte do \u00fanico irm\u00e3o de Roberta em 2020 devido \u00e0 Covid-19, ela se tornaria a \u00fanica herdeira caso n\u00e3o fosse condenada. Com a manuten\u00e7\u00e3o da senten\u00e7a, os bens dever\u00e3o ser destinados aos herdeiros do irm\u00e3o falecido.<\/p>\n\n\n\n<p class=\"wp-block-paragraph\">\u200bDurante todo o processo, o casal negou envolvimento no crime, alegando inoc\u00eancia e criticando a condu\u00e7\u00e3o das investiga\u00e7\u00f5es. Entretanto, as provas t\u00e9cnicas e os depoimentos colhidos ao longo de mais de uma d\u00e9cada foram cruciais para a condena\u00e7\u00e3o por homic\u00eddio triplamente qualificado (motivo torpe, meio cruel e recurso que dificultou a defesa das v\u00edtimas).<\/p>\n","protected":false},"excerpt":{"rendered":"<p>Em uma opera\u00e7\u00e3o conjunta entre as pol\u00edcias civis do Paran\u00e1 e de S\u00e3o Paulo, Roberta Nogueira Tafner de Sousa, de 42 anos, e seu marido, [&#8230;]<\/p>\n","protected":false},"author":1,"featured_media":2649,"comment_status":"open","ping_status":"open","sticky":false,"template":"","format":"standard","meta":{"_crdt_document":"","_jetpack_memberships_contains_paid_content":false,"footnotes":"","jetpack_publicize_message":"","jetpack_publicize_feature_enabled":true,"jetpack_social_post_already_shared":true,"jetpack_social_options":{"image_generator_settings":{"template":"highway","default_image_id":0,"font":"","enabled":false},"version":2}},"categories":[9],"tags":[],"class_list":["post-2648","post","type-post","status-publish","format-standard","has-post-thumbnail","hentry","category-policia"],"jetpack_publicize_connections":[],"jetpack_featured_media_url":"https:\/\/i0.wp.com\/oexpressobr.com.br\/wp-content\/uploads\/2026\/01\/casal-preso-foz.jpeg?fit=720%2C652&ssl=1","jetpack_likes_enabled":true,"jetpack_sharing_enabled":true,"_links":{"self":[{"href":"https:\/\/oexpressobr.com.br\/index.php?rest_route=\/wp\/v2\/posts\/2648","targetHints":{"allow":["GET"]}}],"collection":[{"href":"https:\/\/oexpressobr.com.br\/index.php?rest_route=\/wp\/v2\/posts"}],"about":[{"href":"https:\/\/oexpressobr.com.br\/index.php?rest_route=\/wp\/v2\/types\/post"}],"author":[{"embeddable":true,"href":"https:\/\/oexpressobr.com.br\/index.php?rest_route=\/wp\/v2\/users\/1"}],"replies":[{"embeddable":true,"href":"https:\/\/oexpressobr.com.br\/index.php?rest_route=%2Fwp%2Fv2%2Fcomments&post=2648"}],"version-history":[{"count":1,"href":"https:\/\/oexpressobr.com.br\/index.php?rest_route=\/wp\/v2\/posts\/2648\/revisions"}],"predecessor-version":[{"id":2650,"href":"https:\/\/oexpressobr.com.br\/index.php?rest_route=\/wp\/v2\/posts\/2648\/revisions\/2650"}],"wp:featuredmedia":[{"embeddable":true,"href":"https:\/\/oexpressobr.com.br\/index.php?rest_route=\/wp\/v2\/media\/2649"}],"wp:attachment":[{"href":"https:\/\/oexpressobr.com.br\/index.php?rest_route=%2Fwp%2Fv2%2Fmedia&parent=2648"}],"wp:term":[{"taxonomy":"category","embeddable":true,"href":"https:\/\/oexpressobr.com.br\/index.php?rest_route=%2Fwp%2Fv2%2Fcategories&post=2648"},{"taxonomy":"post_tag","embeddable":true,"href":"https:\/\/oexpressobr.com.br\/index.php?rest_route=%2Fwp%2Fv2%2Ftags&post=2648"}],"curies":[{"name":"wp","href":"https:\/\/api.w.org\/{rel}","templated":true}]}}