{"id":2651,"date":"2026-01-27T04:06:15","date_gmt":"2026-01-27T07:06:15","guid":{"rendered":"https:\/\/oexpressobr.com.br\/?p=2651"},"modified":"2026-01-27T04:06:16","modified_gmt":"2026-01-27T07:06:16","slug":"justica-mantem-condenacao-de-ex-prefeito-de-quedas-do-iguacu-por-fraude-em-licitacoes","status":"publish","type":"post","link":"https:\/\/oexpressobr.com.br\/?p=2651","title":{"rendered":"Justi\u00e7a mant\u00e9m condena\u00e7\u00e3o de ex-prefeito de Quedas do Igua\u00e7u por fraude em licita\u00e7\u00f5es"},"content":{"rendered":"\n<p class=\"wp-block-paragraph\">Justi\u00e7a mant\u00e9m condena\u00e7\u00e3o de ex-prefeito de Quedas do Igua\u00e7u por fraude em licita\u00e7\u00f5es<br>QUEDAS DO IGUA\u00c7U \u2013 O Tribunal de Justi\u00e7a do Paran\u00e1 (TJ-PR) ratificou a condena\u00e7\u00e3o de Edson Jucemar Hoffmann Prado, o &#8220;Jacar\u00e9&#8221;, ex-prefeito do munic\u00edpio, em uma a\u00e7\u00e3o civil p\u00fablica por improbidade administrativa. A decis\u00e3o \u00e9 fruto de uma investiga\u00e7\u00e3o iniciada pelo Minist\u00e9rio P\u00fablico do Paran\u00e1 (MPPR), impulsionada por den\u00fancias do vereador Rodolfo Revers.<br>O esquema do &#8220;fracionamento&#8221;<br>A condena\u00e7\u00e3o foca em irregularidades cometidas entre os anos de 2009 e 2012. Segundo os autos, a gest\u00e3o de Jacar\u00e9 teria realizado a compra de madeira para a manuten\u00e7\u00e3o de pontes rurais de forma fragmentada.<br>A estrat\u00e9gia consistia em dividir grandes compras em diversos contratos de valores reduzidos, sempre no limite m\u00e1ximo permitido para a modalidade &#8220;Carta-Convite&#8221;. Na pr\u00e1tica, isso evitava a necessidade de licita\u00e7\u00f5es mais amplas e rigorosas (como a Tomada de Pre\u00e7os), facilitando o direcionamento dos contratos para fornecedores espec\u00edficos.<\/p>\n\n\n\n<blockquote class=\"wp-block-quote is-layout-flow wp-block-quote-is-layout-flow\">\n<p class=\"wp-block-paragraph\">O que diz a Lei: O fracionamento de despesa \u00e9 considerado ilegal quando a administra\u00e7\u00e3o p\u00fablica divide uma compra planejada para evitar a modalidade de licita\u00e7\u00e3o obrigat\u00f3ria, ferindo os princ\u00edpios da competitividade e da transpar\u00eancia.<\/p>\n\n\n\n<p class=\"wp-block-paragraph\">Impactos e penalidades<br>Com a confirma\u00e7\u00e3o da senten\u00e7a pelo Tribunal, as penalidades aplicadas ao ex-prefeito refor\u00e7am o rigor do Judici\u00e1rio com o patrim\u00f4nio p\u00fablico. As san\u00e7\u00f5es geralmente incluem:<\/p>\n\n\n\n<ul class=\"wp-block-list\">\n<li>Suspens\u00e3o dos direitos pol\u00edticos.<\/li>\n\n\n\n<li>Pagamento de multa civil.<\/li>\n\n\n\n<li>Proibi\u00e7\u00e3o de contratar com o Poder P\u00fablico.<br>Embora a defesa tenha argumentado a inexist\u00eancia de dolo (inten\u00e7\u00e3o de lesar) ou preju\u00edzo efetivo ao er\u00e1rio, os desembargadores entenderam que a manobra para burlar a obrigatoriedade da licita\u00e7\u00e3o ampla \u00e9 suficiente para configurar o ato de improbidade.<br>Contexto local<br>A decis\u00e3o repercute fortemente na pol\u00edtica de Quedas do Igua\u00e7u. O vereador Rodolfo Revers, autor das den\u00fancias originais, pontuou que a manuten\u00e7\u00e3o da condena\u00e7\u00e3o valida o papel de fiscaliza\u00e7\u00e3o do Legislativo. J\u00e1 o grupo pol\u00edtico de Jacar\u00e9 ainda pode tentar recursos em inst\u00e2ncias superiores, como o STJ, embora as chances de revers\u00e3o do m\u00e9rito sejam consideradas baixas por especialistas jur\u00eddicos.<br>Gostaria que eu fizesse um levantamento sobre outros processos em andamento envolvendo a gest\u00e3o p\u00fablica de Quedas do Igua\u00e7u ou que eu redigisse uma nota oficial de resposta baseada nos argumentos da defesa?<\/li>\n<\/ul>\n<\/blockquote>\n\n\n\n<p class=\"wp-block-paragraph\"><\/p>\n","protected":false},"excerpt":{"rendered":"<p>Justi\u00e7a mant\u00e9m condena\u00e7\u00e3o de ex-prefeito de Quedas do Igua\u00e7u por fraude em licita\u00e7\u00f5esQUEDAS DO IGUA\u00c7U \u2013 O Tribunal de Justi\u00e7a do Paran\u00e1 (TJ-PR) ratificou a [&#8230;]<\/p>\n","protected":false},"author":1,"featured_media":2652,"comment_status":"open","ping_status":"open","sticky":false,"template":"","format":"standard","meta":{"_crdt_document":"","_jetpack_memberships_contains_paid_content":false,"footnotes":"","jetpack_publicize_message":"","jetpack_publicize_feature_enabled":true,"jetpack_social_post_already_shared":true,"jetpack_social_options":{"image_generator_settings":{"template":"highway","default_image_id":0,"font":"","enabled":false},"version":2}},"categories":[8],"tags":[],"class_list":["post-2651","post","type-post","status-publish","format-standard","has-post-thumbnail","hentry","category-judiciario"],"jetpack_publicize_connections":[],"jetpack_featured_media_url":"https:\/\/i0.wp.com\/oexpressobr.com.br\/wp-content\/uploads\/2026\/01\/FB_IMG_1769493088168.webp?fit=800%2C1069&ssl=1","jetpack_likes_enabled":true,"jetpack_sharing_enabled":true,"_links":{"self":[{"href":"https:\/\/oexpressobr.com.br\/index.php?rest_route=\/wp\/v2\/posts\/2651","targetHints":{"allow":["GET"]}}],"collection":[{"href":"https:\/\/oexpressobr.com.br\/index.php?rest_route=\/wp\/v2\/posts"}],"about":[{"href":"https:\/\/oexpressobr.com.br\/index.php?rest_route=\/wp\/v2\/types\/post"}],"author":[{"embeddable":true,"href":"https:\/\/oexpressobr.com.br\/index.php?rest_route=\/wp\/v2\/users\/1"}],"replies":[{"embeddable":true,"href":"https:\/\/oexpressobr.com.br\/index.php?rest_route=%2Fwp%2Fv2%2Fcomments&post=2651"}],"version-history":[{"count":1,"href":"https:\/\/oexpressobr.com.br\/index.php?rest_route=\/wp\/v2\/posts\/2651\/revisions"}],"predecessor-version":[{"id":2653,"href":"https:\/\/oexpressobr.com.br\/index.php?rest_route=\/wp\/v2\/posts\/2651\/revisions\/2653"}],"wp:featuredmedia":[{"embeddable":true,"href":"https:\/\/oexpressobr.com.br\/index.php?rest_route=\/wp\/v2\/media\/2652"}],"wp:attachment":[{"href":"https:\/\/oexpressobr.com.br\/index.php?rest_route=%2Fwp%2Fv2%2Fmedia&parent=2651"}],"wp:term":[{"taxonomy":"category","embeddable":true,"href":"https:\/\/oexpressobr.com.br\/index.php?rest_route=%2Fwp%2Fv2%2Fcategories&post=2651"},{"taxonomy":"post_tag","embeddable":true,"href":"https:\/\/oexpressobr.com.br\/index.php?rest_route=%2Fwp%2Fv2%2Ftags&post=2651"}],"curies":[{"name":"wp","href":"https:\/\/api.w.org\/{rel}","templated":true}]}}