{"id":2654,"date":"2026-01-27T04:20:01","date_gmt":"2026-01-27T07:20:01","guid":{"rendered":"https:\/\/oexpressobr.com.br\/?p=2654"},"modified":"2026-01-27T04:20:02","modified_gmt":"2026-01-27T07:20:02","slug":"mppr-fiscaliza-cumprimento-de-acordo-por-ex-prefeito-e-ex-secretario-de-palmital-por-uso-indevido-de-bens-publicos","status":"publish","type":"post","link":"https:\/\/oexpressobr.com.br\/?p=2654","title":{"rendered":"MPPR fiscaliza cumprimento de acordo por ex-prefeito e ex-secret\u00e1rio de Palmital por uso indevido de bens p\u00fablicos"},"content":{"rendered":"\n<p class=\"wp-block-paragraph\">O <strong>Minist\u00e9rio P\u00fablico do Estado do Paran\u00e1 (MPPR)<\/strong>, por interm\u00e9dio da Promotoria de Justi\u00e7a da Comarca de Palmital, oficializou na \u00faltima sexta-feira (23 de janeiro de 2026) a abertura de um procedimento administrativo para monitorar o ex-prefeito <strong>Valdenei de Souza<\/strong> e o ex-secret\u00e1rio rodovi\u00e1rio <strong>Jurandir Visentin<\/strong>.<\/p>\n\n\n\n<p class=\"wp-block-paragraph\">\u200bO foco da a\u00e7\u00e3o, conduzida pelo promotor <strong>Dr. Frederico Augusto Gomes<\/strong>, \u00e9 garantir que a dupla cumpra rigorosamente as cl\u00e1usulas do <strong>Acordo de N\u00e3o Persecu\u00e7\u00e3o Civil (ANPC n\u00ba 01\/2024)<\/strong>. O pacto foi firmado ap\u00f3s investiga\u00e7\u00f5es apontarem o uso irregular de maquin\u00e1rio, bens e servidores p\u00fablicos para fins particulares durante a gest\u00e3o dos envolvidos.<\/p>\n\n\n\n<h3 class=\"wp-block-heading\">\u200bDetalhes da Fiscaliza\u00e7\u00e3o e do Acordo<\/h3>\n\n\n\n<p class=\"wp-block-paragraph\">\u200bO ANPC \u00e9 um mecanismo jur\u00eddico que permite encerrar processos de improbidade administrativa sem a necessidade de uma senten\u00e7a judicial longa, desde que os acusados confessem o il\u00edcito e reparem o dano. No caso de Palmital, os principais pontos sob vigil\u00e2ncia s\u00e3o:<\/p>\n\n\n\n<ul class=\"wp-block-list\">\n<li>\u200b<strong>Ressarcimento ao Er\u00e1rio:<\/strong> Devolu\u00e7\u00e3o dos valores correspondentes ao uso das m\u00e1quinas e horas-trabalho dos servidores.<\/li>\n\n\n\n<li>\u200b<strong>San\u00e7\u00f5es Pactuadas:<\/strong> Pagamento de multas civis e poss\u00edveis restri\u00e7\u00f5es de direitos pol\u00edticos, conforme estabelecido no inqu\u00e9rito civil n\u00ba 0099.20.000200-6.<\/li>\n\n\n\n<li>\u200b<strong>Transpar\u00eancia:<\/strong> A Promotoria exige a comprova\u00e7\u00e3o peri\u00f3dica dos pagamentos para evitar que o acordo se torne in\u00f3cuo.<\/li>\n<\/ul>\n","protected":false},"excerpt":{"rendered":"<p>O Minist\u00e9rio P\u00fablico do Estado do Paran\u00e1 (MPPR), por interm\u00e9dio da Promotoria de Justi\u00e7a da Comarca de Palmital, oficializou na \u00faltima sexta-feira (23 de janeiro [&#8230;]<\/p>\n","protected":false},"author":1,"featured_media":2655,"comment_status":"open","ping_status":"open","sticky":false,"template":"","format":"standard","meta":{"_crdt_document":"","_jetpack_memberships_contains_paid_content":false,"footnotes":"","jetpack_publicize_message":"","jetpack_publicize_feature_enabled":true,"jetpack_social_post_already_shared":true,"jetpack_social_options":{"image_generator_settings":{"template":"highway","default_image_id":0,"font":"","enabled":false},"version":2}},"categories":[8],"tags":[],"class_list":["post-2654","post","type-post","status-publish","format-standard","has-post-thumbnail","hentry","category-judiciario"],"jetpack_publicize_connections":[],"jetpack_featured_media_url":"https:\/\/i0.wp.com\/oexpressobr.com.br\/wp-content\/uploads\/2026\/01\/PrefeitoNeydePalmital.jpg.webp?fit=798%2C488&ssl=1","jetpack_likes_enabled":true,"jetpack_sharing_enabled":true,"_links":{"self":[{"href":"https:\/\/oexpressobr.com.br\/index.php?rest_route=\/wp\/v2\/posts\/2654","targetHints":{"allow":["GET"]}}],"collection":[{"href":"https:\/\/oexpressobr.com.br\/index.php?rest_route=\/wp\/v2\/posts"}],"about":[{"href":"https:\/\/oexpressobr.com.br\/index.php?rest_route=\/wp\/v2\/types\/post"}],"author":[{"embeddable":true,"href":"https:\/\/oexpressobr.com.br\/index.php?rest_route=\/wp\/v2\/users\/1"}],"replies":[{"embeddable":true,"href":"https:\/\/oexpressobr.com.br\/index.php?rest_route=%2Fwp%2Fv2%2Fcomments&post=2654"}],"version-history":[{"count":1,"href":"https:\/\/oexpressobr.com.br\/index.php?rest_route=\/wp\/v2\/posts\/2654\/revisions"}],"predecessor-version":[{"id":2656,"href":"https:\/\/oexpressobr.com.br\/index.php?rest_route=\/wp\/v2\/posts\/2654\/revisions\/2656"}],"wp:featuredmedia":[{"embeddable":true,"href":"https:\/\/oexpressobr.com.br\/index.php?rest_route=\/wp\/v2\/media\/2655"}],"wp:attachment":[{"href":"https:\/\/oexpressobr.com.br\/index.php?rest_route=%2Fwp%2Fv2%2Fmedia&parent=2654"}],"wp:term":[{"taxonomy":"category","embeddable":true,"href":"https:\/\/oexpressobr.com.br\/index.php?rest_route=%2Fwp%2Fv2%2Fcategories&post=2654"},{"taxonomy":"post_tag","embeddable":true,"href":"https:\/\/oexpressobr.com.br\/index.php?rest_route=%2Fwp%2Fv2%2Ftags&post=2654"}],"curies":[{"name":"wp","href":"https:\/\/api.w.org\/{rel}","templated":true}]}}