{"id":2657,"date":"2026-01-27T04:32:27","date_gmt":"2026-01-27T07:32:27","guid":{"rendered":"https:\/\/oexpressobr.com.br\/?p=2657"},"modified":"2026-01-27T04:32:28","modified_gmt":"2026-01-27T07:32:28","slug":"seguro-e-ventura-disputam-presidencia-de-portugal-em-cenario-de-polarizacao-inedita","status":"publish","type":"post","link":"https:\/\/oexpressobr.com.br\/?p=2657","title":{"rendered":"Seguro e Ventura disputam presid\u00eancia de portugal em cen\u00e1rio de polariza\u00e7\u00e3o in\u00e9dita"},"content":{"rendered":"\n<p class=\"wp-block-paragraph\">O cen\u00e1rio pol\u00edtico em Portugal vive um momento hist\u00f3rico e de profunda divis\u00e3o. Pela primeira vez em quatro d\u00e9cadas, a sucess\u00e3o presidencial no pa\u00eds ser\u00e1 decidida em uma segunda volta (segundo turno), marcada para o pr\u00f3ximo dia 8 de fevereiro. A disputa coloca frente a frente dois modelos antag\u00f4nicos de pa\u00eds: o socialista <strong>Ant\u00f3nio Jos\u00e9 Seguro<\/strong> e o l\u00edder da ultradireita, <strong>Andr\u00e9 Ventura<\/strong>.<\/p>\n\n\n\n<p class=\"wp-block-paragraph\">\u200bDe acordo com as sondagens mais recentes divulgadas nesta segunda-feira (26), o clima em Lisboa \u00e9 de &#8220;favas contadas&#8221;. Os levantamentos indicam que o candidato socialista, Ant\u00f3nio Jos\u00e9 Seguro, conseguiu consolidar uma vantagem confort\u00e1vel ap\u00f3s a surpresa da primeira volta, quando superou as expectativas e desbancou o favoritismo inicial de Ventura.<\/p>\n\n\n\n<h3 class=\"wp-block-heading\">\u200bA virada socialista e o crescimento do chega<\/h3>\n\n\n\n<p class=\"wp-block-paragraph\">\u200bNo primeiro turno, realizado em 18 de janeiro, Seguro obteve aproximadamente 31% dos votos v\u00e1lidos, enquanto Andr\u00e9 Ventura, fundador do partido Chega, ficou com cerca de 23%. O resultado foi lido como uma &#8220;vit\u00f3ria da modera\u00e7\u00e3o&#8221; pelas frentes de esquerda, j\u00e1 que as pesquisas pr\u00e9vias apontavam Ventura na lideran\u00e7a, impulsionado pela onda conservadora que deu ao Chega o status de principal for\u00e7a de oposi\u00e7\u00e3o no Parlamento em 2025.<\/p>\n\n\n\n<p class=\"wp-block-paragraph\">\u200bAndr\u00e9 Ventura baseou sua campanha em uma ret\u00f3rica agressiva contra a imigra\u00e7\u00e3o, cr\u00edticas ao sistema fiscal e o que chama de &#8220;corrup\u00e7\u00e3o das elites&#8221;. Por outro lado, Seguro, que retornou \u00e0 linha de frente da pol\u00edtica ap\u00f3s anos de afastamento, aposta na defesa das institui\u00e7\u00f5es democr\u00e1ticas e no di\u00e1logo para travar o avan\u00e7o do extremismo.<\/p>\n\n\n\n<h3 class=\"wp-block-heading\">\u200bO que est\u00e1 em jogo?<\/h3>\n\n\n\n<p class=\"wp-block-paragraph\">\u200bEmbora o cargo de Presidente da Rep\u00fablica em Portugal seja majoritariamente cerimonial, ele det\u00e9m o &#8220;poder moderador&#8221;: a capacidade de dissolver o Parlamento e convocar elei\u00e7\u00f5es antecipadas \u2014 uma ferramenta crucial em um governo de minoria liderado pelo atual primeiro-ministro Lu\u00eds Montenegro (centro-direita).<\/p>\n\n\n\n<p class=\"wp-block-paragraph\">\u200bAs \u00faltimas atualiza\u00e7\u00f5es indicam que:<\/p>\n\n\n\n<ul class=\"wp-block-list\">\n<li>\u200b<strong>Apoios decisivos:<\/strong> Candidatos derrotados da esquerda e do centro j\u00e1 sinalizaram apoio a Seguro para criar um &#8220;cord\u00e3o sanit\u00e1rio&#8221; contra a extrema-direita.<\/li>\n\n\n\n<li>\u200b<strong>Absten\u00e7\u00e3o:<\/strong> O maior desafio para os socialistas \u00e9 garantir que o eleitorado compare\u00e7a \u00e0s urnas em fevereiro, evitando que a mobiliza\u00e7\u00e3o da base de Ventura reverta o cen\u00e1rio.<\/li>\n\n\n\n<li>\u200b<strong>Contexto Europeu:<\/strong> A elei\u00e7\u00e3o \u00e9 acompanhada de perto por Bruxelas, que v\u00ea em Portugal um term\u00f4metro para a for\u00e7a da ultradireita no continente em 2026.<\/li>\n<\/ul>\n\n\n\n<p class=\"wp-block-paragraph\">\u200bSe as proje\u00e7\u00f5es se confirmarem, Portugal manter\u00e1 a tradi\u00e7\u00e3o de altern\u00e2ncia entre os blocos centrais, mas agora com uma direita radical consolidada como a segunda for\u00e7a pol\u00edtica mais relevante da na\u00e7\u00e3o, mudando permanentemente a din\u00e2mica parlamentar do pa\u00eds.<\/p>\n","protected":false},"excerpt":{"rendered":"<p>O cen\u00e1rio pol\u00edtico em Portugal vive um momento hist\u00f3rico e de profunda divis\u00e3o. Pela primeira vez em quatro d\u00e9cadas, a sucess\u00e3o presidencial no pa\u00eds ser\u00e1 [&#8230;]<\/p>\n","protected":false},"author":1,"featured_media":2658,"comment_status":"open","ping_status":"open","sticky":false,"template":"","format":"standard","meta":{"_crdt_document":"","_jetpack_memberships_contains_paid_content":false,"footnotes":"","jetpack_publicize_message":"","jetpack_publicize_feature_enabled":true,"jetpack_social_post_already_shared":true,"jetpack_social_options":{"image_generator_settings":{"template":"highway","default_image_id":0,"font":"","enabled":false},"version":2}},"categories":[15],"tags":[],"class_list":["post-2657","post","type-post","status-publish","format-standard","has-post-thumbnail","hentry","category-internacional"],"jetpack_publicize_connections":[],"jetpack_featured_media_url":"https:\/\/i0.wp.com\/oexpressobr.com.br\/wp-content\/uploads\/2026\/01\/GettyImages-2258301127.jpg?fit=414%2C280&ssl=1","jetpack_likes_enabled":true,"jetpack_sharing_enabled":true,"_links":{"self":[{"href":"https:\/\/oexpressobr.com.br\/index.php?rest_route=\/wp\/v2\/posts\/2657","targetHints":{"allow":["GET"]}}],"collection":[{"href":"https:\/\/oexpressobr.com.br\/index.php?rest_route=\/wp\/v2\/posts"}],"about":[{"href":"https:\/\/oexpressobr.com.br\/index.php?rest_route=\/wp\/v2\/types\/post"}],"author":[{"embeddable":true,"href":"https:\/\/oexpressobr.com.br\/index.php?rest_route=\/wp\/v2\/users\/1"}],"replies":[{"embeddable":true,"href":"https:\/\/oexpressobr.com.br\/index.php?rest_route=%2Fwp%2Fv2%2Fcomments&post=2657"}],"version-history":[{"count":1,"href":"https:\/\/oexpressobr.com.br\/index.php?rest_route=\/wp\/v2\/posts\/2657\/revisions"}],"predecessor-version":[{"id":2659,"href":"https:\/\/oexpressobr.com.br\/index.php?rest_route=\/wp\/v2\/posts\/2657\/revisions\/2659"}],"wp:featuredmedia":[{"embeddable":true,"href":"https:\/\/oexpressobr.com.br\/index.php?rest_route=\/wp\/v2\/media\/2658"}],"wp:attachment":[{"href":"https:\/\/oexpressobr.com.br\/index.php?rest_route=%2Fwp%2Fv2%2Fmedia&parent=2657"}],"wp:term":[{"taxonomy":"category","embeddable":true,"href":"https:\/\/oexpressobr.com.br\/index.php?rest_route=%2Fwp%2Fv2%2Fcategories&post=2657"},{"taxonomy":"post_tag","embeddable":true,"href":"https:\/\/oexpressobr.com.br\/index.php?rest_route=%2Fwp%2Fv2%2Ftags&post=2657"}],"curies":[{"name":"wp","href":"https:\/\/api.w.org\/{rel}","templated":true}]}}