{"id":2660,"date":"2026-01-27T04:40:46","date_gmt":"2026-01-27T07:40:46","guid":{"rendered":"https:\/\/oexpressobr.com.br\/?p=2660"},"modified":"2026-01-27T04:40:47","modified_gmt":"2026-01-27T07:40:47","slug":"partido-novo-aciona-pgr-e-pf-por-investigacao-contra-toffoli-no-caso-do-banco-master","status":"publish","type":"post","link":"https:\/\/oexpressobr.com.br\/?p=2660","title":{"rendered":"Partido Novo aciona PGR e PF por investiga\u00e7\u00e3o contra Toffoli no caso do Banco Master"},"content":{"rendered":"\n<p class=\"wp-block-paragraph\">A bancada do partido Novo protocolou, nesta segunda-feira (26), uma not\u00edcia-crime na Procuradoria-Geral da Rep\u00fablica (PGR) e uma Comunica\u00e7\u00e3o de Fatos \u00e0 Pol\u00edcia Federal (PF) contra o ministro Dias Toffoli, do Supremo Tribunal Federal (STF). O partido solicita a abertura de uma investiga\u00e7\u00e3o formal para apurar supostas interfer\u00eancias do magistrado na condu\u00e7\u00e3o do processo que envolve o Banco Master e seu controlador, Daniel Vorcaro.<\/p>\n\n\n\n<p class=\"wp-block-paragraph\">\u200bA iniciativa, encabe\u00e7ada pelo l\u00edder do Novo na C\u00e2mara, Marcel van Hattem (RS), pela deputada Adriana Ventura (SP) e pelo senador Eduardo Gir\u00e3o (CE), argumenta que as decis\u00f5es recentes de Toffoli extrapolam os limites da fun\u00e7\u00e3o jurisdicional. O grupo levanta suspeitas sobre a imparcialidade do ministro, citando poss\u00edveis conflitos de interesse ligados a v\u00ednculos societ\u00e1rios entre familiares de Toffoli e advogados que atuam para o grupo econ\u00f4mico investigado.<\/p>\n\n\n\n<h3 class=\"wp-block-heading\">\u200bO centro da controv\u00e9rsia<\/h3>\n\n\n\n<p class=\"wp-block-paragraph\">\u200bAs tens\u00f5es escalaram ap\u00f3s decis\u00f5es do ministro que alteraram o rito tradicional de cust\u00f3dia de provas. Em meados de janeiro, durante a Opera\u00e7\u00e3o Compliance Zero, Toffoli inicialmente ordenou que o material apreendido (incluindo 39 celulares, 31 computadores e R$ 645 mil em esp\u00e9cie) fosse lacrado e mantido sob cust\u00f3dia direta do STF, e n\u00e3o da Pol\u00edcia Federal.<\/p>\n\n\n\n<p class=\"wp-block-paragraph\">\u200bEmbora tenha recuado posteriormente, autorizando que a PGR fizesse a per\u00edcia, a medida gerou desconforto em setores da PF e do pr\u00f3prio Minist\u00e9rio P\u00fablico. &#8220;A sociedade exige uma resposta clara das institui\u00e7\u00f5es de Estado. Este n\u00e3o \u00e9 um caso que vai ser varrido para debaixo do tapete&#8221;, declarou Van Hattem.<\/p>\n\n\n\n<h3 class=\"wp-block-heading\">\u200bV\u00ednculos e suspei\u00e7\u00e3o<\/h3>\n\n\n\n<p class=\"wp-block-paragraph\">\u200bA representa\u00e7\u00e3o do Novo destaca reportagens que apontam conex\u00f5es societ\u00e1rias entre Roberta Rangel, esposa de Toffoli, e Walfrido Warde, advogado de Daniel Vorcaro. O partido sustenta que tais rela\u00e7\u00f5es deveriam ter levado o ministro a se declarar suspeito ou impedido para relatar o caso. No Senado, o senador Eduardo Gir\u00e3o j\u00e1 reuniu 42 assinaturas \u2014 bem acima do m\u00ednimo de 27 \u2014 para tentar instalar uma CPI do Banco Master, visando investigar o suposto esquema de fraudes financeiras e lavagem de capitais que teria movimentado R$ 5,7 bilh\u00f5es.<\/p>\n\n\n\n<h3 class=\"wp-block-heading\">\u200bRea\u00e7\u00f5es no STF<\/h3>\n\n\n\n<p class=\"wp-block-paragraph\">\u200bEnquanto a press\u00e3o pol\u00edtica aumenta, o ministro Gilmar Mendes saiu em defesa do colega. Em suas redes sociais, o decano do STF afirmou que a atua\u00e7\u00e3o de Dias Toffoli observa rigorosamente os par\u00e2metros constitucionais e legais, classificando as cr\u00edticas como tentativas de desgastar a imagem da Corte.<\/p>\n\n\n\n<p class=\"wp-block-paragraph\">\u200bAtualmente, o caso segue com a oitiva de oito executivos e s\u00f3cios do Banco Master no STF, autorizadas pelo pr\u00f3prio Toffoli para ocorrer entre os dias 26 e 27 de janeiro. Cabe agora ao procurador-geral da Rep\u00fablica, Paulo Gonet, e \u00e0 Pol\u00edcia Federal analisar os documentos apresentados pelo Novo e decidir se h\u00e1 elementos suficientes para a abertura de um inqu\u00e9rito contra o magistrado.<\/p>\n","protected":false},"excerpt":{"rendered":"<p>A bancada do partido Novo protocolou, nesta segunda-feira (26), uma not\u00edcia-crime na Procuradoria-Geral da Rep\u00fablica (PGR) e uma Comunica\u00e7\u00e3o de Fatos \u00e0 Pol\u00edcia Federal (PF) [&#8230;]<\/p>\n","protected":false},"author":1,"featured_media":2661,"comment_status":"open","ping_status":"open","sticky":false,"template":"","format":"standard","meta":{"_crdt_document":"","_jetpack_memberships_contains_paid_content":false,"footnotes":"","jetpack_publicize_message":"","jetpack_publicize_feature_enabled":true,"jetpack_social_post_already_shared":true,"jetpack_social_options":{"image_generator_settings":{"template":"highway","default_image_id":0,"font":"","enabled":false},"version":2}},"categories":[8],"tags":[],"class_list":["post-2660","post","type-post","status-publish","format-standard","has-post-thumbnail","hentry","category-judiciario"],"jetpack_publicize_connections":[],"jetpack_featured_media_url":"https:\/\/i0.wp.com\/oexpressobr.com.br\/wp-content\/uploads\/2026\/01\/54978413324_34f09e5ba1_o.jpg?fit=414%2C280&ssl=1","jetpack_likes_enabled":true,"jetpack_sharing_enabled":true,"_links":{"self":[{"href":"https:\/\/oexpressobr.com.br\/index.php?rest_route=\/wp\/v2\/posts\/2660","targetHints":{"allow":["GET"]}}],"collection":[{"href":"https:\/\/oexpressobr.com.br\/index.php?rest_route=\/wp\/v2\/posts"}],"about":[{"href":"https:\/\/oexpressobr.com.br\/index.php?rest_route=\/wp\/v2\/types\/post"}],"author":[{"embeddable":true,"href":"https:\/\/oexpressobr.com.br\/index.php?rest_route=\/wp\/v2\/users\/1"}],"replies":[{"embeddable":true,"href":"https:\/\/oexpressobr.com.br\/index.php?rest_route=%2Fwp%2Fv2%2Fcomments&post=2660"}],"version-history":[{"count":1,"href":"https:\/\/oexpressobr.com.br\/index.php?rest_route=\/wp\/v2\/posts\/2660\/revisions"}],"predecessor-version":[{"id":2662,"href":"https:\/\/oexpressobr.com.br\/index.php?rest_route=\/wp\/v2\/posts\/2660\/revisions\/2662"}],"wp:featuredmedia":[{"embeddable":true,"href":"https:\/\/oexpressobr.com.br\/index.php?rest_route=\/wp\/v2\/media\/2661"}],"wp:attachment":[{"href":"https:\/\/oexpressobr.com.br\/index.php?rest_route=%2Fwp%2Fv2%2Fmedia&parent=2660"}],"wp:term":[{"taxonomy":"category","embeddable":true,"href":"https:\/\/oexpressobr.com.br\/index.php?rest_route=%2Fwp%2Fv2%2Fcategories&post=2660"},{"taxonomy":"post_tag","embeddable":true,"href":"https:\/\/oexpressobr.com.br\/index.php?rest_route=%2Fwp%2Fv2%2Ftags&post=2660"}],"curies":[{"name":"wp","href":"https:\/\/api.w.org\/{rel}","templated":true}]}}