{"id":2663,"date":"2026-01-27T04:47:13","date_gmt":"2026-01-27T07:47:13","guid":{"rendered":"https:\/\/oexpressobr.com.br\/?p=2663"},"modified":"2026-01-27T04:47:14","modified_gmt":"2026-01-27T07:47:14","slug":"india-e-uniao-europeia-selam-pacto-historico-para-criar-zona-de-livre-comercio-de-2-bilhoes-de-pessoas","status":"publish","type":"post","link":"https:\/\/oexpressobr.com.br\/?p=2663","title":{"rendered":"\u00cdNDIA e Uni\u00e3o Europeia selam pacto hist\u00f3rico para criar zona de livre com\u00e9rcio de 2 bilh\u00f5es de pessoas"},"content":{"rendered":"\n<p class=\"wp-block-paragraph\">O an\u00fancio foi feito pelo primeiro-ministro indiano, <strong>Narendra Modi<\/strong>, acompanhado pela presidente da Comiss\u00e3o Europeia, <strong>Ursula von der Leyen<\/strong>, e pelo presidente do Conselho Europeu, <strong>Ant\u00f3nio Costa<\/strong>. O tratado, apelidado por negociadores de &#8220;a m\u00e3e de todos os acordos&#8221;, visa reduzir drasticamente a depend\u00eancia econ\u00f4mica de ambos os blocos em rela\u00e7\u00e3o \u00e0 China e responder \u00e0 instabilidade das pol\u00edticas tarif\u00e1rias dos Estados Unidos.<\/p>\n\n\n\n<p class=\"wp-block-paragraph\">\u200bOs principais pontos do acordo<\/p>\n\n\n\n<p class=\"wp-block-paragraph\">\u200bO tratado \u00e9 considerado um dos mais ambiciosos j\u00e1 assinados pela \u00cdndia. Entre os avan\u00e7os confirmados pelas \u00faltimas rodadas de negocia\u00e7\u00e3o, destacam-se:<\/p>\n\n\n\n<ul class=\"wp-block-list\">\n<li>\u200b<strong>Abertura do Mercado Automotivo:<\/strong> A \u00cdndia concordou em reduzir as tarifas de importa\u00e7\u00e3o de carros europeus de at\u00e9 110% para 40%. A medida \u00e9 vista como uma vit\u00f3ria crucial para montadoras como Volkswagen, Skoda e Renault.<\/li>\n\n\n\n<li>\u200b<strong>Vinhos e Bebidas:<\/strong> Tarifas sobre vinhos europeus, que chegavam a 150%, sofrer\u00e3o cortes significativos, facilitando a entrada de produtos de alta qualidade no crescente mercado consumidor indiano.<\/li>\n\n\n\n<li>\u200b<strong>Exporta\u00e7\u00f5es Indianas:<\/strong> Setores de m\u00e3o de obra intensiva, como t\u00eaxteis, couro, cal\u00e7ados, joias e produtos qu\u00edmicos, ter\u00e3o acesso com tarifa zero ao mercado comum europeu, permitindo que a \u00cdndia compita em p\u00e9 de igualdade com pa\u00edses como Vietn\u00e3 e Bangladesh.<\/li>\n\n\n\n<li>\u200b<strong>Seguran\u00e7a e Defesa:<\/strong> Al\u00e9m do com\u00e9rcio, os l\u00edderes assinaram um pacto de coopera\u00e7\u00e3o em seguran\u00e7a e defesa, o terceiro da UE na \u00c1sia, refor\u00e7ando os la\u00e7os estrat\u00e9gicos na regi\u00e3o do Indo-Pac\u00edfico.<\/li>\n<\/ul>\n\n\n\n<p class=\"wp-block-paragraph\">\u200bO que ficou de fora: a sensibilidade do campo<\/p>\n\n\n\n<p class=\"wp-block-paragraph\">\u200bApesar do otimismo, o setor agr\u00edcola e de latic\u00ednios foi mantido fora da maior parte do acordo para proteger os pequenos produtores indianos \u2014 que representam quase 45% da for\u00e7a de trabalho do pa\u00eds. Da mesma forma, quest\u00f5es ligadas a indica\u00e7\u00f5es geogr\u00e1ficas (que protegem nomes de produtos tradicionais europeus) ainda ter\u00e3o discuss\u00f5es complementares em f\u00f3runs separados.<\/p>\n\n\n\n<p class=\"wp-block-paragraph\">\u200bEfeitos globais e o interesse do Brasil<\/p>\n\n\n\n<p class=\"wp-block-paragraph\">\u200bO desfecho deste acordo pressiona outras economias. No Brasil, o governo acompanha de perto a movimenta\u00e7\u00e3o. O presidente <strong>Lula<\/strong> tem viagem marcada para a \u00cdndia em fevereiro de 2026, com o objetivo de discutir o aprofundamento do acordo \u00cdndia-Mercosul.<\/p>\n\n\n\n<p class=\"wp-block-paragraph\">\u200bAnalistas apontam que, enquanto a \u00cdndia se abre para a tecnologia e os autom\u00f3veis europeus, abre-se tamb\u00e9m um v\u00e1cuo em setores de commodities onde o Brasil busca expans\u00e3o, como soja, milho e frango. A consolida\u00e7\u00e3o do bloco \u00cdndia-UE redesenha as rotas de exporta\u00e7\u00e3o globais, especialmente em um cen\u00e1rio onde a Uni\u00e3o Europeia busca fontes de energia e insumos industriais fora da zona de influ\u00eancia russa.<\/p>\n\n\n\n<p class=\"wp-block-paragraph\">\u200b<strong>Pr\u00f3ximos passos:<\/strong> O texto passar\u00e1 agora por uma revis\u00e3o jur\u00eddica (&#8220;legal scrubbing&#8221;) que deve durar cerca de seis meses. A expectativa \u00e9 que o acordo seja formalmente assinado e ratificado pelo Parlamento Europeu para entrar em vigor plenamente at\u00e9 o in\u00edcio de 2027.<\/p>\n","protected":false},"excerpt":{"rendered":"<p>O an\u00fancio foi feito pelo primeiro-ministro indiano, Narendra Modi, acompanhado pela presidente da Comiss\u00e3o Europeia, Ursula von der Leyen, e pelo presidente do Conselho Europeu, [&#8230;]<\/p>\n","protected":false},"author":1,"featured_media":2664,"comment_status":"open","ping_status":"open","sticky":false,"template":"","format":"standard","meta":{"_crdt_document":"","_jetpack_memberships_contains_paid_content":false,"footnotes":"","jetpack_publicize_message":"","jetpack_publicize_feature_enabled":true,"jetpack_social_post_already_shared":true,"jetpack_social_options":{"image_generator_settings":{"template":"highway","default_image_id":0,"font":"","enabled":false},"version":2}},"categories":[17],"tags":[],"class_list":["post-2663","post","type-post","status-publish","format-standard","has-post-thumbnail","hentry","category-comercio"],"jetpack_publicize_connections":[],"jetpack_featured_media_url":"https:\/\/i0.wp.com\/oexpressobr.com.br\/wp-content\/uploads\/2026\/01\/modi-india.jpg?fit=414%2C280&ssl=1","jetpack_likes_enabled":true,"jetpack_sharing_enabled":true,"_links":{"self":[{"href":"https:\/\/oexpressobr.com.br\/index.php?rest_route=\/wp\/v2\/posts\/2663","targetHints":{"allow":["GET"]}}],"collection":[{"href":"https:\/\/oexpressobr.com.br\/index.php?rest_route=\/wp\/v2\/posts"}],"about":[{"href":"https:\/\/oexpressobr.com.br\/index.php?rest_route=\/wp\/v2\/types\/post"}],"author":[{"embeddable":true,"href":"https:\/\/oexpressobr.com.br\/index.php?rest_route=\/wp\/v2\/users\/1"}],"replies":[{"embeddable":true,"href":"https:\/\/oexpressobr.com.br\/index.php?rest_route=%2Fwp%2Fv2%2Fcomments&post=2663"}],"version-history":[{"count":1,"href":"https:\/\/oexpressobr.com.br\/index.php?rest_route=\/wp\/v2\/posts\/2663\/revisions"}],"predecessor-version":[{"id":2665,"href":"https:\/\/oexpressobr.com.br\/index.php?rest_route=\/wp\/v2\/posts\/2663\/revisions\/2665"}],"wp:featuredmedia":[{"embeddable":true,"href":"https:\/\/oexpressobr.com.br\/index.php?rest_route=\/wp\/v2\/media\/2664"}],"wp:attachment":[{"href":"https:\/\/oexpressobr.com.br\/index.php?rest_route=%2Fwp%2Fv2%2Fmedia&parent=2663"}],"wp:term":[{"taxonomy":"category","embeddable":true,"href":"https:\/\/oexpressobr.com.br\/index.php?rest_route=%2Fwp%2Fv2%2Fcategories&post=2663"},{"taxonomy":"post_tag","embeddable":true,"href":"https:\/\/oexpressobr.com.br\/index.php?rest_route=%2Fwp%2Fv2%2Ftags&post=2663"}],"curies":[{"name":"wp","href":"https:\/\/api.w.org\/{rel}","templated":true}]}}