{"id":2666,"date":"2026-01-27T04:52:05","date_gmt":"2026-01-27T07:52:05","guid":{"rendered":"https:\/\/oexpressobr.com.br\/?p=2666"},"modified":"2026-01-27T04:52:07","modified_gmt":"2026-01-27T07:52:07","slug":"policia-descarta-que-criancas-em-hotel-de-sp-sejam-irmaos-desaparecidos-no-maranhao","status":"publish","type":"post","link":"https:\/\/oexpressobr.com.br\/?p=2666","title":{"rendered":"Pol\u00edcia descarta que crian\u00e7as em hotel de SP sejam irm\u00e3os desaparecidos no Maranh\u00e3o"},"content":{"rendered":"\n<p class=\"wp-block-paragraph\">\u200bA <strong>Pol\u00edcia Civil de S\u00e3o Paulo<\/strong> e a <strong>Secretaria de Seguran\u00e7a P\u00fablica do Maranh\u00e3o (SSP-MA)<\/strong> confirmaram, nesta segunda-feira (26), que as crian\u00e7as avistadas em um hotel na regi\u00e3o central da capital paulista <strong>n\u00e3o s\u00e3o os irm\u00e3os \u00c1gatha Isabelly e Allan Michael<\/strong>. A dupla, de 6 e 4 anos respectivamente, est\u00e1 desaparecida desde o dia 4 de janeiro, quando sumiu em uma \u00e1rea de mata no povoado Santa Rosa, em <strong>Bacabal (MA)<\/strong>.<\/p>\n\n\n\n<p class=\"wp-block-paragraph\">\u200bA suspeita levantada no \u00faltimo fim de semana mobilizou a Divis\u00e3o Antissequestro do DOPE (Departamento de Opera\u00e7\u00f5es Policiais Estrat\u00e9gicas) ap\u00f3s den\u00fancias an\u00f4nimas indicarem que os menores teriam sido vistos em um estabelecimento no bairro da Rep\u00fablica. Ap\u00f3s dilig\u00eancias no local, os investigadores constataram que se tratava de um alarme falso.<\/p>\n\n\n\n<h3 class=\"wp-block-heading\">\u200bEstado atual das investiga\u00e7\u00f5es e buscas<\/h3>\n\n\n\n<p class=\"wp-block-paragraph\">\u200bO caso, que j\u00e1 completa mais de 20 dias, ganhou novos contornos na \u00faltima semana com a ado\u00e7\u00e3o de medidas extremas e o uso de tecnologia avan\u00e7ada:<\/p>\n\n\n\n<ul class=\"wp-block-list\">\n<li>\u200b<strong>Protocolo Amber Alert:<\/strong> O Minist\u00e9rio da Justi\u00e7a e Seguran\u00e7a P\u00fablica acionou o alerta de emerg\u00eancia, que dispara notifica\u00e7\u00f5es em redes sociais (Facebook e Instagram) num raio de 200 km do desaparecimento.<\/li>\n\n\n\n<li>\u200b<strong>O papel do primo:<\/strong> Anderson Kau\u00e3, de 8 anos \u2014 que desapareceu com os irm\u00e3os mas foi localizado com vida tr\u00eas dias depois \u2014 recebeu alta hospitalar recentemente. A Justi\u00e7a autorizou que ele auxilie as equipes indicando caminhos feitos pelo trio, como a &#8220;casa ca\u00edda&#8221;, uma cabana abandonada pr\u00f3xima ao Rio Mearim.<\/li>\n\n\n\n<li>\u200b<strong>For\u00e7a-Tarefa:<\/strong> Mais de 500 profissionais, incluindo o Corpo de Bombeiros, Pol\u00edcia Militar e Marinha, seguem no terreno utilizando drones com sensores t\u00e9rmicos e sonares para buscas subaqu\u00e1ticas.<\/li>\n<\/ul>\n\n\n\n<h3 class=\"wp-block-heading\">\u200bHip\u00f3teses da pol\u00edcia<\/h3>\n\n\n\n<p class=\"wp-block-paragraph\">\u200bEmbora a principal linha de investiga\u00e7\u00e3o sugira que as crian\u00e7as tenham se perdido na mata densa, a <strong>Pol\u00edcia Civil do Maranh\u00e3o<\/strong> n\u00e3o descarta outras possibilidades. O secret\u00e1rio de Seguran\u00e7a P\u00fablica, Maur\u00edcio Martins, refor\u00e7ou que o inqu\u00e9rito segue em sigilo e que a coopera\u00e7\u00e3o com outros estados continua ativa para checar qualquer nova evid\u00eancia.<\/p>\n\n\n\n<blockquote class=\"wp-block-quote is-layout-flow wp-block-quote-is-layout-flow\">\n<p class=\"wp-block-paragraph\">\u200b&#8221;Qualquer fato novo consistente ser\u00e1 apurado com prontid\u00e3o, mas \u00e9 fundamental que a popula\u00e7\u00e3o evite propagar boatos que possam prejudicar o andamento oficial das buscas&#8221;, alertou a SSP-MA em nota.<\/p>\n<\/blockquote>\n","protected":false},"excerpt":{"rendered":"<p>\u200bA Pol\u00edcia Civil de S\u00e3o Paulo e a Secretaria de Seguran\u00e7a P\u00fablica do Maranh\u00e3o (SSP-MA) confirmaram, nesta segunda-feira (26), que as crian\u00e7as avistadas em um [&#8230;]<\/p>\n","protected":false},"author":1,"featured_media":2667,"comment_status":"open","ping_status":"open","sticky":false,"template":"","format":"standard","meta":{"_crdt_document":"","_jetpack_memberships_contains_paid_content":false,"footnotes":"","jetpack_publicize_message":"","jetpack_publicize_feature_enabled":true,"jetpack_social_post_already_shared":true,"jetpack_social_options":{"image_generator_settings":{"template":"highway","default_image_id":0,"font":"","enabled":false},"version":2}},"categories":[3],"tags":[],"class_list":["post-2666","post","type-post","status-publish","format-standard","has-post-thumbnail","hentry","category-brasil"],"jetpack_publicize_connections":[],"jetpack_featured_media_url":"https:\/\/i0.wp.com\/oexpressobr.com.br\/wp-content\/uploads\/2026\/01\/IMG-20260127-WA0064.jpg?fit=693%2C385&ssl=1","jetpack_likes_enabled":true,"jetpack_sharing_enabled":true,"_links":{"self":[{"href":"https:\/\/oexpressobr.com.br\/index.php?rest_route=\/wp\/v2\/posts\/2666","targetHints":{"allow":["GET"]}}],"collection":[{"href":"https:\/\/oexpressobr.com.br\/index.php?rest_route=\/wp\/v2\/posts"}],"about":[{"href":"https:\/\/oexpressobr.com.br\/index.php?rest_route=\/wp\/v2\/types\/post"}],"author":[{"embeddable":true,"href":"https:\/\/oexpressobr.com.br\/index.php?rest_route=\/wp\/v2\/users\/1"}],"replies":[{"embeddable":true,"href":"https:\/\/oexpressobr.com.br\/index.php?rest_route=%2Fwp%2Fv2%2Fcomments&post=2666"}],"version-history":[{"count":1,"href":"https:\/\/oexpressobr.com.br\/index.php?rest_route=\/wp\/v2\/posts\/2666\/revisions"}],"predecessor-version":[{"id":2668,"href":"https:\/\/oexpressobr.com.br\/index.php?rest_route=\/wp\/v2\/posts\/2666\/revisions\/2668"}],"wp:featuredmedia":[{"embeddable":true,"href":"https:\/\/oexpressobr.com.br\/index.php?rest_route=\/wp\/v2\/media\/2667"}],"wp:attachment":[{"href":"https:\/\/oexpressobr.com.br\/index.php?rest_route=%2Fwp%2Fv2%2Fmedia&parent=2666"}],"wp:term":[{"taxonomy":"category","embeddable":true,"href":"https:\/\/oexpressobr.com.br\/index.php?rest_route=%2Fwp%2Fv2%2Fcategories&post=2666"},{"taxonomy":"post_tag","embeddable":true,"href":"https:\/\/oexpressobr.com.br\/index.php?rest_route=%2Fwp%2Fv2%2Ftags&post=2666"}],"curies":[{"name":"wp","href":"https:\/\/api.w.org\/{rel}","templated":true}]}}