{"id":2673,"date":"2026-01-27T05:02:05","date_gmt":"2026-01-27T08:02:05","guid":{"rendered":"https:\/\/oexpressobr.com.br\/?p=2673"},"modified":"2026-01-27T05:02:06","modified_gmt":"2026-01-27T08:02:06","slug":"detran-sp-retira-baliza-e-autoriza-carro-automatico-em-novo-exame-pratico-da-cnh","status":"publish","type":"post","link":"https:\/\/oexpressobr.com.br\/?p=2673","title":{"rendered":"DETRAN-SP retira baliza e autoriza carro autom\u00e1tico em novo exame pr\u00e1tico da CNH"},"content":{"rendered":"\n<p class=\"wp-block-paragraph\">Em uma mudan\u00e7a hist\u00f3rica que promete desburocratizar o acesso \u00e0 habilita\u00e7\u00e3o, o Departamento Estadual de Tr\u00e2nsito de S\u00e3o Paulo (Detran-SP) anunciou o fim da obrigatoriedade do teste de baliza nas provas pr\u00e1ticas para a obten\u00e7\u00e3o da Carteira Nacional de Habilita\u00e7\u00e3o (CNH). A medida, que entrou em vigor nesta segunda-feira (26 de janeiro de 2026), acompanha uma tend\u00eancia nacional de moderniza\u00e7\u00e3o do processo de forma\u00e7\u00e3o de condutores.<\/p>\n\n\n\n<p class=\"wp-block-paragraph\">\u200bAl\u00e9m da retirada da baliza \u2014 historicamente o maior temor dos candidatos e principal causa de reprova\u00e7\u00f5es por ansiedade \u2014, o \u00f3rg\u00e3o agora permite que o exame pr\u00e1tico seja realizado em ve\u00edculos com c\u00e2mbio autom\u00e1tico. Antes, candidatos que n\u00e3o possu\u00edam defici\u00eancia f\u00edsica eram obrigados a realizar o teste exclusivamente em carros manuais.<\/p>\n\n\n\n<h3 class=\"wp-block-heading\">\u200bO que muda na pr\u00e1tica<\/h3>\n\n\n\n<p class=\"wp-block-paragraph\">\u200bDe acordo com as novas diretrizes estabelecidas pelo Detran-SP e em conformidade com a Resolu\u00e7\u00e3o n\u00ba 1.020\/2025 do Conselho Nacional de Tr\u00e2nsito (Contran), o foco do exame deixa de ser a precis\u00e3o em manobras de estacionamento em p\u00e1tio fechado e passa a priorizar a seguran\u00e7a e a fluidez do condutor no tr\u00e2nsito real.<\/p>\n\n\n\n<ul class=\"wp-block-list\">\n<li>\u200b<strong>Foco na Circula\u00e7\u00e3o:<\/strong> A avalia\u00e7\u00e3o agora ser\u00e1 concentrada inteiramente na etapa de circula\u00e7\u00e3o em via p\u00fablica, onde o examinador observar\u00e1 o comportamento do motorista diante de situa\u00e7\u00f5es reais de tr\u00e2nsito.<\/li>\n\n\n\n<li>\u200b<strong>Margem de Erro Ampliada:<\/strong> O novo sistema permite que o candidato perca at\u00e9 10 pontos durante a prova antes de ser reprovado. Anteriormente, a toler\u00e2ncia era menor e faltas eliminat\u00f3rias na baliza encerravam o teste precocemente.<\/li>\n\n\n\n<li>\u200b<strong>Segunda Chance Imediata:<\/strong> Caso o candidato seja reprovado, ele poder\u00e1 agendar uma nova avalia\u00e7\u00e3o para o mesmo dia, sem custos adicionais de taxas estaduais (dependendo apenas da disponibilidade da autoescola e do agendamento do \u00f3rg\u00e3o).<\/li>\n\n\n\n<li>\u200b<strong>Motos:<\/strong> Para quem busca a categoria A, o temido teste da &#8220;prancha&#8221; (equil\u00edbrio em linha reta) tamb\u00e9m foi removido, sendo substitu\u00eddo por exerc\u00edcios de frenagem de emerg\u00eancia e desvio de obst\u00e1culos.<\/li>\n<\/ul>\n\n\n\n<h3 class=\"wp-block-heading\">\u200bModerniza\u00e7\u00e3o e Acessibilidade<\/h3>\n\n\n\n<p class=\"wp-block-paragraph\">\u200bO ministro dos Transportes, Renan Filho, tem defendido que essas mudan\u00e7as visam tornar a CNH &#8220;at\u00e9 80% mais barata&#8221; e mais acess\u00edvel. Com o lan\u00e7amento do aplicativo &#8220;CNH do Brasil&#8221;, o curso te\u00f3rico agora pode ser feito de forma remota e gratuita, eliminando a obrigatoriedade das 45 horas presenciais em Centros de Forma\u00e7\u00e3o de Condutores (CFCs).<\/p>\n\n\n\n<p class=\"wp-block-paragraph\">\u200b&#8221;A prova de baliza n\u00e3o define se algu\u00e9m \u00e9 um bom motorista. Ningu\u00e9m morre fazendo baliza; o foco deve estar na seguran\u00e7a em movimento e no respeito \u00e0s leis de tr\u00e2nsito&#8221;, afirmou o ministro em declara\u00e7\u00f5es recentes.<\/p>\n\n\n\n<h3 class=\"wp-block-heading\">\u200bRea\u00e7\u00f5es e Pol\u00eamicas<\/h3>\n\n\n\n<p class=\"wp-block-paragraph\">\u200bEmbora a medida tenha sido celebrada por candidatos e setores que buscam a simplifica\u00e7\u00e3o do Estado, especialistas em seguran\u00e7a vi\u00e1ria demonstram cautela. Paulo Guimar\u00e3es, CEO do Observat\u00f3rio Nacional de Seguran\u00e7a Vi\u00e1ria, alertou em entrevistas que a flexibiliza\u00e7\u00e3o n\u00e3o deve comprometer a forma\u00e7\u00e3o t\u00e9cnica dos motoristas. Segundo ele, o desafio agora ser\u00e1 garantir que a etapa de circula\u00e7\u00e3o seja rigorosa o suficiente para colocar condutores preparados nas ruas.<\/p>\n\n\n\n<p class=\"wp-block-paragraph\">\u200bCom a decis\u00e3o, S\u00e3o Paulo se une a estados como Amazonas, Mato Grosso do Sul, Esp\u00edrito Santo e Santa Catarina, que j\u00e1 iniciaram a transi\u00e7\u00e3o para este novo modelo de exame. As orienta\u00e7\u00f5es detalhadas sobre o novo formato j\u00e1 est\u00e3o dispon\u00edveis no portal oficial da &#8220;CNH Paulista&#8221; e devem ser seguidas por todas as comiss\u00f5es examinadoras do estado.<\/p>\n","protected":false},"excerpt":{"rendered":"<p>Em uma mudan\u00e7a hist\u00f3rica que promete desburocratizar o acesso \u00e0 habilita\u00e7\u00e3o, o Departamento Estadual de Tr\u00e2nsito de S\u00e3o Paulo (Detran-SP) anunciou o fim da obrigatoriedade [&#8230;]<\/p>\n","protected":false},"author":1,"featured_media":2674,"comment_status":"open","ping_status":"open","sticky":false,"template":"","format":"standard","meta":{"_crdt_document":"","_jetpack_memberships_contains_paid_content":false,"footnotes":"","jetpack_publicize_message":"","jetpack_publicize_feature_enabled":true,"jetpack_social_post_already_shared":true,"jetpack_social_options":{"image_generator_settings":{"template":"highway","default_image_id":0,"font":"","enabled":false},"version":2}},"categories":[1],"tags":[],"class_list":["post-2673","post","type-post","status-publish","format-standard","has-post-thumbnail","hentry","category-geral"],"jetpack_publicize_connections":[],"jetpack_featured_media_url":"https:\/\/i0.wp.com\/oexpressobr.com.br\/wp-content\/uploads\/2026\/01\/IMG-20260127-WA0065.jpg?fit=600%2C324&ssl=1","jetpack_likes_enabled":true,"jetpack_sharing_enabled":true,"_links":{"self":[{"href":"https:\/\/oexpressobr.com.br\/index.php?rest_route=\/wp\/v2\/posts\/2673","targetHints":{"allow":["GET"]}}],"collection":[{"href":"https:\/\/oexpressobr.com.br\/index.php?rest_route=\/wp\/v2\/posts"}],"about":[{"href":"https:\/\/oexpressobr.com.br\/index.php?rest_route=\/wp\/v2\/types\/post"}],"author":[{"embeddable":true,"href":"https:\/\/oexpressobr.com.br\/index.php?rest_route=\/wp\/v2\/users\/1"}],"replies":[{"embeddable":true,"href":"https:\/\/oexpressobr.com.br\/index.php?rest_route=%2Fwp%2Fv2%2Fcomments&post=2673"}],"version-history":[{"count":1,"href":"https:\/\/oexpressobr.com.br\/index.php?rest_route=\/wp\/v2\/posts\/2673\/revisions"}],"predecessor-version":[{"id":2675,"href":"https:\/\/oexpressobr.com.br\/index.php?rest_route=\/wp\/v2\/posts\/2673\/revisions\/2675"}],"wp:featuredmedia":[{"embeddable":true,"href":"https:\/\/oexpressobr.com.br\/index.php?rest_route=\/wp\/v2\/media\/2674"}],"wp:attachment":[{"href":"https:\/\/oexpressobr.com.br\/index.php?rest_route=%2Fwp%2Fv2%2Fmedia&parent=2673"}],"wp:term":[{"taxonomy":"category","embeddable":true,"href":"https:\/\/oexpressobr.com.br\/index.php?rest_route=%2Fwp%2Fv2%2Fcategories&post=2673"},{"taxonomy":"post_tag","embeddable":true,"href":"https:\/\/oexpressobr.com.br\/index.php?rest_route=%2Fwp%2Fv2%2Ftags&post=2673"}],"curies":[{"name":"wp","href":"https:\/\/api.w.org\/{rel}","templated":true}]}}