{"id":2676,"date":"2026-01-27T05:07:43","date_gmt":"2026-01-27T08:07:43","guid":{"rendered":"https:\/\/oexpressobr.com.br\/?p=2676"},"modified":"2026-01-27T05:07:44","modified_gmt":"2026-01-27T08:07:44","slug":"governo-lula-e-boulos-elevam-tom-contra-aplicativos-e-citam-taxa-de-extorsao-em-meio-a-impasse-sobre-regulacao","status":"publish","type":"post","link":"https:\/\/oexpressobr.com.br\/?p=2676","title":{"rendered":"Governo Lula e Boulos elevam tom contra aplicativos e citam &#8220;taxa de extors\u00e3o&#8221; em meio a impasse sobre regula\u00e7\u00e3o"},"content":{"rendered":"\n<p class=\"wp-block-paragraph\">\u200bO clima entre o Pal\u00e1cio do Planalto e as gigantes de tecnologia atingiu um novo patamar de tens\u00e3o nesta \u00faltima semana de janeiro de 2026. Em reuni\u00f5es recentes do <strong>Grupo de Trabalho (GT)<\/strong> criado para discutir a regulamenta\u00e7\u00e3o do servi\u00e7o de entregas, o governo federal endureceu o discurso, classificando as margens de lucro das plataformas como abusivas e sinalizando uma ofensiva legislativa que as empresas do setor interpretam como uma tentativa de inviabilizar o modelo de neg\u00f3cio atual.<\/p>\n\n\n\n<h3 class=\"wp-block-heading\">\u200bO n\u00f3 da disc\u00f3rdia: &#8220;Taxa de extors\u00e3o&#8221;<\/h3>\n\n\n\n<p class=\"wp-block-paragraph\">\u200bO ministro da Secretaria-Geral da Presid\u00eancia, <strong>Guilherme Boulos<\/strong>, que tem liderado as negocia\u00e7\u00f5es ao lado do ministro do Trabalho, <strong>Luiz Marinho<\/strong>, subiu o tom em declara\u00e7\u00f5es recentes. Boulos classificou as taxas de reten\u00e7\u00e3o aplicadas por empresas como <strong>iFood<\/strong>, <strong>Uber<\/strong> e <strong>Rappi<\/strong> \u2014 que podem chegar a 50% do valor da corrida ou entrega \u2014 como uma <strong>&#8220;taxa de extors\u00e3o&#8221;<\/strong>.<\/p>\n\n\n\n<blockquote class=\"wp-block-quote is-layout-flow wp-block-quote-is-layout-flow\">\n<p class=\"wp-block-paragraph\">\u200b&#8221;N\u00e3o estamos dizendo que as empresas n\u00e3o devam ter lucro, mas o que vemos hoje \u00e9 uma esculhamba\u00e7\u00e3o. \u00c9 o trabalhador que arca com o custo da moto, do celular, da gasolina e do risco, enquanto a plataforma retira uma fatia exorbitante sem assumir o risco&#8221;, afirmou o ministro.<\/p>\n<\/blockquote>\n\n\n\n<h3 class=\"wp-block-heading\">\u200bA amea\u00e7a de &#8220;criminaliza\u00e7\u00e3o&#8221; e o cerco jur\u00eddico<\/h3>\n\n\n\n<p class=\"wp-block-paragraph\">\u200bA express\u00e3o &#8220;circo armado&#8221;, utilizada por cr\u00edticos e representantes das empresas, refere-se \u00e0 percep\u00e7\u00e3o de que o governo j\u00e1 possui um texto pronto e estaria usando as reuni\u00f5es apenas como palanque pol\u00edtico em um ano eleitoral. A principal preocupa\u00e7\u00e3o das plataformas reside na possibilidade de o governo endurecer a fiscaliza\u00e7\u00e3o a ponto de enquadrar o modelo de parceria aut\u00f4noma como <strong>explora\u00e7\u00e3o an\u00e1loga \u00e0 previdenci\u00e1ria ou trabalhista<\/strong>, o que na pr\u00e1tica &#8220;criminalizaria&#8221; a opera\u00e7\u00e3o atual das <em>Big Techs<\/em>.<\/p>\n\n\n\n<p class=\"wp-block-paragraph\">\u200bAs empresas, representadas pela <strong>Amobitec<\/strong>, argumentam que a imposi\u00e7\u00e3o de um v\u00ednculo r\u00edgido ou de taxas fixas de remunera\u00e7\u00e3o sem considerar a log\u00edstica do setor pode levar ao encarecimento do servi\u00e7o para o consumidor final e \u00e0 redu\u00e7\u00e3o da oferta de trabalho.<\/p>\n\n\n\n<h3 class=\"wp-block-heading\">\u200bOs principais pontos da nova proposta (Janeiro\/2026)<\/h3>\n\n\n\n<p class=\"wp-block-paragraph\">\u200bDe acordo com o cronograma atualizado, o governo deve apresentar o relat\u00f3rio final com as diretrizes da nova regulamenta\u00e7\u00e3o nos pr\u00f3ximos dias. Os pontos centrais incluem:<\/p>\n\n\n\n<ul class=\"wp-block-list\">\n<li>\u200b<strong>Remunera\u00e7\u00e3o M\u00ednima:<\/strong> Fixa\u00e7\u00e3o de um valor por hora trabalhada ou por entrega realizada.<\/li>\n\n\n\n<li>\u200b<strong>Transpar\u00eancia Algor\u00edtmica:<\/strong> Obrigatoriedade das empresas explicarem os crit\u00e9rios de bloqueio e distribui\u00e7\u00e3o de pedidos.<\/li>\n\n\n\n<li>\u200b<strong>Pontos de Apoio:<\/strong> Exig\u00eancia de que as plataformas financiem espa\u00e7os f\u00edsicos para descanso e alimenta\u00e7\u00e3o dos entregadores.<\/li>\n\n\n\n<li>\u200b<strong>Contribui\u00e7\u00e3o Previdenci\u00e1ria:<\/strong> Um modelo h\u00edbrido onde o trabalhador contribui com uma al\u00edquota menor (cerca de 5%) e as empresas arcam com a maior parte.<\/li>\n<\/ul>\n\n\n\n<h3 class=\"wp-block-heading\">\u200bO tabuleiro pol\u00edtico no Congresso<\/h3>\n\n\n\n<p class=\"wp-block-paragraph\">\u200bO presidente <strong>Lula<\/strong> j\u00e1 sinalizou que a regula\u00e7\u00e3o dos aplicativos, juntamente com o debate sobre o <strong>fim da escala 6&#215;1<\/strong>, ser\u00e1 uma das bandeiras centrais de sua gest\u00e3o neste primeiro semestre. O governo j\u00e1 iniciou conversas com o presidente da C\u00e2mara, <strong>Hugo Motta (Republicanos-PB)<\/strong>, para acelerar a tramita\u00e7\u00e3o do projeto, tentando evitar que o tema se arraste e sofra resist\u00eancias da ala mais liberal do Parlamento.<\/p>\n\n\n\n<p class=\"wp-block-paragraph\">\u200bEnquanto os entregadores permanecem divididos \u2014 entre o desejo por mais direitos e o medo de perder a autonomia e a flexibilidade \u2014 a queda de bra\u00e7o em Bras\u00edlia promete definir o futuro da chamada &#8220;economia do compartilhamento&#8221; no Brasil ainda em 2026.<\/p>\n","protected":false},"excerpt":{"rendered":"<p>\u200bO clima entre o Pal\u00e1cio do Planalto e as gigantes de tecnologia atingiu um novo patamar de tens\u00e3o nesta \u00faltima semana de janeiro de 2026. [&#8230;]<\/p>\n","protected":false},"author":1,"featured_media":2677,"comment_status":"open","ping_status":"open","sticky":false,"template":"","format":"standard","meta":{"_crdt_document":"","_jetpack_memberships_contains_paid_content":false,"footnotes":"","jetpack_publicize_message":"","jetpack_publicize_feature_enabled":true,"jetpack_social_post_already_shared":true,"jetpack_social_options":{"image_generator_settings":{"template":"highway","default_image_id":0,"font":"","enabled":false},"version":2}},"categories":[3],"tags":[],"class_list":["post-2676","post","type-post","status-publish","format-standard","has-post-thumbnail","hentry","category-brasil"],"jetpack_publicize_connections":[],"jetpack_featured_media_url":"https:\/\/i0.wp.com\/oexpressobr.com.br\/wp-content\/uploads\/2026\/01\/ChatGPT-Image-26-de-jan.-de-2026-03_24_32.jpg?fit=1536%2C1024&ssl=1","jetpack_likes_enabled":true,"jetpack_sharing_enabled":true,"_links":{"self":[{"href":"https:\/\/oexpressobr.com.br\/index.php?rest_route=\/wp\/v2\/posts\/2676","targetHints":{"allow":["GET"]}}],"collection":[{"href":"https:\/\/oexpressobr.com.br\/index.php?rest_route=\/wp\/v2\/posts"}],"about":[{"href":"https:\/\/oexpressobr.com.br\/index.php?rest_route=\/wp\/v2\/types\/post"}],"author":[{"embeddable":true,"href":"https:\/\/oexpressobr.com.br\/index.php?rest_route=\/wp\/v2\/users\/1"}],"replies":[{"embeddable":true,"href":"https:\/\/oexpressobr.com.br\/index.php?rest_route=%2Fwp%2Fv2%2Fcomments&post=2676"}],"version-history":[{"count":1,"href":"https:\/\/oexpressobr.com.br\/index.php?rest_route=\/wp\/v2\/posts\/2676\/revisions"}],"predecessor-version":[{"id":2678,"href":"https:\/\/oexpressobr.com.br\/index.php?rest_route=\/wp\/v2\/posts\/2676\/revisions\/2678"}],"wp:featuredmedia":[{"embeddable":true,"href":"https:\/\/oexpressobr.com.br\/index.php?rest_route=\/wp\/v2\/media\/2677"}],"wp:attachment":[{"href":"https:\/\/oexpressobr.com.br\/index.php?rest_route=%2Fwp%2Fv2%2Fmedia&parent=2676"}],"wp:term":[{"taxonomy":"category","embeddable":true,"href":"https:\/\/oexpressobr.com.br\/index.php?rest_route=%2Fwp%2Fv2%2Fcategories&post=2676"},{"taxonomy":"post_tag","embeddable":true,"href":"https:\/\/oexpressobr.com.br\/index.php?rest_route=%2Fwp%2Fv2%2Ftags&post=2676"}],"curies":[{"name":"wp","href":"https:\/\/api.w.org\/{rel}","templated":true}]}}