{"id":2679,"date":"2026-01-27T05:12:31","date_gmt":"2026-01-27T08:12:31","guid":{"rendered":"https:\/\/oexpressobr.com.br\/?p=2679"},"modified":"2026-01-27T05:12:35","modified_gmt":"2026-01-27T08:12:35","slug":"caruncho-tres-cores-a-joia-rara-da-suinocultura-brasileira-luta-contra-a-extincao","status":"publish","type":"post","link":"https:\/\/oexpressobr.com.br\/?p=2679","title":{"rendered":"Caruncho Tr\u00eas Cores: a joia rara da suinocultura brasileira luta contra a extin\u00e7\u00e3o"},"content":{"rendered":"\n<p class=\"wp-block-paragraph\">Considerada um patrim\u00f4nio gen\u00e9tico vivo, a ra\u00e7a de porcos <strong>Caruncho Tr\u00eas Cores<\/strong> reafirma sua import\u00e2ncia hist\u00f3rica e econ\u00f4mica como o n\u00facleo mais antigo da suinocultura no Brasil. Origin\u00e1ria do per\u00edodo colonial, essa linhagem \u2014 caracterizada pela pelagem preta, branca e avermelhada \u2014 deixou de ser apenas uma curiosidade do campo para se tornar o foco de intensos esfor\u00e7os de preserva\u00e7\u00e3o liderados pela <strong>Embrapa Su\u00ednos e Aves<\/strong> e associa\u00e7\u00f5es de criadores conservacionistas.<\/p>\n\n\n\n<h3 class=\"wp-block-heading\">\u200bO resgate de um \u00edcone gen\u00e9tico<\/h3>\n\n\n\n<p class=\"wp-block-paragraph\">\u200bDiferente das ra\u00e7as industriais altamente selecionadas para carne magra, o Caruncho Tr\u00eas Cores \u00e9 valorizado pela sua <strong>rusticidade<\/strong> e capacidade de produzir gordura de alta qualidade, essencial para a charcutaria artesanal.<\/p>\n\n\n\n<p class=\"wp-block-paragraph\">\u200bRecentemente, o interesse por essa ra\u00e7a cresceu devido ao movimento da <strong>gastronomia de origem<\/strong>. Chefs e produtores locais buscam no Caruncho um diferencial sensorial que as linhagens modernas n\u00e3o oferecem. No entanto, a ra\u00e7a ainda \u00e9 classificada como &#8220;em perigo&#8221;, com poucos n\u00facleos de cria\u00e7\u00e3o pura remanescentes no pa\u00eds, localizados principalmente em regi\u00f5es de Minas Gerais e do Sul do Brasil.<\/p>\n\n\n\n<h3 class=\"wp-block-heading\">\u200bPor que ele \u00e9 t\u00e3o valioso?<\/h3>\n\n\n\n<ul class=\"wp-block-list\">\n<li>\u200b<strong>Adapta\u00e7\u00e3o clim\u00e1tica:<\/strong> Extremamente resistente a doen\u00e7as e varia\u00e7\u00f5es de temperatura comuns no Brasil.<\/li>\n\n\n\n<li>\u200b<strong>Qualidade da gordura:<\/strong> Perfeito para a produ\u00e7\u00e3o de banha e embutidos curados de alto valor agregado.<\/li>\n\n\n\n<li>\u200b<strong>Sustentabilidade:<\/strong> Ideal para sistemas de cria\u00e7\u00e3o ao ar livre e agricultura familiar, exigindo menos insumos qu\u00edmicos que porcos industriais.<\/li>\n<\/ul>\n\n\n\n<h3 class=\"wp-block-heading\">\u200bDesafios e o futuro da ra\u00e7a<\/h3>\n\n\n\n<p class=\"wp-block-paragraph\">\u200bO maior obst\u00e1culo atual \u00e9 a <strong>consanguinidade<\/strong>. Com poucos exemplares dispon\u00edveis, manter a variabilidade gen\u00e9tica \u00e9 um desafio t\u00e9cnico. A Embrapa tem trabalhado no mapeamento do DNA desses animais para garantir que os cruzamentos preservem as caracter\u00edsticas originais sem degenera\u00e7\u00e3o da linhagem.<\/p>\n\n\n\n<p class=\"wp-block-paragraph\">\u200bAl\u00e9m disso, novas diretrizes de bem-estar animal e a busca por sistemas de produ\u00e7\u00e3o mais resilientes \u00e0s mudan\u00e7as clim\u00e1ticas colocam o Caruncho Tr\u00eas Cores no centro da discuss\u00e3o sobre a seguran\u00e7a alimentar e a preserva\u00e7\u00e3o da biodiversidade dom\u00e9stica brasileira.<\/p>\n\n\n\n<blockquote class=\"wp-block-quote is-layout-flow wp-block-quote-is-layout-flow\">\n<p class=\"wp-block-paragraph\">\u200b&#8221;Preservar o Caruncho Tr\u00eas Cores n\u00e3o \u00e9 apenas manter uma tradi\u00e7\u00e3o, \u00e9 garantir que o Brasil tenha um banco gen\u00e9tico capaz de responder a desafios sanit\u00e1rios futuros&#8221;, afirmam especialistas do setor.<\/p>\n<\/blockquote>\n","protected":false},"excerpt":{"rendered":"<p>Considerada um patrim\u00f4nio gen\u00e9tico vivo, a ra\u00e7a de porcos Caruncho Tr\u00eas Cores reafirma sua import\u00e2ncia hist\u00f3rica e econ\u00f4mica como o n\u00facleo mais antigo da suinocultura [&#8230;]<\/p>\n","protected":false},"author":1,"featured_media":2680,"comment_status":"open","ping_status":"open","sticky":false,"template":"","format":"standard","meta":{"_crdt_document":"","_jetpack_memberships_contains_paid_content":false,"footnotes":"","jetpack_publicize_message":"","jetpack_publicize_feature_enabled":true,"jetpack_social_post_already_shared":true,"jetpack_social_options":{"image_generator_settings":{"template":"highway","default_image_id":0,"font":"","enabled":false},"version":2}},"categories":[34],"tags":[],"class_list":["post-2679","post","type-post","status-publish","format-standard","has-post-thumbnail","hentry","category-agro"],"jetpack_publicize_connections":[],"jetpack_featured_media_url":"https:\/\/i0.wp.com\/oexpressobr.com.br\/wp-content\/uploads\/2026\/01\/IMG-20260127-WA0072.png?fit=1687%2C1181&ssl=1","jetpack_likes_enabled":true,"jetpack_sharing_enabled":true,"_links":{"self":[{"href":"https:\/\/oexpressobr.com.br\/index.php?rest_route=\/wp\/v2\/posts\/2679","targetHints":{"allow":["GET"]}}],"collection":[{"href":"https:\/\/oexpressobr.com.br\/index.php?rest_route=\/wp\/v2\/posts"}],"about":[{"href":"https:\/\/oexpressobr.com.br\/index.php?rest_route=\/wp\/v2\/types\/post"}],"author":[{"embeddable":true,"href":"https:\/\/oexpressobr.com.br\/index.php?rest_route=\/wp\/v2\/users\/1"}],"replies":[{"embeddable":true,"href":"https:\/\/oexpressobr.com.br\/index.php?rest_route=%2Fwp%2Fv2%2Fcomments&post=2679"}],"version-history":[{"count":1,"href":"https:\/\/oexpressobr.com.br\/index.php?rest_route=\/wp\/v2\/posts\/2679\/revisions"}],"predecessor-version":[{"id":2681,"href":"https:\/\/oexpressobr.com.br\/index.php?rest_route=\/wp\/v2\/posts\/2679\/revisions\/2681"}],"wp:featuredmedia":[{"embeddable":true,"href":"https:\/\/oexpressobr.com.br\/index.php?rest_route=\/wp\/v2\/media\/2680"}],"wp:attachment":[{"href":"https:\/\/oexpressobr.com.br\/index.php?rest_route=%2Fwp%2Fv2%2Fmedia&parent=2679"}],"wp:term":[{"taxonomy":"category","embeddable":true,"href":"https:\/\/oexpressobr.com.br\/index.php?rest_route=%2Fwp%2Fv2%2Fcategories&post=2679"},{"taxonomy":"post_tag","embeddable":true,"href":"https:\/\/oexpressobr.com.br\/index.php?rest_route=%2Fwp%2Fv2%2Ftags&post=2679"}],"curies":[{"name":"wp","href":"https:\/\/api.w.org\/{rel}","templated":true}]}}