{"id":2682,"date":"2026-01-27T05:16:40","date_gmt":"2026-01-27T08:16:40","guid":{"rendered":"https:\/\/oexpressobr.com.br\/?p=2682"},"modified":"2026-01-27T05:16:41","modified_gmt":"2026-01-27T08:16:41","slug":"infiltracao-do-crime-organizado-nos-poderes-e-nas-policias-ameaca-a-soberania-das-instituicoes-brasileiras","status":"publish","type":"post","link":"https:\/\/oexpressobr.com.br\/?p=2682","title":{"rendered":"Infiltra\u00e7\u00e3o do crime organizado nos Poderes e nas pol\u00edcias amea\u00e7a a soberania das institui\u00e7\u00f5es brasileiras"},"content":{"rendered":"\n<p class=\"wp-block-paragraph\">O Tribunal de Justi\u00e7a do Paran\u00e1 (TJ-PR) ratificou a condena\u00e7\u00e3o de <strong>Edson Jucemar Hoffmann Prado<\/strong>, o &#8220;Jacar\u00e9&#8221;, ex-prefeito do munic\u00edpio, em uma a\u00e7\u00e3o civil p\u00fablica por improbidade administrativa. A decis\u00e3o \u00e9 fruto de uma investiga\u00e7\u00e3o iniciada pelo <strong>Minist\u00e9rio P\u00fablico do Paran\u00e1 (MPPR)<\/strong>, impulsionada por den\u00fancias do vereador <strong>Rodolfo Revers<\/strong>.<\/p>\n\n\n\n<h3 class=\"wp-block-heading\">\u200bO esquema do &#8220;fracionamento&#8221;<\/h3>\n\n\n\n<p class=\"wp-block-paragraph\">\u200bA condena\u00e7\u00e3o foca em irregularidades cometidas entre os anos de <strong>2009 e 2012<\/strong>. Segundo os autos, a gest\u00e3o de Jacar\u00e9 teria realizado a compra de madeira para a manuten\u00e7\u00e3o de pontes rurais de forma fragmentada.<\/p>\n\n\n\n<p class=\"wp-block-paragraph\">\u200bA estrat\u00e9gia consistia em dividir grandes compras em diversos contratos de valores reduzidos, sempre no limite m\u00e1ximo permitido para a modalidade <strong>&#8220;Carta-Convite&#8221;<\/strong>. Na pr\u00e1tica, isso evitava a necessidade de licita\u00e7\u00f5es mais amplas e rigorosas (como a Tomada de Pre\u00e7os), facilitando o direcionamento dos contratos para fornecedores espec\u00edficos.<\/p>\n\n\n\n<blockquote class=\"wp-block-quote is-layout-flow wp-block-quote-is-layout-flow\">\n<p class=\"wp-block-paragraph\">\u200b<strong>O que diz a Lei:<\/strong> O fracionamento de despesa \u00e9 considerado ilegal quando a administra\u00e7\u00e3o p\u00fablica divide uma compra planejada para evitar a modalidade de licita\u00e7\u00e3o obrigat\u00f3ria, ferindo os princ\u00edpios da competitividade e da transpar\u00eancia.<\/p>\n<\/blockquote>\n\n\n\n<h3 class=\"wp-block-heading\">\u200bImpactos e penalidades<\/h3>\n\n\n\n<p class=\"wp-block-paragraph\">\u200bCom a confirma\u00e7\u00e3o da senten\u00e7a pelo Tribunal, as penalidades aplicadas ao ex-prefeito refor\u00e7am o rigor do Judici\u00e1rio com o patrim\u00f4nio p\u00fablico. As san\u00e7\u00f5es geralmente incluem:<\/p>\n\n\n\n<ul class=\"wp-block-list\">\n<li>\u200b<strong>Suspens\u00e3o dos direitos pol\u00edticos.<\/strong><\/li>\n\n\n\n<li>\u200b<strong>Pagamento de multa civil.<\/strong><\/li>\n\n\n\n<li>\u200b<strong>Proibi\u00e7\u00e3o de contratar com o Poder P\u00fablico.<\/strong><\/li>\n<\/ul>\n\n\n\n<p class=\"wp-block-paragraph\">\u200bEmbora a defesa tenha argumentado a inexist\u00eancia de dolo (inten\u00e7\u00e3o de lesar) ou preju\u00edzo efetivo ao er\u00e1rio, os desembargadores entenderam que a manobra para burlar a obrigatoriedade da licita\u00e7\u00e3o ampla \u00e9 suficiente para configurar o ato de improbidade.<\/p>\n\n\n\n<h3 class=\"wp-block-heading\">\u200bContexto local<\/h3>\n\n\n\n<p class=\"wp-block-paragraph\">\u200bA decis\u00e3o repercute fortemente na pol\u00edtica de Quedas do Igua\u00e7u. O vereador Rodolfo Revers, autor das den\u00fancias originais, pontuou que a manuten\u00e7\u00e3o da condena\u00e7\u00e3o valida o papel de fiscaliza\u00e7\u00e3o do Legislativo. J\u00e1 o grupo pol\u00edtico de Jacar\u00e9 ainda pode tentar recursos em inst\u00e2ncias superiores, como o STJ, embora as chances de revers\u00e3o do m\u00e9rito sejam consideradas baixas por especialistas jur\u00eddicos.<\/p>\n","protected":false},"excerpt":{"rendered":"<p>O Tribunal de Justi\u00e7a do Paran\u00e1 (TJ-PR) ratificou a condena\u00e7\u00e3o de Edson Jucemar Hoffmann Prado, o &#8220;Jacar\u00e9&#8221;, ex-prefeito do munic\u00edpio, em uma a\u00e7\u00e3o civil p\u00fablica [&#8230;]<\/p>\n","protected":false},"author":1,"featured_media":2683,"comment_status":"open","ping_status":"open","sticky":false,"template":"","format":"standard","meta":{"_crdt_document":"","_jetpack_memberships_contains_paid_content":false,"footnotes":"","jetpack_publicize_message":"","jetpack_publicize_feature_enabled":true,"jetpack_social_post_already_shared":true,"jetpack_social_options":{"image_generator_settings":{"template":"highway","default_image_id":0,"font":"","enabled":false},"version":2}},"categories":[3],"tags":[],"class_list":["post-2682","post","type-post","status-publish","format-standard","has-post-thumbnail","hentry","category-brasil"],"jetpack_publicize_connections":[],"jetpack_featured_media_url":"https:\/\/i0.wp.com\/oexpressobr.com.br\/wp-content\/uploads\/2026\/01\/IMG-20260127-WA0074.png?fit=1687%2C948&ssl=1","jetpack_likes_enabled":true,"jetpack_sharing_enabled":true,"_links":{"self":[{"href":"https:\/\/oexpressobr.com.br\/index.php?rest_route=\/wp\/v2\/posts\/2682","targetHints":{"allow":["GET"]}}],"collection":[{"href":"https:\/\/oexpressobr.com.br\/index.php?rest_route=\/wp\/v2\/posts"}],"about":[{"href":"https:\/\/oexpressobr.com.br\/index.php?rest_route=\/wp\/v2\/types\/post"}],"author":[{"embeddable":true,"href":"https:\/\/oexpressobr.com.br\/index.php?rest_route=\/wp\/v2\/users\/1"}],"replies":[{"embeddable":true,"href":"https:\/\/oexpressobr.com.br\/index.php?rest_route=%2Fwp%2Fv2%2Fcomments&post=2682"}],"version-history":[{"count":1,"href":"https:\/\/oexpressobr.com.br\/index.php?rest_route=\/wp\/v2\/posts\/2682\/revisions"}],"predecessor-version":[{"id":2684,"href":"https:\/\/oexpressobr.com.br\/index.php?rest_route=\/wp\/v2\/posts\/2682\/revisions\/2684"}],"wp:featuredmedia":[{"embeddable":true,"href":"https:\/\/oexpressobr.com.br\/index.php?rest_route=\/wp\/v2\/media\/2683"}],"wp:attachment":[{"href":"https:\/\/oexpressobr.com.br\/index.php?rest_route=%2Fwp%2Fv2%2Fmedia&parent=2682"}],"wp:term":[{"taxonomy":"category","embeddable":true,"href":"https:\/\/oexpressobr.com.br\/index.php?rest_route=%2Fwp%2Fv2%2Fcategories&post=2682"},{"taxonomy":"post_tag","embeddable":true,"href":"https:\/\/oexpressobr.com.br\/index.php?rest_route=%2Fwp%2Fv2%2Ftags&post=2682"}],"curies":[{"name":"wp","href":"https:\/\/api.w.org\/{rel}","templated":true}]}}