{"id":269,"date":"2025-12-03T07:26:36","date_gmt":"2025-12-03T10:26:36","guid":{"rendered":"https:\/\/oexpressobr.com.br\/?p=269"},"modified":"2025-12-03T07:26:36","modified_gmt":"2025-12-03T10:26:36","slug":"deputado-tadeu-veneri-pt-pede-suspensao-de-atividades-militarizadas-em-colegio-civico-militar-de-curitiba-governo-ratinho-junior-nega-doutrinamento","status":"publish","type":"post","link":"https:\/\/oexpressobr.com.br\/?p=269","title":{"rendered":"Deputado Tadeu Veneri (PT) Pede Suspens\u00e3o de Atividades Militarizadas em Col\u00e9gio C\u00edvico-Militar de Curitiba; Governo Ratinho Junior Nega Doutrinamento"},"content":{"rendered":"\n<p class=\"wp-block-paragraph\">\u200bO deputado federal <strong>Tadeu Veneri (PT)<\/strong> protocolou um <strong>Mandado de Seguran\u00e7a Coletivo<\/strong> na Vara da Inf\u00e2ncia e da Juventude de Curitiba com pedido de liminar para suspender imediatamente as atividades extracurriculares ou disciplinares de cunho militarizado no <strong>Col\u00e9gio Estadual Jo\u00e3o Turim<\/strong>, na capital paranaense. A escola faz parte do programa de col\u00e9gios c\u00edvico-militares do governo do Paran\u00e1, gerido pelo governador <strong>Ratinho Junior (PSD)<\/strong>.<\/p>\n\n\n\n<h3 class=\"wp-block-heading\">\u200b V\u00eddeo pol\u00eamico motivou a a\u00e7\u00e3o<\/h3>\n\n\n\n<p class=\"wp-block-paragraph\">\u200bA iniciativa de Veneri foi motivada pela ampla divulga\u00e7\u00e3o de um v\u00eddeo que registrou uma atividade pedag\u00f3gica na qual crian\u00e7as e adolescentes participam de uma din\u00e2mica militar com claras <strong>exalta\u00e7\u00f5es \u00e0 viol\u00eancia armada e men\u00e7\u00f5es \u00e0 &#8220;elimina\u00e7\u00e3o da popula\u00e7\u00e3o perif\u00e9rica&#8221;<\/strong>, confrontando diretamente os princ\u00edpios de uma pr\u00e1tica pedag\u00f3gica adequada.<\/p>\n\n\n\n<p class=\"wp-block-paragraph\">\u200bA grava\u00e7\u00e3o, tornada p\u00fablica pela <strong>APP-Sindicato<\/strong>, sindicato dos trabalhadores em educa\u00e7\u00e3o do Paran\u00e1, \u00e9 apontada como prova de viola\u00e7\u00e3o expl\u00edcita da Constitui\u00e7\u00e3o Federal. O texto constitucional, em seu artigo 227, disp\u00f5e que \u00e9 dever da fam\u00edlia, do Estado e da sociedade proteger as crian\u00e7as e adolescentes de toda forma de neglig\u00eancia, discrimina\u00e7\u00e3o, explora\u00e7\u00e3o, viol\u00eancia, crueldade e opress\u00e3o.<\/p>\n\n\n\n<p class=\"wp-block-paragraph\">\u200bNa a\u00e7\u00e3o judicial, o deputado descreveu a situa\u00e7\u00e3o como &#8220;um ato de viol\u00eancia e distor\u00e7\u00e3o pedag\u00f3gica&#8221;, criticando a forma como o conte\u00fado foi apresentado aos estudantes.<\/p>\n\n\n\n<h3 class=\"wp-block-heading\">\u200b Outras medidas e rea\u00e7\u00e3o do governo<\/h3>\n\n\n\n<p class=\"wp-block-paragraph\">\u200bAl\u00e9m do Mandado de Seguran\u00e7a, Veneri tamb\u00e9m requereu ao Conselho Tutelar da Crian\u00e7a e do Adolescente de Curitiba a ado\u00e7\u00e3o das medidas previstas no Estatuto da Crian\u00e7a e do Adolescente (ECA) para a prote\u00e7\u00e3o dos direitos dos estudantes.<\/p>\n\n\n\n<p class=\"wp-block-paragraph\">\u200bJunto ao Minist\u00e9rio P\u00fablico Estadual (MPE), o parlamentar petista protocolou uma representa\u00e7\u00e3o solicitando a instaura\u00e7\u00e3o de um procedimento administrativo ou inqu\u00e9rito civil para a investiga\u00e7\u00e3o integral dos fatos e a responsabiliza\u00e7\u00e3o de todos os envolvidos na atividade.<\/p>\n\n\n\n<p class=\"wp-block-paragraph\">\u200bEm resposta, o <strong>Governo Ratinho Junior negou qualquer tipo de doutrinamento de alunos<\/strong> nas escolas c\u00edvico-militares. A nota mais recente do executivo estadual busca defender a legalidade e a proposta pedag\u00f3gica do programa. No entanto, o soci\u00f3logo Fabyo Cruz, em entrevista recente citada pela imprensa, levantou o debate sobre a conduta da administra\u00e7\u00e3o da escola, sugerindo a possibilidade de &#8220;improbidade administrativa&#8221;, j\u00e1 que o papel da institui\u00e7\u00e3o \u00e9, primariamente, proteger as crian\u00e7as e adolescentes.<\/p>\n\n\n\n<p class=\"wp-block-paragraph\">\u200bO caso segue em tramita\u00e7\u00e3o na Justi\u00e7a e no MPE, aguardando as decis\u00f5es sobre a liminar e os procedimentos de investiga\u00e7\u00e3o.<\/p>\n\n\n\n<p class=\"wp-block-paragraph\"><\/p>\n","protected":false},"excerpt":{"rendered":"<p>\u200bO deputado federal Tadeu Veneri (PT) protocolou um Mandado de Seguran\u00e7a Coletivo na Vara da Inf\u00e2ncia e da Juventude de Curitiba com pedido de liminar [&#8230;]<\/p>\n","protected":false},"author":1,"featured_media":270,"comment_status":"open","ping_status":"open","sticky":false,"template":"","format":"standard","meta":{"_crdt_document":"","_jetpack_memberships_contains_paid_content":false,"footnotes":"","jetpack_publicize_message":"","jetpack_publicize_feature_enabled":true,"jetpack_social_post_already_shared":false,"jetpack_social_options":{"image_generator_settings":{"template":"highway","default_image_id":0,"font":"","enabled":false},"version":2}},"categories":[5],"tags":[],"class_list":["post-269","post","type-post","status-publish","format-standard","has-post-thumbnail","hentry","category-parana"],"jetpack_publicize_connections":[],"jetpack_featured_media_url":"https:\/\/i0.wp.com\/oexpressobr.com.br\/wp-content\/uploads\/2025\/12\/images1.jpg?fit=516%2C387&ssl=1","jetpack_likes_enabled":true,"jetpack_sharing_enabled":true,"_links":{"self":[{"href":"https:\/\/oexpressobr.com.br\/index.php?rest_route=\/wp\/v2\/posts\/269","targetHints":{"allow":["GET"]}}],"collection":[{"href":"https:\/\/oexpressobr.com.br\/index.php?rest_route=\/wp\/v2\/posts"}],"about":[{"href":"https:\/\/oexpressobr.com.br\/index.php?rest_route=\/wp\/v2\/types\/post"}],"author":[{"embeddable":true,"href":"https:\/\/oexpressobr.com.br\/index.php?rest_route=\/wp\/v2\/users\/1"}],"replies":[{"embeddable":true,"href":"https:\/\/oexpressobr.com.br\/index.php?rest_route=%2Fwp%2Fv2%2Fcomments&post=269"}],"version-history":[{"count":0,"href":"https:\/\/oexpressobr.com.br\/index.php?rest_route=\/wp\/v2\/posts\/269\/revisions"}],"wp:featuredmedia":[{"embeddable":true,"href":"https:\/\/oexpressobr.com.br\/index.php?rest_route=\/wp\/v2\/media\/270"}],"wp:attachment":[{"href":"https:\/\/oexpressobr.com.br\/index.php?rest_route=%2Fwp%2Fv2%2Fmedia&parent=269"}],"wp:term":[{"taxonomy":"category","embeddable":true,"href":"https:\/\/oexpressobr.com.br\/index.php?rest_route=%2Fwp%2Fv2%2Fcategories&post=269"},{"taxonomy":"post_tag","embeddable":true,"href":"https:\/\/oexpressobr.com.br\/index.php?rest_route=%2Fwp%2Fv2%2Ftags&post=269"}],"curies":[{"name":"wp","href":"https:\/\/api.w.org\/{rel}","templated":true}]}}