{"id":2694,"date":"2026-01-27T11:32:17","date_gmt":"2026-01-27T14:32:17","guid":{"rendered":"https:\/\/oexpressobr.com.br\/?p=2694"},"modified":"2026-01-27T13:44:45","modified_gmt":"2026-01-27T16:44:45","slug":"denuncia-de-irregularidades-no-colegio-estadual-do-parana-aponta-descaso-em-processo-seletivo","status":"publish","type":"post","link":"https:\/\/oexpressobr.com.br\/?p=2694","title":{"rendered":"Fam\u00edlia denuncia irregularidades em sele\u00e7\u00e3o do Col\u00e9gio Estadual do Paran\u00e1 e SEED rebate acusa\u00e7\u00f5es"},"content":{"rendered":"\n<p class=\"wp-block-paragraph\">\u200bO processo seletivo para o <strong>Col\u00e9gio Estadual do Paran\u00e1 (CEP)<\/strong>, uma das institui\u00e7\u00f5es de ensino mais tradicionais e disputadas do estado, tornou-se alvo de uma grave controv\u00e9rsia. Uma fam\u00edlia paranaense acusa a institui\u00e7\u00e3o de <strong>incompet\u00eancia e arbitrariedade<\/strong> ap\u00f3s a exclus\u00e3o de um estudante que apresentava bom desempenho acad\u00eamico. Segundo a den\u00fancia, houve descaso no tratamento de recursos administrativos, levantando d\u00favidas sobre a transpar\u00eancia do certame para o ano letivo de 2026.<\/p>\n\n\n\n<h3 class=\"wp-block-heading\">\u200bOs pontos centrais da den\u00fancia<\/h3>\n\n\n\n<p class=\"wp-block-paragraph\">\u200bDe acordo com informa\u00e7\u00f5es apuradas e relatos publicados pelo portal <em>Vig\u00edlia Comunica<\/em>, o cerne da quest\u00e3o reside em uma suposta falha na an\u00e1lise documental e de notas. A fam\u00edlia do candidato afirma que:<\/p>\n\n\n\n<ul class=\"wp-block-list\">\n<li>\u200b<strong>Crit\u00e9rios ignorados:<\/strong> O estudante possu\u00eda m\u00e9dia suficiente para a classifica\u00e7\u00e3o, mas foi preterido sem justificativa clara.<\/li>\n\n\n\n<li>\u200b<strong>Sil\u00eancio administrativo:<\/strong> Recursos formais teriam sido protocolados dentro do prazo, mas ignorados ou indeferidos de forma gen\u00e9rica, sem o devido detalhamento t\u00e9cnico.<\/li>\n\n\n\n<li>\u200b<strong>Falta de isonomia:<\/strong> A suspeita levantada \u00e9 de que o processo n\u00e3o estaria tratando todos os candidatos com o mesmo rigor t\u00e9cnico, prejudicando o direito ao acesso \u00e0 educa\u00e7\u00e3o p\u00fablica de qualidade.<\/li>\n<\/ul>\n\n\n\n<h3 class=\"wp-block-heading\">\u200bA resposta oficial: SEED e CEP se manifestam<\/h3>\n\n\n\n<p class=\"wp-block-paragraph\">\u200bAp\u00f3s um per\u00edodo de sil\u00eancio inicial, a <strong>Secretaria de Estado da Educa\u00e7\u00e3o (SEED)<\/strong>, procurada pelo <em>O Expresso BR<\/em>, emitiu uma nota oficial em conjunto com a dire\u00e7\u00e3o do Col\u00e9gio Estadual do Paran\u00e1. A gest\u00e3o nega qualquer irregularidade e sustenta a lisura do processo.<\/p>\n\n\n\n<p class=\"wp-block-paragraph\">\u200bEm nota, a institui\u00e7\u00e3o afirma:<\/p>\n\n\n\n<blockquote class=\"wp-block-quote is-layout-flow wp-block-quote-is-layout-flow\">\n<p class=\"wp-block-paragraph\">\u200b&#8221;O Col\u00e9gio Estadual do Paran\u00e1 refor\u00e7a que o processo classificat\u00f3rio para ingresso em 2026 respeitou \u00e0s normas previstas em edital, garantindo igualdade de condi\u00e7\u00f5es a todos os candidatos.&#8221;<\/p>\n<\/blockquote>\n\n\n\n<p class=\"wp-block-paragraph\">\u200bA pasta ainda destaca que todas as etapas foram conduzidas por uma <strong>comiss\u00e3o designada<\/strong> e que o acompanhamento pelos respons\u00e1veis foi garantido conforme os princ\u00edpios da administra\u00e7\u00e3o p\u00fablica.<\/p>\n\n\n\n<h3 class=\"wp-block-heading\">\u200bO cen\u00e1rio atual<\/h3>\n\n\n\n<p class=\"wp-block-paragraph\">\u200bO caso ganha repercuss\u00e3o em um momento em que as vagas no CEP s\u00e3o extremamente concorridas, funcionando quase como um &#8220;vestibulinho&#8221; devido \u00e0 alta demanda. Para especialistas em direito educacional, a transpar\u00eancia na divulga\u00e7\u00e3o das notas de corte e nos pareceres dos recursos \u00e9 fundamental para evitar que o prest\u00edgio da escola seja manchado por suspeitas de favorecimento ou erro operacional.<\/p>\n\n\n\n<p class=\"wp-block-paragraph\">\u200bAt\u00e9 o momento, a fam\u00edlia estuda medidas judiciais para garantir o acesso aos espelhos de corre\u00e7\u00e3o e aos fundamentos da desclassifica\u00e7\u00e3o. A SEED mant\u00e9m o posicionamento de que o edital foi seguido \u00e0 risca.<\/p>\n","protected":false},"excerpt":{"rendered":"<p>\u200bO processo seletivo para o Col\u00e9gio Estadual do Paran\u00e1 (CEP), uma das institui\u00e7\u00f5es de ensino mais tradicionais e disputadas do estado, tornou-se alvo de uma [&#8230;]<\/p>\n","protected":false},"author":1,"featured_media":2695,"comment_status":"open","ping_status":"open","sticky":false,"template":"","format":"standard","meta":{"_crdt_document":"","_jetpack_memberships_contains_paid_content":false,"footnotes":"","jetpack_publicize_message":"","jetpack_publicize_feature_enabled":true,"jetpack_social_post_already_shared":true,"jetpack_social_options":{"image_generator_settings":{"template":"highway","default_image_id":0,"font":"","enabled":false},"version":2}},"categories":[16],"tags":[],"class_list":["post-2694","post","type-post","status-publish","format-standard","has-post-thumbnail","hentry","category-denuncia"],"jetpack_publicize_connections":[],"jetpack_featured_media_url":"https:\/\/i0.wp.com\/oexpressobr.com.br\/wp-content\/uploads\/2026\/01\/1b0943_17881a6d9d2f4d17823b06a1ef8d5156mv2.webp?fit=1253%2C940&ssl=1","jetpack_likes_enabled":true,"jetpack_sharing_enabled":true,"_links":{"self":[{"href":"https:\/\/oexpressobr.com.br\/index.php?rest_route=\/wp\/v2\/posts\/2694","targetHints":{"allow":["GET"]}}],"collection":[{"href":"https:\/\/oexpressobr.com.br\/index.php?rest_route=\/wp\/v2\/posts"}],"about":[{"href":"https:\/\/oexpressobr.com.br\/index.php?rest_route=\/wp\/v2\/types\/post"}],"author":[{"embeddable":true,"href":"https:\/\/oexpressobr.com.br\/index.php?rest_route=\/wp\/v2\/users\/1"}],"replies":[{"embeddable":true,"href":"https:\/\/oexpressobr.com.br\/index.php?rest_route=%2Fwp%2Fv2%2Fcomments&post=2694"}],"version-history":[{"count":2,"href":"https:\/\/oexpressobr.com.br\/index.php?rest_route=\/wp\/v2\/posts\/2694\/revisions"}],"predecessor-version":[{"id":2698,"href":"https:\/\/oexpressobr.com.br\/index.php?rest_route=\/wp\/v2\/posts\/2694\/revisions\/2698"}],"wp:featuredmedia":[{"embeddable":true,"href":"https:\/\/oexpressobr.com.br\/index.php?rest_route=\/wp\/v2\/media\/2695"}],"wp:attachment":[{"href":"https:\/\/oexpressobr.com.br\/index.php?rest_route=%2Fwp%2Fv2%2Fmedia&parent=2694"}],"wp:term":[{"taxonomy":"category","embeddable":true,"href":"https:\/\/oexpressobr.com.br\/index.php?rest_route=%2Fwp%2Fv2%2Fcategories&post=2694"},{"taxonomy":"post_tag","embeddable":true,"href":"https:\/\/oexpressobr.com.br\/index.php?rest_route=%2Fwp%2Fv2%2Ftags&post=2694"}],"curies":[{"name":"wp","href":"https:\/\/api.w.org\/{rel}","templated":true}]}}