{"id":2717,"date":"2026-01-27T20:21:34","date_gmt":"2026-01-27T23:21:34","guid":{"rendered":"https:\/\/oexpressobr.com.br\/?p=2717"},"modified":"2026-01-27T20:21:35","modified_gmt":"2026-01-27T23:21:35","slug":"mpf-contesta-tjpr-e-da-parecer-favoravel-a-app-sindicato-sobre-a-hora-atividade","status":"publish","type":"post","link":"https:\/\/oexpressobr.com.br\/?p=2717","title":{"rendered":"MPF contesta TJPR e d\u00e1 parecer favor\u00e1vel \u00e0 APP-Sindicato sobre a hora-atividade"},"content":{"rendered":"\n<p class=\"wp-block-paragraph\">\u200bO Minist\u00e9rio P\u00fablico Federal (MPF) emitiu um parecer contundente que pode alterar os rumos da jornada de trabalho dos professores da rede p\u00fablica estadual do Paran\u00e1. O \u00f3rg\u00e3o acolheu os argumentos da <strong>APP-Sindicato<\/strong> em um recurso contra a decis\u00e3o do Tribunal de Justi\u00e7a do Paran\u00e1 (TJPR), que havia negado a obrigatoriedade do cumprimento integral da hora-atividade conforme estabelecido por cortes superiores.<\/p>\n\n\n\n<h3 class=\"wp-block-heading\">\u200bO n\u00facleo da disputa: 33% para planejamento<\/h3>\n\n\n\n<p class=\"wp-block-paragraph\">\u200bA controv\u00e9rsia gira em torno da aplica\u00e7\u00e3o da Lei Federal n\u00ba 11.738\/2008 (Lei do Piso), que reserva <strong>1\/3 da jornada de trabalho<\/strong> para atividades extraclasse \u2014 como corre\u00e7\u00e3o de provas e planejamento de aulas.<\/p>\n\n\n\n<p class=\"wp-block-paragraph\">\u200bEm junho de 2024, o TJPR havia rejeitado o pedido da categoria para obrigar a Secretaria de Estado da Educa\u00e7\u00e3o (Seed) a implementar esse percentual. No entanto, o MPF agora sustenta que a interpreta\u00e7\u00e3o do tribunal estadual est\u00e1 equivocada, pois ignora o entendimento j\u00e1 consolidado pelo Superior Tribunal de Justi\u00e7a (STJ) e pelo Supremo Tribunal Federal (STF).<\/p>\n\n\n\n<h3 class=\"wp-block-heading\">\u200bOs principais pontos do parecer do MPF:<\/h3>\n\n\n\n<ul class=\"wp-block-list\">\n<li>\u200b<strong>Hierarquia das Normas:<\/strong> O MPF refor\u00e7a que decis\u00f5es de tribunais superiores sobre a constitucionalidade do 1\/3 de hora-atividade devem ser seguidas obrigatoriamente pelos estados.<\/li>\n\n\n\n<li>\u200b<strong>Erro Judici\u00e1rio:<\/strong> O parecer aponta que o TJPR falhou ao n\u00e3o reconhecer o direito l\u00edquido e certo dos docentes paranaenses.<\/li>\n\n\n\n<li>\u200b<strong>Impacto na Qualidade de Ensino:<\/strong> A manifesta\u00e7\u00e3o destaca que a hora-atividade n\u00e3o \u00e9 um &#8220;privil\u00e9gio&#8221;, mas uma condi\u00e7\u00e3o t\u00e9cnica necess\u00e1ria para a qualidade da educa\u00e7\u00e3o b\u00e1sica.<\/li>\n<\/ul>\n","protected":false},"excerpt":{"rendered":"<p>\u200bO Minist\u00e9rio P\u00fablico Federal (MPF) emitiu um parecer contundente que pode alterar os rumos da jornada de trabalho dos professores da rede p\u00fablica estadual do [&#8230;]<\/p>\n","protected":false},"author":1,"featured_media":2718,"comment_status":"open","ping_status":"open","sticky":false,"template":"","format":"standard","meta":{"_crdt_document":"","_jetpack_memberships_contains_paid_content":false,"footnotes":"","jetpack_publicize_message":"","jetpack_publicize_feature_enabled":true,"jetpack_social_post_already_shared":true,"jetpack_social_options":{"image_generator_settings":{"template":"highway","default_image_id":0,"font":"","enabled":false},"version":2}},"categories":[6],"tags":[],"class_list":["post-2717","post","type-post","status-publish","format-standard","has-post-thumbnail","hentry","category-educacao"],"jetpack_publicize_connections":[],"jetpack_featured_media_url":"https:\/\/i0.wp.com\/oexpressobr.com.br\/wp-content\/uploads\/2026\/01\/29abril-2025-faixa-hora-atividade-foto-altvista.jpg?fit=750%2C392&ssl=1","jetpack_likes_enabled":true,"jetpack_sharing_enabled":true,"_links":{"self":[{"href":"https:\/\/oexpressobr.com.br\/index.php?rest_route=\/wp\/v2\/posts\/2717","targetHints":{"allow":["GET"]}}],"collection":[{"href":"https:\/\/oexpressobr.com.br\/index.php?rest_route=\/wp\/v2\/posts"}],"about":[{"href":"https:\/\/oexpressobr.com.br\/index.php?rest_route=\/wp\/v2\/types\/post"}],"author":[{"embeddable":true,"href":"https:\/\/oexpressobr.com.br\/index.php?rest_route=\/wp\/v2\/users\/1"}],"replies":[{"embeddable":true,"href":"https:\/\/oexpressobr.com.br\/index.php?rest_route=%2Fwp%2Fv2%2Fcomments&post=2717"}],"version-history":[{"count":1,"href":"https:\/\/oexpressobr.com.br\/index.php?rest_route=\/wp\/v2\/posts\/2717\/revisions"}],"predecessor-version":[{"id":2719,"href":"https:\/\/oexpressobr.com.br\/index.php?rest_route=\/wp\/v2\/posts\/2717\/revisions\/2719"}],"wp:featuredmedia":[{"embeddable":true,"href":"https:\/\/oexpressobr.com.br\/index.php?rest_route=\/wp\/v2\/media\/2718"}],"wp:attachment":[{"href":"https:\/\/oexpressobr.com.br\/index.php?rest_route=%2Fwp%2Fv2%2Fmedia&parent=2717"}],"wp:term":[{"taxonomy":"category","embeddable":true,"href":"https:\/\/oexpressobr.com.br\/index.php?rest_route=%2Fwp%2Fv2%2Fcategories&post=2717"},{"taxonomy":"post_tag","embeddable":true,"href":"https:\/\/oexpressobr.com.br\/index.php?rest_route=%2Fwp%2Fv2%2Ftags&post=2717"}],"curies":[{"name":"wp","href":"https:\/\/api.w.org\/{rel}","templated":true}]}}