{"id":272,"date":"2025-12-03T07:40:42","date_gmt":"2025-12-03T10:40:42","guid":{"rendered":"https:\/\/oexpressobr.com.br\/?p=272"},"modified":"2025-12-03T07:40:43","modified_gmt":"2025-12-03T10:40:43","slug":"reforma-administrativa-e-desmonte-do-estado-para-abrir-brecha-para-privatizacao-diz-fattorelli-a-fenasps","status":"publish","type":"post","link":"https:\/\/oexpressobr.com.br\/?p=272","title":{"rendered":"Reforma administrativa \u00e9 desmonte do estado para abrir brecha para privatiza\u00e7\u00e3o, diz Fattorelli \u00e0 fenasps"},"content":{"rendered":"\n<p class=\"wp-block-paragraph\">Reforma administrativa \u00e9 desmonte do estado para abrir brecha para privatiza\u00e7\u00e3o, diz fattorelli \u00e0 fenasps<br>A economista e coordenadora nacional da Auditoria Cidad\u00e3 da D\u00edvida, Maria Lucia Fattorelli, alertou a Federa\u00e7\u00e3o Nacional de Sindicatos de Trabalhadores em Sa\u00fade, Trabalho, Previd\u00eancia e Assist\u00eancia Social (FENASPS) sobre os riscos da Proposta de Emenda \u00e0 Constitui\u00e7\u00e3o (PEC) que trata da Reforma Administrativa. Em debate com a categoria, Fattorelli classificou a proposta como um movimento de destrui\u00e7\u00e3o do Estado, com o objetivo claro de pavimentar o caminho para a privatiza\u00e7\u00e3o de servi\u00e7os essenciais.<br>A declara\u00e7\u00e3o, proferida em um semin\u00e1rio da entidade, resume o cerne da mobiliza\u00e7\u00e3o nacional contra a medida. A FENASPS, que lidera atos e manifesta\u00e7\u00f5es em Bras\u00edlia e nos estados, utiliza a hashtag #Nao\u00c9reforma\u00c9desmonte para sintetizar a resist\u00eancia do funcionalismo p\u00fablico.<br>Desmonte para abrir brecha \u00e0 privatiza\u00e7\u00e3o<br>Em sua an\u00e1lise, Maria Lucia Fattorelli detalha que a proposta em discuss\u00e3o vai muito al\u00e9m de uma reestrutura\u00e7\u00e3o do funcionalismo p\u00fablico. Ela a define como um \u201cdesmonte da estrutura do Estado para abrir brecha para privatiza\u00e7\u00e3o, terceiriza\u00e7\u00e3o e extin\u00e7\u00e3o mesmo de v\u00e1rios servi\u00e7os\u201d [01:02].<br>Segundo a economista [00:31], a descontinuidade de servi\u00e7os p\u00fablicos gratuitos tem um impacto direto e catastr\u00f3fico sobre a &#8220;imensa maioria do povo brasileiro&#8221; que depende da sa\u00fade, educa\u00e7\u00e3o e seguran\u00e7a prestadas pelo setor p\u00fablico, especialmente em um pa\u00eds com sal\u00e1rios considerados baix\u00edssimos, onde o acesso a servi\u00e7os privados \u00e9 invi\u00e1vel. A proposta, ao prever a &#8220;extin\u00e7\u00e3o de carreiras&#8221; [01:13] e reduzir a capacidade de investimento do Estado, ataca a pr\u00f3pria estrutura que garante direitos sociais.<br>Luta contra o arrocho e a precariza\u00e7\u00e3o<br>O posicionamento de Fattorelli ecoa as preocupa\u00e7\u00f5es mais recentes da FENASPS e do funcionalismo. A Federa\u00e7\u00e3o tem destacado que a proposta legislativa em tramita\u00e7\u00e3o no Congresso, frequentemente referenciada como PEC 38, atinge pontos cruciais dos direitos e da estabilidade dos servidores, sob o falso discurso de modernidade.<br>Entre os principais ataques contidos na proposta, listados pela FENASPS, est\u00e3o:<\/p>\n\n\n\n<ul class=\"wp-block-list\">\n<li>Fim da Estabilidade: Amea\u00e7a \u00e0 estabilidade do servidor atrav\u00e9s da regulamenta\u00e7\u00e3o de uma avalia\u00e7\u00e3o punitiva de desempenho, abrindo brecha para demiss\u00f5es.<\/li>\n\n\n\n<li>Ataque a Carreiras: Destrui\u00e7\u00e3o dos Planos de Carreiras vigentes e amea\u00e7a \u00e0 progress\u00e3o por tempo de servi\u00e7o.<\/li>\n\n\n\n<li>Congelamento e Teto Salarial: Limita\u00e7\u00e3o salarial a at\u00e9 50% do inicial de carreira e normatiza\u00e7\u00e3o do congelamento de sal\u00e1rio.<\/li>\n\n\n\n<li>Regime Disciplinar: Institui\u00e7\u00e3o de metas individuais de resultados e normatiza\u00e7\u00e3o de instrumentos que podem levar ao ass\u00e9dio moral no ambiente de trabalho.<br>A luta contra a Reforma Administrativa, que Fattorelli tamb\u00e9m conecta ao aprofundamento do Arcabou\u00e7o Fiscal do pa\u00eds, mobiliza sindicatos e categorias em um esfor\u00e7o unificado para defender o servi\u00e7o p\u00fablico como um direito fundamental e barrar o avan\u00e7o da l\u00f3gica neoliberal na administra\u00e7\u00e3o estatal. A FENASPS convoca a mobiliza\u00e7\u00e3o permanente, reafirmando que &#8220;Defender os servi\u00e7os p\u00fablicos \u00e9 defender o direito do povo trabalhador a sa\u00fade, previd\u00eancia e educa\u00e7\u00e3o de qualidade&#8221;.<br>A discuss\u00e3o completa com a Maria Lucia Fattorelli est\u00e1 dispon\u00edvel no v\u00eddeo do canal Auditoria Cidad\u00e3 da D\u00edvida: \u201cReforma Administrativa \u00e9 desmonte do Estado para abrir brecha para privatiza\u00e7\u00e3o\u201d, diz Fattorelli.<\/li>\n<\/ul>\n\n\n\n<p class=\"wp-block-paragraph\"><\/p>\n","protected":false},"excerpt":{"rendered":"<p>Reforma administrativa \u00e9 desmonte do estado para abrir brecha para privatiza\u00e7\u00e3o, diz fattorelli \u00e0 fenaspsA economista e coordenadora nacional da Auditoria Cidad\u00e3 da D\u00edvida, Maria [&#8230;]<\/p>\n","protected":false},"author":1,"featured_media":273,"comment_status":"open","ping_status":"open","sticky":false,"template":"","format":"standard","meta":{"_crdt_document":"","_jetpack_memberships_contains_paid_content":false,"footnotes":"","jetpack_publicize_message":"","jetpack_publicize_feature_enabled":true,"jetpack_social_post_already_shared":false,"jetpack_social_options":{"image_generator_settings":{"template":"highway","default_image_id":0,"font":"","enabled":false},"version":2}},"categories":[3],"tags":[],"class_list":["post-272","post","type-post","status-publish","format-standard","has-post-thumbnail","hentry","category-brasil"],"jetpack_publicize_connections":[],"jetpack_featured_media_url":"https:\/\/i0.wp.com\/oexpressobr.com.br\/wp-content\/uploads\/2025\/12\/images2.jpg?fit=576%2C396&ssl=1","jetpack_likes_enabled":true,"jetpack_sharing_enabled":true,"_links":{"self":[{"href":"https:\/\/oexpressobr.com.br\/index.php?rest_route=\/wp\/v2\/posts\/272","targetHints":{"allow":["GET"]}}],"collection":[{"href":"https:\/\/oexpressobr.com.br\/index.php?rest_route=\/wp\/v2\/posts"}],"about":[{"href":"https:\/\/oexpressobr.com.br\/index.php?rest_route=\/wp\/v2\/types\/post"}],"author":[{"embeddable":true,"href":"https:\/\/oexpressobr.com.br\/index.php?rest_route=\/wp\/v2\/users\/1"}],"replies":[{"embeddable":true,"href":"https:\/\/oexpressobr.com.br\/index.php?rest_route=%2Fwp%2Fv2%2Fcomments&post=272"}],"version-history":[{"count":0,"href":"https:\/\/oexpressobr.com.br\/index.php?rest_route=\/wp\/v2\/posts\/272\/revisions"}],"wp:featuredmedia":[{"embeddable":true,"href":"https:\/\/oexpressobr.com.br\/index.php?rest_route=\/wp\/v2\/media\/273"}],"wp:attachment":[{"href":"https:\/\/oexpressobr.com.br\/index.php?rest_route=%2Fwp%2Fv2%2Fmedia&parent=272"}],"wp:term":[{"taxonomy":"category","embeddable":true,"href":"https:\/\/oexpressobr.com.br\/index.php?rest_route=%2Fwp%2Fv2%2Fcategories&post=272"},{"taxonomy":"post_tag","embeddable":true,"href":"https:\/\/oexpressobr.com.br\/index.php?rest_route=%2Fwp%2Fv2%2Ftags&post=272"}],"curies":[{"name":"wp","href":"https:\/\/api.w.org\/{rel}","templated":true}]}}