{"id":2724,"date":"2026-01-28T04:32:16","date_gmt":"2026-01-28T07:32:16","guid":{"rendered":"https:\/\/oexpressobr.com.br\/?p=2724"},"modified":"2026-01-28T04:36:39","modified_gmt":"2026-01-28T07:36:39","slug":"boca-aberta-ataca-gestao-de-suzie-pucillo-em-astorga-e-denuncia-suposto-cabide-de-empregos","status":"publish","type":"post","link":"https:\/\/oexpressobr.com.br\/?p=2724","title":{"rendered":"Boca Aberta ataca gest\u00e3o de Suzie Pucillo em Astorga e denuncia suposto cabide de empregos"},"content":{"rendered":"\n<p class=\"wp-block-paragraph\">O cen\u00e1rio pol\u00edtico de Astorga, no Norte do Paran\u00e1, ganhou contornos dram\u00e1ticos nesta semana. O ex-deputado federal <strong>Boca Aberta<\/strong> publicou um v\u00eddeo pol\u00eamico em suas redes sociais disparando graves acusa\u00e7\u00f5es contra a atual administra\u00e7\u00e3o da prefeita <strong>Suzie Pucillo<\/strong>. Com seu estilo caracter\u00edstico e estridente, o ex-parlamentar listou uma s\u00e9rie de supostas irregularidades que v\u00e3o desde nepotismo at\u00e9 esquemas envolvendo empresas de cart\u00f5es de benef\u00edcio.<\/p>\n\n\n\n<h3 class=\"wp-block-heading\">\u200bAs principais acusa\u00e7\u00f5es<\/h3>\n\n\n\n<p class=\"wp-block-paragraph\">\u200bNo v\u00eddeo, que rapidamente viralizou em grupos de mensagens da regi\u00e3o, Boca Aberta foca em pontos sens\u00edveis da gest\u00e3o municipal:<\/p>\n\n\n\n<ul class=\"wp-block-list\">\n<li>\u200b<strong>Nepotismo e Nomea\u00e7\u00f5es:<\/strong> O ex-deputado afirma que a prefeita nomeou o pr\u00f3prio filho para cargos na administra\u00e7\u00e3o e que a prefeitura teria se tornado um &#8220;cabide de empregos&#8221; com a cria\u00e7\u00e3o de mais de <strong>10 novas secretarias<\/strong> e cerca de <strong>200 cargos comissionados<\/strong>.<\/li>\n\n\n\n<li>\u200b<strong>A &#8220;Farra&#8221; dos Sal\u00e1rios:<\/strong> Outro ponto atacado foi a nomea\u00e7\u00e3o de um ex-prefeito da cidade para um cargo estrat\u00e9gico com alto rendimento, o que Boca Aberta classifica como &#8220;uso da m\u00e1quina p\u00fablica para favores pol\u00edticos&#8221;.<\/li>\n\n\n\n<li>\u200b<strong>Crise no Com\u00e9rcio:<\/strong> A den\u00fancia menciona um suposto calote em comerciantes locais atrav\u00e9s de empresas de cart\u00e3o de cr\u00e9dito\/benef\u00edcio vinculadas \u00e0 prefeitura, al\u00e9m de gastos excessivos e question\u00e1veis com a decora\u00e7\u00e3o de Natal.<\/li>\n<\/ul>\n\n\n\n<h3 class=\"wp-block-heading\">\u200bO Contexto Pol\u00edtico<\/h3>\n\n\n\n<p class=\"wp-block-paragraph\">\u200bA prefeita Suzie Pucillo, que faz hist\u00f3ria como a primeira mulher a governar o munic\u00edpio, enfrenta uma oposi\u00e7\u00e3o vigilante. Recentemente, a administra\u00e7\u00e3o de Astorga tem sido alvo de debates na C\u00e2mara Municipal justamente pela estrutura administrativa e pelo n\u00famero de cargos de confian\u00e7a, temas que o v\u00eddeo de Boca Aberta agora traz para o debate p\u00fablico de forma mais agressiva.<\/p>\n\n\n\n<h3 class=\"wp-block-heading\">\u200bO Outro Lado<\/h3>\n\n\n\n<p class=\"wp-block-paragraph\">\u200bAt\u00e9 o momento, a Prefeitura de Astorga n\u00e3o emitiu uma nota oficial detalhada rebatendo ponto a ponto as falas do ex-deputado. No entanto, em ocasi\u00f5es anteriores, a gest\u00e3o Pucillo defendeu que as reformas administrativas visam a moderniza\u00e7\u00e3o da m\u00e1quina p\u00fablica e que todas as nomea\u00e7\u00f5es seguem os crit\u00e9rios legais de compet\u00eancia t\u00e9cnica.<\/p>\n\n\n\n<blockquote class=\"wp-block-quote is-layout-flow wp-block-quote-is-layout-flow\">\n<p class=\"wp-block-paragraph\">\u200b<strong>Nota do Redator:<\/strong> \u00c9 importante ressaltar que o ex-deputado Boca Aberta \u00e9 conhecido por seu hist\u00f3rico de confrontos pol\u00edticos e teve seu mandato cassado em 2021, o que frequentemente coloca suas declara\u00e7\u00f5es sob intenso escrut\u00ednio judicial.<\/p>\n<\/blockquote>\n\n\n\n<p class=\"wp-block-paragraph\">Veja o v\u00eddeo <\/p>\n\n\n\n<p class=\"wp-block-paragraph\">https:\/\/www.facebook.com\/share\/v\/1ay5CTFyq3\/<\/p>\n","protected":false},"excerpt":{"rendered":"<p>O cen\u00e1rio pol\u00edtico de Astorga, no Norte do Paran\u00e1, ganhou contornos dram\u00e1ticos nesta semana. O ex-deputado federal Boca Aberta publicou um v\u00eddeo pol\u00eamico em suas [&#8230;]<\/p>\n","protected":false},"author":1,"featured_media":2725,"comment_status":"open","ping_status":"open","sticky":false,"template":"","format":"standard","meta":{"_crdt_document":"","_jetpack_memberships_contains_paid_content":false,"footnotes":"","jetpack_publicize_message":"","jetpack_publicize_feature_enabled":true,"jetpack_social_post_already_shared":true,"jetpack_social_options":{"image_generator_settings":{"template":"highway","default_image_id":0,"font":"","enabled":false},"version":2}},"categories":[5],"tags":[],"class_list":["post-2724","post","type-post","status-publish","format-standard","has-post-thumbnail","hentry","category-parana"],"jetpack_publicize_connections":[],"jetpack_featured_media_url":"https:\/\/i0.wp.com\/oexpressobr.com.br\/wp-content\/uploads\/2026\/01\/images22.jpg?fit=698%2C439&ssl=1","jetpack_likes_enabled":true,"jetpack_sharing_enabled":true,"_links":{"self":[{"href":"https:\/\/oexpressobr.com.br\/index.php?rest_route=\/wp\/v2\/posts\/2724","targetHints":{"allow":["GET"]}}],"collection":[{"href":"https:\/\/oexpressobr.com.br\/index.php?rest_route=\/wp\/v2\/posts"}],"about":[{"href":"https:\/\/oexpressobr.com.br\/index.php?rest_route=\/wp\/v2\/types\/post"}],"author":[{"embeddable":true,"href":"https:\/\/oexpressobr.com.br\/index.php?rest_route=\/wp\/v2\/users\/1"}],"replies":[{"embeddable":true,"href":"https:\/\/oexpressobr.com.br\/index.php?rest_route=%2Fwp%2Fv2%2Fcomments&post=2724"}],"version-history":[{"count":2,"href":"https:\/\/oexpressobr.com.br\/index.php?rest_route=\/wp\/v2\/posts\/2724\/revisions"}],"predecessor-version":[{"id":2728,"href":"https:\/\/oexpressobr.com.br\/index.php?rest_route=\/wp\/v2\/posts\/2724\/revisions\/2728"}],"wp:featuredmedia":[{"embeddable":true,"href":"https:\/\/oexpressobr.com.br\/index.php?rest_route=\/wp\/v2\/media\/2725"}],"wp:attachment":[{"href":"https:\/\/oexpressobr.com.br\/index.php?rest_route=%2Fwp%2Fv2%2Fmedia&parent=2724"}],"wp:term":[{"taxonomy":"category","embeddable":true,"href":"https:\/\/oexpressobr.com.br\/index.php?rest_route=%2Fwp%2Fv2%2Fcategories&post=2724"},{"taxonomy":"post_tag","embeddable":true,"href":"https:\/\/oexpressobr.com.br\/index.php?rest_route=%2Fwp%2Fv2%2Ftags&post=2724"}],"curies":[{"name":"wp","href":"https:\/\/api.w.org\/{rel}","templated":true}]}}