{"id":2731,"date":"2026-01-28T04:44:31","date_gmt":"2026-01-28T07:44:31","guid":{"rendered":"https:\/\/oexpressobr.com.br\/?p=2731"},"modified":"2026-01-28T04:44:32","modified_gmt":"2026-01-28T07:44:32","slug":"morretes-servidores-municipais-e-prefeitura-enfrentam-alerta-sanitario-por-exposicao-a-restos-mortais-no-cemiterio","status":"publish","type":"post","link":"https:\/\/oexpressobr.com.br\/?p=2731","title":{"rendered":"Morretes: servidores municipais e Prefeitura enfrentam alerta sanit\u00e1rio por exposi\u00e7\u00e3o a restos mortais no cemit\u00e9rio"},"content":{"rendered":"\n<p class=\"wp-block-paragraph\">Uma grave den\u00fancia sobre as condi\u00e7\u00f5es de trabalho e seguran\u00e7a sanit\u00e1ria no Cemit\u00e9rio Municipal Santa Esperan\u00e7a, em Morretes, colocou a administra\u00e7\u00e3o p\u00fablica e o sindicato dos servidores em estado de alerta. Informa\u00e7\u00f5es recentes apontam que funcion\u00e1rios da Prefeitura estariam sendo expostos a riscos biol\u00f3gicos severos durante o manejo direto de restos mortais, em decorr\u00eancia da superlota\u00e7\u00e3o e da necessidade urgente de reorganiza\u00e7\u00e3o dos jazigos.<\/p>\n\n\n\n<p class=\"wp-block-paragraph\">\u200bO problema ganhou for\u00e7a neste in\u00edcio de 2026, ap\u00f3s o encerramento do prazo de recadastramento obrigat\u00f3rio de t\u00famulos, ocorrido em dezembro de 2025. A medida, liderada pela <strong>Secretaria Municipal de Meio Ambiente e Urbanismo<\/strong>, visava regularizar as concess\u00f5es e identificar t\u00famulos abandonados. Contudo, a execu\u00e7\u00e3o pr\u00e1tica da retomada desses espa\u00e7os tem gerado cenas preocupantes de exposi\u00e7\u00e3o de material biol\u00f3gico.<\/p>\n\n\n\n<h3 class=\"wp-block-heading\">\u200bFalta de EPIs e risco de contamina\u00e7\u00e3o<\/h3>\n\n\n\n<p class=\"wp-block-paragraph\">\u200bRelatos de servidores, que preferem n\u00e3o se identificar por medo de repres\u00e1lias, indicam que a estrutura oferecida pela Prefeitura para a exuma\u00e7\u00e3o e limpeza de jazigos \u00e9 insuficiente.<\/p>\n\n\n\n<ul class=\"wp-block-list\">\n<li>\u200b<strong>Equipamentos prec\u00e1rios:<\/strong> H\u00e1 queixas de que luvas, m\u00e1scaras de alta filtragem e macac\u00f5es imperme\u00e1veis n\u00e3o s\u00e3o fornecidos na frequ\u00eancia necess\u00e1ria.<\/li>\n\n\n\n<li>\u200b<strong>Contato direto:<\/strong> Em casos de t\u00famulos antigos ou danificados por infiltra\u00e7\u00f5es \u2014 problema cr\u00f4nico na regi\u00e3o devido \u00e0 alta umidade do solo litor\u00e2neo \u2014, restos mortais em diferentes est\u00e1gios de decomposi\u00e7\u00e3o ficam expostos, elevando o risco de doen\u00e7as infectocontagiosas.<\/li>\n\n\n\n<li>\u200b<strong>Vandalismo e abandono:<\/strong> Recentemente, o cemit\u00e9rio tamb\u00e9m foi alvo de viola\u00e7\u00f5es de t\u00famulos, o que agravou o cen\u00e1rio de insalubridade, deixando ossadas e res\u00edduos funer\u00e1rios a c\u00e9u aberto at\u00e9 a interven\u00e7\u00e3o das equipes de limpeza.<\/li>\n<\/ul>\n\n\n\n<h3 class=\"wp-block-heading\">\u200bO posicionamento da Prefeitura e as novas medidas<\/h3>\n\n\n\n<p class=\"wp-block-paragraph\">\u200bA gest\u00e3o do prefeito <strong>Sebasti\u00e3o Brindarolli Junior<\/strong> (Junior Brindarolli) tem buscado modernizar o espa\u00e7o para mitigar o caos log\u00edstico. Entre as a\u00e7\u00f5es em curso para 2026, destacam-se:<\/p>\n\n\n\n<ol class=\"wp-block-list\">\n<li>\u200b<strong>Instala\u00e7\u00e3o de C\u00e2meras:<\/strong> Um projeto de monitoramento por v\u00eddeo est\u00e1 sendo finalizado para coibir o vandalismo e a viola\u00e7\u00e3o de sepulturas.<\/li>\n\n\n\n<li>\u200b<strong>Reforma da Capela Mortu\u00e1ria:<\/strong> Ap\u00f3s d\u00e9cadas de abandono, a estrutura passou por obras para conter o cedimento do piso e impermeabilizar paredes, buscando oferecer um ambiente minimamente digno.<\/li>\n\n\n\n<li>\u200b<strong>Edital de Retomada:<\/strong> T\u00famulos n\u00e3o recadastrados at\u00e9 o final de 2025 est\u00e3o sendo inclu\u00eddos em editais p\u00fablicos para que a Prefeitura assuma a gest\u00e3o, o que deve aumentar o volume de trabalho dos servidores nas pr\u00f3ximas semanas.<\/li>\n<\/ol>\n","protected":false},"excerpt":{"rendered":"<p>Uma grave den\u00fancia sobre as condi\u00e7\u00f5es de trabalho e seguran\u00e7a sanit\u00e1ria no Cemit\u00e9rio Municipal Santa Esperan\u00e7a, em Morretes, colocou a administra\u00e7\u00e3o p\u00fablica e o sindicato [&#8230;]<\/p>\n","protected":false},"author":1,"featured_media":2732,"comment_status":"open","ping_status":"open","sticky":false,"template":"","format":"standard","meta":{"_crdt_document":"","_jetpack_memberships_contains_paid_content":false,"footnotes":"","jetpack_publicize_message":"","jetpack_publicize_feature_enabled":true,"jetpack_social_post_already_shared":true,"jetpack_social_options":{"image_generator_settings":{"template":"highway","default_image_id":0,"font":"","enabled":false},"version":2}},"categories":[5],"tags":[],"class_list":["post-2731","post","type-post","status-publish","format-standard","has-post-thumbnail","hentry","category-parana"],"jetpack_publicize_connections":[],"jetpack_featured_media_url":"https:\/\/i0.wp.com\/oexpressobr.com.br\/wp-content\/uploads\/2026\/01\/images23.jpg?fit=576%2C324&ssl=1","jetpack_likes_enabled":true,"jetpack_sharing_enabled":true,"_links":{"self":[{"href":"https:\/\/oexpressobr.com.br\/index.php?rest_route=\/wp\/v2\/posts\/2731","targetHints":{"allow":["GET"]}}],"collection":[{"href":"https:\/\/oexpressobr.com.br\/index.php?rest_route=\/wp\/v2\/posts"}],"about":[{"href":"https:\/\/oexpressobr.com.br\/index.php?rest_route=\/wp\/v2\/types\/post"}],"author":[{"embeddable":true,"href":"https:\/\/oexpressobr.com.br\/index.php?rest_route=\/wp\/v2\/users\/1"}],"replies":[{"embeddable":true,"href":"https:\/\/oexpressobr.com.br\/index.php?rest_route=%2Fwp%2Fv2%2Fcomments&post=2731"}],"version-history":[{"count":1,"href":"https:\/\/oexpressobr.com.br\/index.php?rest_route=\/wp\/v2\/posts\/2731\/revisions"}],"predecessor-version":[{"id":2733,"href":"https:\/\/oexpressobr.com.br\/index.php?rest_route=\/wp\/v2\/posts\/2731\/revisions\/2733"}],"wp:featuredmedia":[{"embeddable":true,"href":"https:\/\/oexpressobr.com.br\/index.php?rest_route=\/wp\/v2\/media\/2732"}],"wp:attachment":[{"href":"https:\/\/oexpressobr.com.br\/index.php?rest_route=%2Fwp%2Fv2%2Fmedia&parent=2731"}],"wp:term":[{"taxonomy":"category","embeddable":true,"href":"https:\/\/oexpressobr.com.br\/index.php?rest_route=%2Fwp%2Fv2%2Fcategories&post=2731"},{"taxonomy":"post_tag","embeddable":true,"href":"https:\/\/oexpressobr.com.br\/index.php?rest_route=%2Fwp%2Fv2%2Ftags&post=2731"}],"curies":[{"name":"wp","href":"https:\/\/api.w.org\/{rel}","templated":true}]}}