{"id":2736,"date":"2026-01-28T04:55:33","date_gmt":"2026-01-28T07:55:33","guid":{"rendered":"https:\/\/oexpressobr.com.br\/?p=2736"},"modified":"2026-01-28T04:55:34","modified_gmt":"2026-01-28T07:55:34","slug":"policia-federal-avanca-em-investigacao-sobre-compra-de-votos-em-laranjeiras-do-sul-e-novas-provas-podem-comprometer-liderancas-locais","status":"publish","type":"post","link":"https:\/\/oexpressobr.com.br\/?p=2736","title":{"rendered":"POL\u00cdCIA FEDERAL AVAN\u00c7A em investiga\u00e7\u00e3o sobre compra de votos em Laranjeiras do Sul e novas provas podem comprometer lideran\u00e7as locais"},"content":{"rendered":"\n<p class=\"wp-block-paragraph\">O cen\u00e1rio pol\u00edtico de Laranjeiras do Sul segue sob forte tens\u00e3o ap\u00f3s o desdobramento de investiga\u00e7\u00f5es da Pol\u00edcia Federal (PF) que apuram um suposto esquema de corrup\u00e7\u00e3o eleitoral nas Elei\u00e7\u00f5es 2024. O caso, que ganhou repercuss\u00e3o nacional ap\u00f3s pris\u00f5es em flagrante no per\u00edodo do pleito, agora entra em uma fase cr\u00edtica com a an\u00e1lise de novos materiais apreendidos pela corpora\u00e7\u00e3o.<\/p>\n\n\n\n<h3 class=\"wp-block-heading\">\u200bO in\u00edcio do caso: Flagrante e apreens\u00f5es<\/h3>\n\n\n\n<p class=\"wp-block-paragraph\">\u200bA investiga\u00e7\u00e3o ganhou corpo \u00e0s v\u00e9speras da vota\u00e7\u00e3o, em outubro de 2024, quando a Pol\u00edcia Federal prendeu um homem em flagrante no munic\u00edpio. Na ocasi\u00e3o, o suspeito foi abordado com uma expressiva quantia de dinheiro em esp\u00e9cie, materiais de campanha de candidatos locais e, o que mais chamou a aten\u00e7\u00e3o dos investigadores: listas detalhadas contendo nomes de eleitores e valores que seriam supostamente destinados ao pagamento por votos.<\/p>\n\n\n\n<p class=\"wp-block-paragraph\">\u200bA a\u00e7\u00e3o foi resultado de um trabalho conjunto entre a Pol\u00edcia Militar e a PF, que j\u00e1 monitoravam movimenta\u00e7\u00f5es at\u00edpicas na regi\u00e3o. Desde ent\u00e3o, o inqu\u00e9rito busca identificar se o esquema era isolado ou se fazia parte de uma estrutura maior de financiamento il\u00edcito de campanha.<\/p>\n\n\n\n<h3 class=\"wp-block-heading\">\u200bNovas provas e o avan\u00e7o das investiga\u00e7\u00f5es<\/h3>\n\n\n\n<p class=\"wp-block-paragraph\">\u200bFontes ligadas \u00e0 investiga\u00e7\u00e3o indicam que a per\u00edcia em dispositivos eletr\u00f4nicos e os depoimentos colhidos nos \u00faltimos meses trouxeram &#8220;elementos robustos&#8221; que conectam o dinheiro apreendido a coordenadores de grupos pol\u00edticos influentes na cidade.<\/p>\n\n\n\n<p class=\"wp-block-paragraph\">\u200bEmbora o atual prefeito, Berto Silva, e seu grupo pol\u00edtico tenham sido vitoriosos na sucess\u00e3o municipal com a elei\u00e7\u00e3o de Jaison Mendes (Uni\u00e3o), a oposi\u00e7\u00e3o, liderada por nomes como Scarpari (PSD), tem acompanhado de perto os desdobramentos jur\u00eddicos. A Justi\u00e7a Eleitoral agora avalia se houve abuso de poder econ\u00f4mico capaz de desequilibrar a disputa, o que poderia, em \u00faltima inst\u00e2ncia, levar \u00e0 cassa\u00e7\u00e3o de mandatos ou \u00e0 inelegibilidade dos envolvidos.<\/p>\n\n\n\n<h3 class=\"wp-block-heading\">\u200bO que dizem os envolvidos<\/h3>\n\n\n\n<p class=\"wp-block-paragraph\">\u200bAt\u00e9 o momento, as defesas dos citados nos autos mant\u00eam a postura de cautela, afirmando que as acusa\u00e7\u00f5es s\u00e3o infundadas e que os recursos de campanha foram movimentados dentro da legalidade. O Minist\u00e9rio P\u00fablico Eleitoral (MPE) tamb\u00e9m atua no caso e deve apresentar novos pareceres assim que o relat\u00f3rio final da Pol\u00edcia Federal for conclu\u00eddo.<\/p>\n\n\n\n<h3 class=\"wp-block-heading\">\u200bContexto regional<\/h3>\n\n\n\n<p class=\"wp-block-paragraph\">\u200bLaranjeiras do Sul n\u00e3o \u00e9 um caso isolado. A Pol\u00edcia Federal confirmou que monitora ind\u00edcios de compra de votos em mais de 700 munic\u00edpios brasileiros referente ao \u00faltimo pleito. No Paran\u00e1, o foco em cidades do interior tem sido redobrado para evitar que pr\u00e1ticas de &#8220;coronelismo moderno&#8221; ou o uso da m\u00e1quina p\u00fablica interfiram na soberania do voto popular.<\/p>\n\n\n\n<p class=\"wp-block-paragraph\">\u200bA expectativa \u00e9 que, nas pr\u00f3ximas semanas, novos mandados de busca ou intima\u00e7\u00f5es sejam realizados para esclarecer a origem do montante em dinheiro que desencadeou toda a opera\u00e7\u00e3o.<\/p>\n\n\n\n<p class=\"wp-block-paragraph\">\u200b<strong>Servi\u00e7o:<\/strong><\/p>\n\n\n\n<p class=\"wp-block-paragraph\">Den\u00fancias de crimes eleitorais podem ser feitas anonimamente atrav\u00e9s do aplicativo <strong>Pardal<\/strong>, da Justi\u00e7a Eleitoral, ou diretamente nas unidades da Pol\u00edcia Federal.<\/p>\n","protected":false},"excerpt":{"rendered":"<p>O cen\u00e1rio pol\u00edtico de Laranjeiras do Sul segue sob forte tens\u00e3o ap\u00f3s o desdobramento de investiga\u00e7\u00f5es da Pol\u00edcia Federal (PF) que apuram um suposto esquema [&#8230;]<\/p>\n","protected":false},"author":1,"featured_media":2737,"comment_status":"open","ping_status":"open","sticky":false,"template":"","format":"standard","meta":{"_crdt_document":"","_jetpack_memberships_contains_paid_content":false,"footnotes":"","jetpack_publicize_message":"","jetpack_publicize_feature_enabled":true,"jetpack_social_post_already_shared":true,"jetpack_social_options":{"image_generator_settings":{"template":"highway","default_image_id":0,"font":"","enabled":false},"version":2}},"categories":[5],"tags":[],"class_list":["post-2736","post","type-post","status-publish","format-standard","has-post-thumbnail","hentry","category-parana"],"jetpack_publicize_connections":[],"jetpack_featured_media_url":"https:\/\/i0.wp.com\/oexpressobr.com.br\/wp-content\/uploads\/2026\/01\/images24.jpg?fit=576%2C384&ssl=1","jetpack_likes_enabled":true,"jetpack_sharing_enabled":true,"_links":{"self":[{"href":"https:\/\/oexpressobr.com.br\/index.php?rest_route=\/wp\/v2\/posts\/2736","targetHints":{"allow":["GET"]}}],"collection":[{"href":"https:\/\/oexpressobr.com.br\/index.php?rest_route=\/wp\/v2\/posts"}],"about":[{"href":"https:\/\/oexpressobr.com.br\/index.php?rest_route=\/wp\/v2\/types\/post"}],"author":[{"embeddable":true,"href":"https:\/\/oexpressobr.com.br\/index.php?rest_route=\/wp\/v2\/users\/1"}],"replies":[{"embeddable":true,"href":"https:\/\/oexpressobr.com.br\/index.php?rest_route=%2Fwp%2Fv2%2Fcomments&post=2736"}],"version-history":[{"count":1,"href":"https:\/\/oexpressobr.com.br\/index.php?rest_route=\/wp\/v2\/posts\/2736\/revisions"}],"predecessor-version":[{"id":2738,"href":"https:\/\/oexpressobr.com.br\/index.php?rest_route=\/wp\/v2\/posts\/2736\/revisions\/2738"}],"wp:featuredmedia":[{"embeddable":true,"href":"https:\/\/oexpressobr.com.br\/index.php?rest_route=\/wp\/v2\/media\/2737"}],"wp:attachment":[{"href":"https:\/\/oexpressobr.com.br\/index.php?rest_route=%2Fwp%2Fv2%2Fmedia&parent=2736"}],"wp:term":[{"taxonomy":"category","embeddable":true,"href":"https:\/\/oexpressobr.com.br\/index.php?rest_route=%2Fwp%2Fv2%2Fcategories&post=2736"},{"taxonomy":"post_tag","embeddable":true,"href":"https:\/\/oexpressobr.com.br\/index.php?rest_route=%2Fwp%2Fv2%2Ftags&post=2736"}],"curies":[{"name":"wp","href":"https:\/\/api.w.org\/{rel}","templated":true}]}}