{"id":2742,"date":"2026-01-28T05:59:26","date_gmt":"2026-01-28T08:59:26","guid":{"rendered":"https:\/\/oexpressobr.com.br\/?p=2742"},"modified":"2026-01-28T06:00:59","modified_gmt":"2026-01-28T09:00:59","slug":"edson-fachin-promete-agir-sobre-escandalo-do-master-no-stf-doa-a-quem-doer","status":"publish","type":"post","link":"https:\/\/oexpressobr.com.br\/?p=2742","title":{"rendered":"Edson Fachin promete agir sobre esc\u00e2ndalo do Master no STF \u2018doa a quem doer\u2019"},"content":{"rendered":"\n<p class=\"wp-block-paragraph\">Em uma ofensiva para preservar a imagem do Supremo Tribunal Federal (STF), o presidente da Corte, ministro Edson Fachin, subiu o tom nesta semana ao comentar o desdobramento das investiga\u00e7\u00f5es envolvendo o Banco Master. Em declara\u00e7\u00f5es recentes, o magistrado afirmou categoricamente que n\u00e3o ir\u00e1 &#8220;cruzar os bra\u00e7os&#8221; diante das suspeitas de irregularidades e que agir\u00e1 de forma institucional, independentemente de quem sejam os envolvidos: &#8220;Doa a quem doer&#8221;.<\/p>\n\n\n\n<p class=\"wp-block-paragraph\">\u200bO posicionamento de Fachin ocorre em um momento de extrema press\u00e3o sobre o ministro Dias Toffoli, atual relator do caso. Toffoli tem sido alvo de cr\u00edticas por sua condu\u00e7\u00e3o no inqu\u00e9rito que apura um esquema bilion\u00e1rio de fraudes financeiras e suposta lavagem de dinheiro. O desgaste aumentou ap\u00f3s revela\u00e7\u00f5es de que familiares do ministro teriam tido v\u00ednculos indiretos com fundos ligados ao controlador do banco, Daniel Vorcaro \u2014 o que gerou pedidos de suspei\u00e7\u00e3o por parte da oposi\u00e7\u00e3o e questionamentos na Procuradoria-Geral da Rep\u00fablica (PGR).<\/p>\n\n\n\n<h3 class=\"wp-block-heading\">\u200bTend\u00eancia de decl\u00ednio de compet\u00eancia<\/h3>\n\n\n\n<p class=\"wp-block-paragraph\">\u200bApesar de ter emitido uma nota oficial na \u00faltima semana defendendo a &#8220;regular supervis\u00e3o judicial&#8221; de Toffoli durante o recesso, Fachin sinalizou nesta ter\u00e7a-feira (27) que o inqu\u00e9rito pode n\u00e3o permanecer no STF. Segundo o presidente da Corte, h\u00e1 uma &#8220;tend\u00eancia&#8221; de que o processo seja remetido para inst\u00e2ncias inferiores.<\/p>\n\n\n\n<p class=\"wp-block-paragraph\">\u200b&#8221;H\u00e1 uma percep\u00e7\u00e3o, pelo que se verifica at\u00e9 agora, de que n\u00e3o se justifique o caso ficar aqui&#8221;, afirmou Fachin. Ele explicou que, ap\u00f3s a conclus\u00e3o das etapas b\u00e1sicas de instru\u00e7\u00e3o \u2014 como depoimentos e extra\u00e7\u00e3o de documentos pela Pol\u00edcia Federal \u2014, o colegiado dever\u00e1 decidir se as autoridades envolvidas possuem, de fato, prerrogativa de foro que mantenha o processo no Supremo.<\/p>\n\n\n\n<h3 class=\"wp-block-heading\">\u200bCrise \u00e9tica e C\u00f3digo de Conduta<\/h3>\n\n\n\n<p class=\"wp-block-paragraph\">\u200bO &#8220;Esc\u00e2ndalo do Master&#8221; tornou-se o principal desafio da gest\u00e3o de Fachin, que interrompeu suas f\u00e9rias para articular uma resposta \u00e0 crise. Para al\u00e9m do processo judicial, o ministro tem defendido a implementa\u00e7\u00e3o de um novo C\u00f3digo de \u00c9tica e Conduta para os magistrados do STF, visando dar o exemplo aos 18 mil ju\u00edzes do pa\u00eds.<\/p>\n\n\n\n<p class=\"wp-block-paragraph\">\u200b&#8221;A democracia \u00e9 um canteiro de obras ruidoso&#8221;, disse Fachin ao justificar que as cr\u00edticas ao Judici\u00e1rio fazem parte do processo democr\u00e1tico, mas ressaltou que a legitimidade da Corte depende de decis\u00f5es fundamentadas e conduta \u00e9tica inquestion\u00e1vel.<\/p>\n\n\n\n<h3 class=\"wp-block-heading\">\u200bEntenda o caso<\/h3>\n\n\n\n<p class=\"wp-block-paragraph\">\u200bO Banco Master entrou no radar das autoridades ap\u00f3s o Banco Central decretar a liquida\u00e7\u00e3o de uma de suas frentes por insolv\u00eancia e comprometimento econ\u00f4mico-financeiro. As investiga\u00e7\u00f5es da Opera\u00e7\u00e3o Compliance Zero miram fraudes bilion\u00e1rias e a influ\u00eancia do banco em Bras\u00edlia, citando inclusive reuni\u00f5es com membros do alto escal\u00e3o do governo.<\/p>\n\n\n\n<p class=\"wp-block-paragraph\">\u200bA expectativa agora gira em torno do fim do recesso judici\u00e1rio em fevereiro, quando a Segunda Turma do STF dever\u00e1 analisar os recursos que questionam as decis\u00f5es de Toffoli e a pr\u00f3pria compet\u00eancia da Corte para manter o caso sob seu guarda-chuva.<\/p>\n\n\n\n<p class=\"wp-block-paragraph\"><\/p>\n","protected":false},"excerpt":{"rendered":"<p>Em uma ofensiva para preservar a imagem do Supremo Tribunal Federal (STF), o presidente da Corte, ministro Edson Fachin, subiu o tom nesta semana ao [&#8230;]<\/p>\n","protected":false},"author":1,"featured_media":2743,"comment_status":"open","ping_status":"open","sticky":false,"template":"","format":"standard","meta":{"_crdt_document":"","_jetpack_memberships_contains_paid_content":false,"footnotes":"","jetpack_publicize_message":"","jetpack_publicize_feature_enabled":true,"jetpack_social_post_already_shared":true,"jetpack_social_options":{"image_generator_settings":{"template":"highway","default_image_id":0,"font":"","enabled":false},"version":2}},"categories":[8],"tags":[],"class_list":["post-2742","post","type-post","status-publish","format-standard","has-post-thumbnail","hentry","category-judiciario"],"jetpack_publicize_connections":[],"jetpack_featured_media_url":"https:\/\/i0.wp.com\/oexpressobr.com.br\/wp-content\/uploads\/2026\/01\/edson-fachin-STF-1-1.jpg?fit=414%2C280&ssl=1","jetpack_likes_enabled":true,"jetpack_sharing_enabled":true,"_links":{"self":[{"href":"https:\/\/oexpressobr.com.br\/index.php?rest_route=\/wp\/v2\/posts\/2742","targetHints":{"allow":["GET"]}}],"collection":[{"href":"https:\/\/oexpressobr.com.br\/index.php?rest_route=\/wp\/v2\/posts"}],"about":[{"href":"https:\/\/oexpressobr.com.br\/index.php?rest_route=\/wp\/v2\/types\/post"}],"author":[{"embeddable":true,"href":"https:\/\/oexpressobr.com.br\/index.php?rest_route=\/wp\/v2\/users\/1"}],"replies":[{"embeddable":true,"href":"https:\/\/oexpressobr.com.br\/index.php?rest_route=%2Fwp%2Fv2%2Fcomments&post=2742"}],"version-history":[{"count":2,"href":"https:\/\/oexpressobr.com.br\/index.php?rest_route=\/wp\/v2\/posts\/2742\/revisions"}],"predecessor-version":[{"id":2745,"href":"https:\/\/oexpressobr.com.br\/index.php?rest_route=\/wp\/v2\/posts\/2742\/revisions\/2745"}],"wp:featuredmedia":[{"embeddable":true,"href":"https:\/\/oexpressobr.com.br\/index.php?rest_route=\/wp\/v2\/media\/2743"}],"wp:attachment":[{"href":"https:\/\/oexpressobr.com.br\/index.php?rest_route=%2Fwp%2Fv2%2Fmedia&parent=2742"}],"wp:term":[{"taxonomy":"category","embeddable":true,"href":"https:\/\/oexpressobr.com.br\/index.php?rest_route=%2Fwp%2Fv2%2Fcategories&post=2742"},{"taxonomy":"post_tag","embeddable":true,"href":"https:\/\/oexpressobr.com.br\/index.php?rest_route=%2Fwp%2Fv2%2Ftags&post=2742"}],"curies":[{"name":"wp","href":"https:\/\/api.w.org\/{rel}","templated":true}]}}