{"id":2749,"date":"2026-01-28T06:17:38","date_gmt":"2026-01-28T09:17:38","guid":{"rendered":"https:\/\/oexpressobr.com.br\/?p=2749"},"modified":"2026-01-28T06:17:39","modified_gmt":"2026-01-28T09:17:39","slug":"sargento-samuel-lima-e-punido-com-detencao-por-tamanho-de-bigode-em-pernambuco","status":"publish","type":"post","link":"https:\/\/oexpressobr.com.br\/?p=2749","title":{"rendered":"Sargento Samuel Lima \u00e9 punido com deten\u00e7\u00e3o por tamanho de bigode em Pernambuco"},"content":{"rendered":"\n<p class=\"wp-block-paragraph\"> O rigor das normas de apresenta\u00e7\u00e3o pessoal nas for\u00e7as de seguran\u00e7a voltou ao centro do debate nacional nesta semana. O segundo sargento <strong>Samuel de Ara\u00fajo Lima<\/strong>, integrante da Pol\u00edcia Militar de Pernambuco (PMPE) h\u00e1 35 anos, foi punido com <strong>tr\u00eas dias de deten\u00e7\u00e3o<\/strong> administrativa. O motivo: o tamanho de seu bigode, que, segundo a corpora\u00e7\u00e3o, estaria em desacordo com os regulamentos internos vigentes.<\/p>\n\n\n\n<p class=\"wp-block-paragraph\">\u200bO caso, que ganhou repercuss\u00e3o ap\u00f3s a publica\u00e7\u00e3o no boletim interno da corpora\u00e7\u00e3o em janeiro de 2026, revela o endurecimento das fiscaliza\u00e7\u00f5es est\u00e9ticas nas for\u00e7as militares estaduais e federais.<\/p>\n\n\n\n<h3 class=\"wp-block-heading\">\u200bOs Detalhes da Puni\u00e7\u00e3o<\/h3>\n\n\n\n<p class=\"wp-block-paragraph\">\u200bA infra\u00e7\u00e3o teria sido identificada durante uma fiscaliza\u00e7\u00e3o de rotina em um servi\u00e7o extra. De acordo com a notifica\u00e7\u00e3o:<\/p>\n\n\n\n<ul class=\"wp-block-list\">\n<li>\u200b<strong>A Regra:<\/strong> O bigode deve ser discreto, aparado e n\u00e3o pode ultrapassar a linha do l\u00e1bio superior ou a comissura labial (os cantos da boca).<\/li>\n\n\n\n<li>\u200b<strong>A Defesa:<\/strong> O advogado do sargento, Tiago R\u00e9gis, argumenta que o militar utiliza o mesmo estilo de bigode h\u00e1 d\u00e9cadas e que ele nunca havia sido advertido anteriormente. Inclusive, o sargento teria sido elogiado pelo comando recentemente por sua atua\u00e7\u00e3o operacional.<\/li>\n\n\n\n<li>\u200b<strong>Status Atual:<\/strong> Lima recorreu da decis\u00e3o. Enquanto o recurso de reconsidera\u00e7\u00e3o \u00e9 analisado, ele permanece em liberdade e exercendo suas fun\u00e7\u00f5es na Companhia Independente de Apoio ao Turista (CIATur), mas precisou aparar os pelos faciais para evitar novas san\u00e7\u00f5es.<\/li>\n<\/ul>\n\n\n\n<h3 class=\"wp-block-heading\">\u200bContexto: O Fim da Barba e o Rigor no Bigode<\/h3>\n\n\n\n<p class=\"wp-block-paragraph\">\u200bO epis\u00f3dio ocorre em um momento de transi\u00e7\u00e3o normativa nas For\u00e7as Armadas e pol\u00edcias militares. Em <strong>agosto de 2025<\/strong>, a Marinha do Brasil, por exemplo, atualizou suas diretrizes de apar\u00eancia, proibindo definitivamente o uso de barbas e cavanhaques (salvo por quest\u00f5es m\u00e9dicas comprovadas).<\/p>\n\n\n\n<p class=\"wp-block-paragraph\">\u200bNo caso do <strong>bigode<\/strong>, a permiss\u00e3o \u00e9 restrita apenas a oficiais, suboficiais e sargentos, desde que mantido rigorosamente sim\u00e9trico. O caso de Samuel Lima acende um alerta sobre como a moderniza\u00e7\u00e3o de regulamentos (muitos alterados a partir de 2020) tem impactado veteranos que mantinham padr\u00f5es visuais de \u00e9pocas anteriores.<\/p>\n\n\n\n<p class=\"wp-block-paragraph\">&#8220;\u00c9 uma situa\u00e7\u00e3o que gera estranheza pela desproporcionalidade, considerando uma ficha limpa de mais de tr\u00eas d\u00e9cadas de servi\u00e7o&#8221;, afirmou a defesa do sargento Samuel Lima.<\/p>\n\n\n\n<h3 class=\"wp-block-heading\">)<\/h3>\n","protected":false},"excerpt":{"rendered":"<p>O rigor das normas de apresenta\u00e7\u00e3o pessoal nas for\u00e7as de seguran\u00e7a voltou ao centro do debate nacional nesta semana. O segundo sargento Samuel de Ara\u00fajo [&#8230;]<\/p>\n","protected":false},"author":1,"featured_media":2750,"comment_status":"open","ping_status":"open","sticky":false,"template":"","format":"standard","meta":{"_crdt_document":"","_jetpack_memberships_contains_paid_content":false,"footnotes":"","jetpack_publicize_message":"","jetpack_publicize_feature_enabled":true,"jetpack_social_post_already_shared":true,"jetpack_social_options":{"image_generator_settings":{"template":"highway","default_image_id":0,"font":"","enabled":false},"version":2}},"categories":[3],"tags":[],"class_list":["post-2749","post","type-post","status-publish","format-standard","has-post-thumbnail","hentry","category-brasil"],"jetpack_publicize_connections":[],"jetpack_featured_media_url":"https:\/\/i0.wp.com\/oexpressobr.com.br\/wp-content\/uploads\/2026\/01\/IMG-20260128-WA0043.jpg?fit=1600%2C900&ssl=1","jetpack_likes_enabled":true,"jetpack_sharing_enabled":true,"_links":{"self":[{"href":"https:\/\/oexpressobr.com.br\/index.php?rest_route=\/wp\/v2\/posts\/2749","targetHints":{"allow":["GET"]}}],"collection":[{"href":"https:\/\/oexpressobr.com.br\/index.php?rest_route=\/wp\/v2\/posts"}],"about":[{"href":"https:\/\/oexpressobr.com.br\/index.php?rest_route=\/wp\/v2\/types\/post"}],"author":[{"embeddable":true,"href":"https:\/\/oexpressobr.com.br\/index.php?rest_route=\/wp\/v2\/users\/1"}],"replies":[{"embeddable":true,"href":"https:\/\/oexpressobr.com.br\/index.php?rest_route=%2Fwp%2Fv2%2Fcomments&post=2749"}],"version-history":[{"count":1,"href":"https:\/\/oexpressobr.com.br\/index.php?rest_route=\/wp\/v2\/posts\/2749\/revisions"}],"predecessor-version":[{"id":2751,"href":"https:\/\/oexpressobr.com.br\/index.php?rest_route=\/wp\/v2\/posts\/2749\/revisions\/2751"}],"wp:featuredmedia":[{"embeddable":true,"href":"https:\/\/oexpressobr.com.br\/index.php?rest_route=\/wp\/v2\/media\/2750"}],"wp:attachment":[{"href":"https:\/\/oexpressobr.com.br\/index.php?rest_route=%2Fwp%2Fv2%2Fmedia&parent=2749"}],"wp:term":[{"taxonomy":"category","embeddable":true,"href":"https:\/\/oexpressobr.com.br\/index.php?rest_route=%2Fwp%2Fv2%2Fcategories&post=2749"},{"taxonomy":"post_tag","embeddable":true,"href":"https:\/\/oexpressobr.com.br\/index.php?rest_route=%2Fwp%2Fv2%2Ftags&post=2749"}],"curies":[{"name":"wp","href":"https:\/\/api.w.org\/{rel}","templated":true}]}}