{"id":275,"date":"2025-12-03T10:21:37","date_gmt":"2025-12-03T13:21:37","guid":{"rendered":"https:\/\/oexpressobr.com.br\/?p=275"},"modified":"2025-12-03T10:21:38","modified_gmt":"2025-12-03T13:21:38","slug":"ze-trovao-se-manifesta-contra-nova-paralisacao-de-caminhoneiros-marcada-para-esta-quinta-feira","status":"publish","type":"post","link":"https:\/\/oexpressobr.com.br\/?p=275","title":{"rendered":"Z\u00e9 Trov\u00e3o Se Manifesta Contra Nova Paralisa\u00e7\u00e3o De Caminhoneiros Marcada Para Esta Quinta-Feira"},"content":{"rendered":"\n<h2 class=\"wp-block-heading\"><\/h2>\n\n\n\n<p class=\"wp-block-paragraph\">\u200bO deputado federal <strong>Z\u00e9 Trov\u00e3o<\/strong> (PL-SC), um dos nomes mais conhecidos e influentes na representa\u00e7\u00e3o da categoria de caminhoneiros no Congresso Nacional, posicionou-se <strong>contra a paralisa\u00e7\u00e3o<\/strong> anunciada por um grupo de motoristas para esta quinta-feira (4\/12). Em v\u00eddeo divulgado na quarta-feira (3\/12), o parlamentar, que j\u00e1 foi uma das principais lideran\u00e7as em mobiliza\u00e7\u00f5es passadas, defendeu que o movimento, nas condi\u00e7\u00f5es atuais, \u00e9 inoportuno.<\/p>\n\n\n\n<p class=\"wp-block-paragraph\">\u200bO posicionamento do deputado reflete uma cautela que ele tem demonstrado em mobiliza\u00e7\u00f5es recentes. Em ocasi\u00f5es anteriores, o parlamentar chegou a descartar greves e obstru\u00e7\u00f5es de rodovias, indicando que a classe deve se mobilizar estritamente por <strong>&#8220;demandas da categoria&#8221;<\/strong> e n\u00e3o por &#8220;quest\u00f5es pol\u00edticas&#8221;.<\/p>\n\n\n\n<blockquote class=\"wp-block-quote is-layout-flow wp-block-quote-is-layout-flow\">\n<p class=\"wp-block-paragraph\">\u200b<em>&#8220;N\u00e3o decido nada sozinho, mas, se for preciso, irei junto para as estradas&#8221;<\/em>, j\u00e1 declarou o deputado em outras manifesta\u00e7\u00f5es sobre a necessidade de consultar a base.<\/p>\n<\/blockquote>\n\n\n\n<p class=\"wp-block-paragraph\">\u200bApesar de Z\u00e9 Trov\u00e3o reconhecer publicamente a <strong>insatisfa\u00e7\u00e3o da categoria<\/strong>, citando problemas como o alto pre\u00e7o do diesel, ped\u00e1gios car\u00edssimos, e a preocupa\u00e7\u00e3o com a ind\u00fastria da multa, ele parece buscar evitar um novo colapso.<\/p>\n\n\n\n<p class=\"wp-block-paragraph\">\u200bA classe de caminhoneiros tem vivenciado um per\u00edodo de instabilidade e press\u00e3o. Nos \u00faltimos anos, diferentes tentativas de paralisa\u00e7\u00e3o e mobiliza\u00e7\u00f5es resultaram em multas pesadas e repercuss\u00f5es judiciais para diversos profissionais. L\u00edderes caminhoneiros, inclusive, j\u00e1 rejeitaram a ideia de greves puramente em apoio a figuras pol\u00edticas, criticando a falta de representatividade genu\u00edna em atos n\u00e3o ligados \u00e0s demandas econ\u00f4micas e trabalhistas da classe.<\/p>\n\n\n\n<p class=\"wp-block-paragraph\">\u200bO v\u00eddeo divulgado por Z\u00e9 Trov\u00e3o, portanto, age como um <strong>freio<\/strong> na mobiliza\u00e7\u00e3o anunciada, buscando desestimular a ades\u00e3o a um movimento que, segundo a an\u00e1lise de parte da representa\u00e7\u00e3o da categoria, pode gerar mais preju\u00edzos do que solu\u00e7\u00f5es neste momento.<\/p>\n","protected":false},"excerpt":{"rendered":"<p>\u200bO deputado federal Z\u00e9 Trov\u00e3o (PL-SC), um dos nomes mais conhecidos e influentes na representa\u00e7\u00e3o da categoria de caminhoneiros no Congresso Nacional, posicionou-se contra a [&#8230;]<\/p>\n","protected":false},"author":1,"featured_media":276,"comment_status":"open","ping_status":"open","sticky":false,"template":"","format":"standard","meta":{"_crdt_document":"","_jetpack_memberships_contains_paid_content":false,"footnotes":"","jetpack_publicize_message":"","jetpack_publicize_feature_enabled":true,"jetpack_social_post_already_shared":false,"jetpack_social_options":{"image_generator_settings":{"template":"highway","default_image_id":0,"font":"","enabled":false},"version":2}},"categories":[3],"tags":[],"class_list":["post-275","post","type-post","status-publish","format-standard","has-post-thumbnail","hentry","category-brasil"],"jetpack_publicize_connections":[],"jetpack_featured_media_url":"https:\/\/i0.wp.com\/oexpressobr.com.br\/wp-content\/uploads\/2025\/12\/fa35d26f8b4de514a1af330097a34358.webp?fit=720%2C396&ssl=1","jetpack_likes_enabled":true,"jetpack_sharing_enabled":true,"_links":{"self":[{"href":"https:\/\/oexpressobr.com.br\/index.php?rest_route=\/wp\/v2\/posts\/275","targetHints":{"allow":["GET"]}}],"collection":[{"href":"https:\/\/oexpressobr.com.br\/index.php?rest_route=\/wp\/v2\/posts"}],"about":[{"href":"https:\/\/oexpressobr.com.br\/index.php?rest_route=\/wp\/v2\/types\/post"}],"author":[{"embeddable":true,"href":"https:\/\/oexpressobr.com.br\/index.php?rest_route=\/wp\/v2\/users\/1"}],"replies":[{"embeddable":true,"href":"https:\/\/oexpressobr.com.br\/index.php?rest_route=%2Fwp%2Fv2%2Fcomments&post=275"}],"version-history":[{"count":0,"href":"https:\/\/oexpressobr.com.br\/index.php?rest_route=\/wp\/v2\/posts\/275\/revisions"}],"wp:featuredmedia":[{"embeddable":true,"href":"https:\/\/oexpressobr.com.br\/index.php?rest_route=\/wp\/v2\/media\/276"}],"wp:attachment":[{"href":"https:\/\/oexpressobr.com.br\/index.php?rest_route=%2Fwp%2Fv2%2Fmedia&parent=275"}],"wp:term":[{"taxonomy":"category","embeddable":true,"href":"https:\/\/oexpressobr.com.br\/index.php?rest_route=%2Fwp%2Fv2%2Fcategories&post=275"},{"taxonomy":"post_tag","embeddable":true,"href":"https:\/\/oexpressobr.com.br\/index.php?rest_route=%2Fwp%2Fv2%2Ftags&post=275"}],"curies":[{"name":"wp","href":"https:\/\/api.w.org\/{rel}","templated":true}]}}