{"id":2752,"date":"2026-01-28T06:23:16","date_gmt":"2026-01-28T09:23:16","guid":{"rendered":"https:\/\/oexpressobr.com.br\/?p=2752"},"modified":"2026-01-28T06:23:17","modified_gmt":"2026-01-28T09:23:17","slug":"inep-recua-sobre-aplicativo-e-define-plataforma-digital-para-certificados-do-enem","status":"publish","type":"post","link":"https:\/\/oexpressobr.com.br\/?p=2752","title":{"rendered":"INEP recua sobre aplicativo e define plataforma digital para certificados do Enem"},"content":{"rendered":"\n<p class=\"wp-block-paragraph\"> O Instituto Nacional de Estudos e Pesquisas Educacionais An\u00edsio Teixeira (Inep) esclareceu, nesta ter\u00e7a-feira (27), que <strong>n\u00e3o haver\u00e1 o lan\u00e7amento de um aplicativo<\/strong> para a emiss\u00e3o de certificados de conclus\u00e3o do ensino m\u00e9dio via Enem. O presidente do \u00f3rg\u00e3o, Manuel Palacios, afirmou ter se &#8220;confundido&#8221; ao utilizar o termo t\u00e9cnico, explicando que o servi\u00e7o ser\u00e1 centralizado em uma <strong>plataforma digital<\/strong> acess\u00edvel via navegador, e n\u00e3o por um app de celular.<\/p>\n\n\n\n<p class=\"wp-block-paragraph\">\u200bA mudan\u00e7a de discurso gerou apreens\u00e3o entre milhares de estudantes que dependem do documento para realizar matr\u00edculas em universidades em fevereiro. Para conter a crise, o Inep anunciou medidas emergenciais que passam a valer j\u00e1 nesta semana.<\/p>\n\n\n\n<h3 class=\"wp-block-heading\">\u200bEntenda o impasse e as solu\u00e7\u00f5es<\/h3>\n\n\n\n<p class=\"wp-block-paragraph\">\u200bO problema central reside no calend\u00e1rio: a nova plataforma de <strong>Certifica\u00e7\u00e3o Digital<\/strong> s\u00f3 deve entrar em opera\u00e7\u00e3o plena no dia <strong>2 de mar\u00e7o<\/strong>, data posterior ao encerramento de muitos prazos de matr\u00edcula do Sisu e de institui\u00e7\u00f5es privadas.<\/p>\n\n\n\n<p class=\"wp-block-paragraph\">\u200bPara evitar que candidatos percam suas vagas, o governo estabeleceu o seguinte cronograma:<\/p>\n\n\n\n<ul class=\"wp-block-list\">\n<li>\u200b<strong>A partir de 30 de janeiro:<\/strong> O Inep disponibilizar\u00e1 uma <strong>declara\u00e7\u00e3o provis\u00f3ria de conclus\u00e3o<\/strong> na P\u00e1gina do Participante. Esse documento ter\u00e1 validade legal para fins de matr\u00edcula.<\/li>\n\n\n\n<li>\u200b<strong>Comunica\u00e7\u00e3o \u00e0s universidades:<\/strong> O MEC enviou uma circular \u00e0s institui\u00e7\u00f5es de ensino superior orientando que aceitem a declara\u00e7\u00e3o provis\u00f3ria ou permitam a &#8220;pend\u00eancia tempor\u00e1ria&#8221; do diploma definitivo.<\/li>\n\n\n\n<li>\u200b<strong>Integra\u00e7\u00e3o com o Sisu:<\/strong> Os dados dos candidatos que atingiram a pontua\u00e7\u00e3o necess\u00e1ria para certifica\u00e7\u00e3o j\u00e1 foram validados e integrados ao sistema do Sisu, garantindo que a falta do papel f\u00edsico n\u00e3o impe\u00e7a a classifica\u00e7\u00e3o.<\/li>\n<\/ul>\n\n\n\n<h3 class=\"wp-block-heading\">\u200bRegras para obter a certifica\u00e7\u00e3o<\/h3>\n\n\n\n<p class=\"wp-block-paragraph\">\u200bNem todos os participantes do Enem podem solicitar o documento. Os crit\u00e9rios rigorosos permanecem inalterados:<\/p>\n\n\n\n<ol class=\"wp-block-list\">\n<li>\u200b<strong>Idade m\u00ednima:<\/strong> Ter 18 anos completos na data da primeira prova do exame.<\/li>\n\n\n\n<li>\u200b<strong>Desempenho:<\/strong> Alcan\u00e7ar ao menos <strong>450 pontos<\/strong> em cada uma das quatro \u00e1reas do conhecimento.<\/li>\n\n\n\n<li>\u200b<strong>Reda\u00e7\u00e3o:<\/strong> Nota m\u00ednima de <strong>500 pontos<\/strong>.<\/li>\n<\/ol>\n\n\n\n<h3 class=\"wp-block-heading\">\u200bComo funcionar\u00e1 a nova plataforma (Mar\u00e7o\/2026)<\/h3>\n\n\n\n<p class=\"wp-block-paragraph\">\u200bA partir de mar\u00e7o, o processo ser\u00e1 100% digital atrav\u00e9s do portal oficial, utilizando o login <strong>gov.br<\/strong>. O sistema far\u00e1 a checagem autom\u00e1tica de idade e notas. O aluno dever\u00e1 escolher uma institui\u00e7\u00e3o certificadora (como um Instituto Federal) que validar\u00e1 o pedido e liberar\u00e1 o certificado com assinatura digital.<\/p>\n\n\n\n<blockquote class=\"wp-block-quote is-layout-flow wp-block-quote-is-layout-flow\">\n<p class=\"wp-block-paragraph\">\u200b&#8221;A vantagem \u00e9 que vai ser tudo digital, sem precisar ir pessoalmente \u00e0s institui\u00e7\u00f5es&#8221;, destacou Palacios, refor\u00e7ando que o Instituto Federal de S\u00e3o Paulo (IFSP) \u00e9 o principal parceiro no desenvolvimento da tecnologia.<\/p>\n<\/blockquote>\n\n\n\n<p class=\"wp-block-paragraph\"><\/p>\n","protected":false},"excerpt":{"rendered":"<p>O Instituto Nacional de Estudos e Pesquisas Educacionais An\u00edsio Teixeira (Inep) esclareceu, nesta ter\u00e7a-feira (27), que n\u00e3o haver\u00e1 o lan\u00e7amento de um aplicativo para a [&#8230;]<\/p>\n","protected":false},"author":1,"featured_media":2753,"comment_status":"open","ping_status":"open","sticky":false,"template":"","format":"standard","meta":{"_crdt_document":"","_jetpack_memberships_contains_paid_content":false,"footnotes":"","jetpack_publicize_message":"","jetpack_publicize_feature_enabled":true,"jetpack_social_post_already_shared":true,"jetpack_social_options":{"image_generator_settings":{"template":"highway","default_image_id":0,"font":"","enabled":false},"version":2}},"categories":[6],"tags":[],"class_list":["post-2752","post","type-post","status-publish","format-standard","has-post-thumbnail","hentry","category-educacao"],"jetpack_publicize_connections":[],"jetpack_featured_media_url":"https:\/\/i0.wp.com\/oexpressobr.com.br\/wp-content\/uploads\/2026\/01\/IMG-20260128-WA0037.jpg?fit=1600%2C1066&ssl=1","jetpack_likes_enabled":true,"jetpack_sharing_enabled":true,"_links":{"self":[{"href":"https:\/\/oexpressobr.com.br\/index.php?rest_route=\/wp\/v2\/posts\/2752","targetHints":{"allow":["GET"]}}],"collection":[{"href":"https:\/\/oexpressobr.com.br\/index.php?rest_route=\/wp\/v2\/posts"}],"about":[{"href":"https:\/\/oexpressobr.com.br\/index.php?rest_route=\/wp\/v2\/types\/post"}],"author":[{"embeddable":true,"href":"https:\/\/oexpressobr.com.br\/index.php?rest_route=\/wp\/v2\/users\/1"}],"replies":[{"embeddable":true,"href":"https:\/\/oexpressobr.com.br\/index.php?rest_route=%2Fwp%2Fv2%2Fcomments&post=2752"}],"version-history":[{"count":1,"href":"https:\/\/oexpressobr.com.br\/index.php?rest_route=\/wp\/v2\/posts\/2752\/revisions"}],"predecessor-version":[{"id":2754,"href":"https:\/\/oexpressobr.com.br\/index.php?rest_route=\/wp\/v2\/posts\/2752\/revisions\/2754"}],"wp:featuredmedia":[{"embeddable":true,"href":"https:\/\/oexpressobr.com.br\/index.php?rest_route=\/wp\/v2\/media\/2753"}],"wp:attachment":[{"href":"https:\/\/oexpressobr.com.br\/index.php?rest_route=%2Fwp%2Fv2%2Fmedia&parent=2752"}],"wp:term":[{"taxonomy":"category","embeddable":true,"href":"https:\/\/oexpressobr.com.br\/index.php?rest_route=%2Fwp%2Fv2%2Fcategories&post=2752"},{"taxonomy":"post_tag","embeddable":true,"href":"https:\/\/oexpressobr.com.br\/index.php?rest_route=%2Fwp%2Fv2%2Ftags&post=2752"}],"curies":[{"name":"wp","href":"https:\/\/api.w.org\/{rel}","templated":true}]}}