{"id":2755,"date":"2026-01-28T06:28:28","date_gmt":"2026-01-28T09:28:28","guid":{"rendered":"https:\/\/oexpressobr.com.br\/?p=2755"},"modified":"2026-01-28T06:28:29","modified_gmt":"2026-01-28T09:28:29","slug":"ruan-rocha-e-a-recidiva-criminal-jovem-da-tatuagem-na-testa-e-preso-novamente-em-sao-paulo","status":"publish","type":"post","link":"https:\/\/oexpressobr.com.br\/?p=2755","title":{"rendered":"Ruan Rocha e a recidiva criminal: Jovem da tatuagem na testa \u00e9 preso novamente em S\u00e3o Paulo"},"content":{"rendered":"\n<p class=\"wp-block-paragraph\"><\/p>\n\n\n\n<p class=\"wp-block-paragraph\">\u200bO nome de <strong>Ruan Rocha da Silva<\/strong>, hoje com 26 anos, voltou \u00e0s manchetes policiais nesta ter\u00e7a-feira, 27 de janeiro de 2026. O jovem, que ganhou notoriedade nacional em 2017 ap\u00f3s ser torturado e ter a frase <strong>&#8220;eu sou ladr\u00e3o e vacil\u00e3o&#8221;<\/strong> tatuada em sua testa, foi detido em flagrante ap\u00f3s furtar uma Unidade B\u00e1sica de Sa\u00fade (UBS) no munic\u00edpio de Diadema, na Grande S\u00e3o Paulo.<\/p>\n\n\n\n<h3 class=\"wp-block-heading\">\u200bO novo crime e a confiss\u00e3o<\/h3>\n\n\n\n<p class=\"wp-block-paragraph\">\u200bDe acordo com o boletim de ocorr\u00eancia, Ruan foi localizado pela Guarda Civil Municipal (GCM) ap\u00f3s o furto de uma lavadora de alta press\u00e3o da unidade de sa\u00fade. Ao ser abordado, ele n\u00e3o ofereceu resist\u00eancia e <strong>confessou o crime<\/strong>, afirmando que pretendia revender o equipamento para sustentar seu v\u00edcio em <strong>crack<\/strong>.<\/p>\n\n\n\n<p class=\"wp-block-paragraph\">\u200bO delegado respons\u00e1vel fixou uma fian\u00e7a de um sal\u00e1rio m\u00ednimo, mas, como o valor n\u00e3o foi pago, Ruan permanece sob cust\u00f3dia. O equipamento furtado foi recuperado e devolvido \u00e0 UBS.<\/p>\n\n\n\n<h3 class=\"wp-block-heading\">\u200bHist\u00f3rico de pris\u00f5es<\/h3>\n\n\n\n<p class=\"wp-block-paragraph\">\u200bEste novo epis\u00f3dio \u00e9 apenas mais um em uma s\u00e9rie de passagens policiais que se acumulam desde o incidente de 2017:<\/p>\n\n\n\n<ul class=\"wp-block-list\">\n<li>\u200b<strong>2018:<\/strong> Preso em flagrante por furtar desodorantes em um supermercado em Mairipor\u00e3.<\/li>\n\n\n\n<li>\u200b<strong>2019:<\/strong> Condenado a 4 anos e 8 meses de pris\u00e3o pelo roubo de um celular e um agasalho. Chegou a fugir do regime semiaberto, sendo recapturado logo em seguida.<\/li>\n\n\n\n<li>\u200b<strong>2022:<\/strong> Detido por tentativa de furto em um condom\u00ednio em Cotia.<\/li>\n\n\n\n<li>\u200b<strong>2024:<\/strong> Preso novamente por furtar uma resid\u00eancia na Zona Oeste de S\u00e3o Paulo.<\/li>\n<\/ul>\n\n\n\n<h3 class=\"wp-block-heading\">\u200bRelembre o caso original<\/h3>\n\n\n\n<p class=\"wp-block-paragraph\">\u200bEm junho de 2017, Ruan, ent\u00e3o com 17 anos, foi rendido pelo tatuador <strong>Maycon Wesley Carvalho dos Reis<\/strong> e pelo pedreiro <strong>Ronildo Moreira de Ara\u00fajo<\/strong> em S\u00e3o Bernardo do Campo. A dupla acusou o jovem de tentar furtar uma bicicleta e, como forma de &#8220;justi\u00e7a com as pr\u00f3prias m\u00e3os&#8221;, tatuou a frase ofensiva em seu rosto. O crime de tortura foi filmado e viralizou, gerando revolta e uma onda de solidariedade que arrecadou fundos para a remo\u00e7\u00e3o da tatuagem por meio de laser.<\/p>\n\n\n\n<p class=\"wp-block-paragraph\">\u200bMaycon e Ronildo foram condenados na \u00e9poca pelos crimes de les\u00e3o corporal grav\u00edssima e constrangimento ilegal. Embora a marca f\u00edsica na testa de Ruan tenha sido parcialmente removida ap\u00f3s sess\u00f5es de tratamento volunt\u00e1rio, o jovem continua lutando contra a depend\u00eancia qu\u00edmica, fator que a defesa e familiares apontam como o principal motor de sua trajet\u00f3ria recorrente no crime.<\/p>\n","protected":false},"excerpt":{"rendered":"<p>\u200bO nome de Ruan Rocha da Silva, hoje com 26 anos, voltou \u00e0s manchetes policiais nesta ter\u00e7a-feira, 27 de janeiro de 2026. O jovem, que [&#8230;]<\/p>\n","protected":false},"author":1,"featured_media":2756,"comment_status":"open","ping_status":"open","sticky":false,"template":"","format":"standard","meta":{"_crdt_document":"","_jetpack_memberships_contains_paid_content":false,"footnotes":"","jetpack_publicize_message":"","jetpack_publicize_feature_enabled":true,"jetpack_social_post_already_shared":true,"jetpack_social_options":{"image_generator_settings":{"template":"highway","default_image_id":0,"font":"","enabled":false},"version":2}},"categories":[9],"tags":[],"class_list":["post-2755","post","type-post","status-publish","format-standard","has-post-thumbnail","hentry","category-policia"],"jetpack_publicize_connections":[],"jetpack_featured_media_url":"https:\/\/i0.wp.com\/oexpressobr.com.br\/wp-content\/uploads\/2026\/01\/IMG-20260128-WA0054.jpg?fit=1600%2C900&ssl=1","jetpack_likes_enabled":true,"jetpack_sharing_enabled":true,"_links":{"self":[{"href":"https:\/\/oexpressobr.com.br\/index.php?rest_route=\/wp\/v2\/posts\/2755","targetHints":{"allow":["GET"]}}],"collection":[{"href":"https:\/\/oexpressobr.com.br\/index.php?rest_route=\/wp\/v2\/posts"}],"about":[{"href":"https:\/\/oexpressobr.com.br\/index.php?rest_route=\/wp\/v2\/types\/post"}],"author":[{"embeddable":true,"href":"https:\/\/oexpressobr.com.br\/index.php?rest_route=\/wp\/v2\/users\/1"}],"replies":[{"embeddable":true,"href":"https:\/\/oexpressobr.com.br\/index.php?rest_route=%2Fwp%2Fv2%2Fcomments&post=2755"}],"version-history":[{"count":1,"href":"https:\/\/oexpressobr.com.br\/index.php?rest_route=\/wp\/v2\/posts\/2755\/revisions"}],"predecessor-version":[{"id":2757,"href":"https:\/\/oexpressobr.com.br\/index.php?rest_route=\/wp\/v2\/posts\/2755\/revisions\/2757"}],"wp:featuredmedia":[{"embeddable":true,"href":"https:\/\/oexpressobr.com.br\/index.php?rest_route=\/wp\/v2\/media\/2756"}],"wp:attachment":[{"href":"https:\/\/oexpressobr.com.br\/index.php?rest_route=%2Fwp%2Fv2%2Fmedia&parent=2755"}],"wp:term":[{"taxonomy":"category","embeddable":true,"href":"https:\/\/oexpressobr.com.br\/index.php?rest_route=%2Fwp%2Fv2%2Fcategories&post=2755"},{"taxonomy":"post_tag","embeddable":true,"href":"https:\/\/oexpressobr.com.br\/index.php?rest_route=%2Fwp%2Fv2%2Ftags&post=2755"}],"curies":[{"name":"wp","href":"https:\/\/api.w.org\/{rel}","templated":true}]}}