{"id":2761,"date":"2026-01-28T06:37:55","date_gmt":"2026-01-28T09:37:55","guid":{"rendered":"https:\/\/oexpressobr.com.br\/?p=2761"},"modified":"2026-01-28T06:37:56","modified_gmt":"2026-01-28T09:37:56","slug":"prefeitura-de-itarare-abre-sindicancia-para-investigar-descarte-de-caixoes-em-area-da-sabesp","status":"publish","type":"post","link":"https:\/\/oexpressobr.com.br\/?p=2761","title":{"rendered":"Prefeitura de Itarar\u00e9 abre sindic\u00e2ncia para investigar descarte de caix\u00f5es em \u00e1rea da Sabesp"},"content":{"rendered":"\n<p class=\"wp-block-paragraph\">\u200b<strong>ITARAR\u00c9, SP<\/strong> \u2013 Uma cena perturbadora mobilizou moradores e autoridades de <strong>Itarar\u00e9<\/strong>, no interior de S\u00e3o Paulo, nesta semana. Diversos <strong>caix\u00f5es e itens funer\u00e1rios<\/strong>, provenientes de processos de exuma\u00e7\u00e3o, foram encontrados descartados de forma irregular em uma \u00e1rea aberta pr\u00f3xima \u00e0 esta\u00e7\u00e3o de tratamento de \u00e1gua da <strong>Sabesp<\/strong>.<\/p>\n\n\n\n<p class=\"wp-block-paragraph\">\u200bA situa\u00e7\u00e3o, registrada em v\u00eddeo por pessoas que passavam pelo local, gerou revolta e preocupa\u00e7\u00e3o imediata com a sa\u00fade p\u00fablica e o meio ambiente. Nas imagens, \u00e9 poss\u00edvel observar urnas deterioradas, restos de vestimentas utilizadas em sepultamentos e at\u00e9 podas de \u00e1rvores acumuladas no mesmo terreno.<\/p>\n\n\n\n<h3 class=\"wp-block-heading\">\u200bInvestiga\u00e7\u00e3o e provid\u00eancias<\/h3>\n\n\n\n<p class=\"wp-block-paragraph\">\u200bEm resposta ao ocorrido, a <strong>Prefeitura de Itarar\u00e9<\/strong> emitiu uma nota oficial na ter\u00e7a-feira (27 de janeiro de 2026) afirmando que n\u00e3o compactua com o descarte inadequado e determinou a abertura imediata de uma <strong>sindic\u00e2ncia administrativa<\/strong>. O objetivo \u00e9 identificar os respons\u00e1veis pelo servi\u00e7o de transporte e destina\u00e7\u00e3o final desses materiais.<\/p>\n\n\n\n<blockquote class=\"wp-block-quote is-layout-flow wp-block-quote-is-layout-flow\">\n<p class=\"wp-block-paragraph\">\u200b&#8221;O procedimento de descarte deve seguir normas sanit\u00e1rias, ambientais e contratuais rigorosas. Caso a investiga\u00e7\u00e3o confirme irregularidades, ser\u00e3o adotadas todas as provid\u00eancias legais e administrativas cab\u00edveis contra os envolvidos&#8221;, declarou a gest\u00e3o municipal.<\/p>\n<\/blockquote>\n\n\n\n<h3 class=\"wp-block-heading\">\u200bO papel das terceirizadas<\/h3>\n\n\n\n<p class=\"wp-block-paragraph\">\u200bDe acordo com a administra\u00e7\u00e3o municipal, o descarte de res\u00edduos de exuma\u00e7\u00e3o costuma ser realizado por <strong>empresas terceirizadas<\/strong>. A investiga\u00e7\u00e3o agora foca em entender se houve falha na fiscaliza\u00e7\u00e3o ou se a empresa contratada ignorou os protocolos de seguran\u00e7a biol\u00f3gica ao depositar o material em local impr\u00f3prio, especialmente por estar em um per\u00edmetro vizinho a uma unidade da <strong>Sabesp<\/strong>.<\/p>\n\n\n\n<p class=\"wp-block-paragraph\">\u200bAt\u00e9 o momento, a Sabesp n\u00e3o se manifestou oficialmente sobre o impacto da proximidade do lixo hospitalar\/funer\u00e1rio com a sua esta\u00e7\u00e3o de tratamento.<\/p>\n\n\n\n<h3 class=\"wp-block-heading\">\u200bPrincipais pontos do caso:<\/h3>\n\n\n\n<ul class=\"wp-block-list\">\n<li>\u200b<strong>Localiza\u00e7\u00e3o:<\/strong> \u00c1rea irregular vizinha \u00e0 esta\u00e7\u00e3o de tratamento de \u00e1gua.<\/li>\n\n\n\n<li>\u200b<strong>Material:<\/strong> Caix\u00f5es usados, roupas e res\u00edduos org\u00e2nicos.<\/li>\n\n\n\n<li>\u200b<strong>A\u00e7\u00e3o:<\/strong> Prefeitura abriu sindic\u00e2ncia para apurar a conduta de empresas terceirizadas.<\/li>\n\n\n\n<li>\u200b<strong>Risco:<\/strong> Poss\u00edvel contamina\u00e7\u00e3o do solo e desrespeito \u00e0s normas sanit\u00e1rias vigentes.<\/li>\n<\/ul>\n","protected":false},"excerpt":{"rendered":"<p>\u200bITARAR\u00c9, SP \u2013 Uma cena perturbadora mobilizou moradores e autoridades de Itarar\u00e9, no interior de S\u00e3o Paulo, nesta semana. Diversos caix\u00f5es e itens funer\u00e1rios, provenientes [&#8230;]<\/p>\n","protected":false},"author":1,"featured_media":2762,"comment_status":"open","ping_status":"open","sticky":false,"template":"","format":"standard","meta":{"_crdt_document":"","_jetpack_memberships_contains_paid_content":false,"footnotes":"","jetpack_publicize_message":"","jetpack_publicize_feature_enabled":true,"jetpack_social_post_already_shared":true,"jetpack_social_options":{"image_generator_settings":{"template":"highway","default_image_id":0,"font":"","enabled":false},"version":2}},"categories":[1],"tags":[],"class_list":["post-2761","post","type-post","status-publish","format-standard","has-post-thumbnail","hentry","category-geral"],"jetpack_publicize_connections":[],"jetpack_featured_media_url":"https:\/\/i0.wp.com\/oexpressobr.com.br\/wp-content\/uploads\/2026\/01\/IMG-20260128-WA0052.jpg?fit=1600%2C900&ssl=1","jetpack_likes_enabled":true,"jetpack_sharing_enabled":true,"_links":{"self":[{"href":"https:\/\/oexpressobr.com.br\/index.php?rest_route=\/wp\/v2\/posts\/2761","targetHints":{"allow":["GET"]}}],"collection":[{"href":"https:\/\/oexpressobr.com.br\/index.php?rest_route=\/wp\/v2\/posts"}],"about":[{"href":"https:\/\/oexpressobr.com.br\/index.php?rest_route=\/wp\/v2\/types\/post"}],"author":[{"embeddable":true,"href":"https:\/\/oexpressobr.com.br\/index.php?rest_route=\/wp\/v2\/users\/1"}],"replies":[{"embeddable":true,"href":"https:\/\/oexpressobr.com.br\/index.php?rest_route=%2Fwp%2Fv2%2Fcomments&post=2761"}],"version-history":[{"count":1,"href":"https:\/\/oexpressobr.com.br\/index.php?rest_route=\/wp\/v2\/posts\/2761\/revisions"}],"predecessor-version":[{"id":2763,"href":"https:\/\/oexpressobr.com.br\/index.php?rest_route=\/wp\/v2\/posts\/2761\/revisions\/2763"}],"wp:featuredmedia":[{"embeddable":true,"href":"https:\/\/oexpressobr.com.br\/index.php?rest_route=\/wp\/v2\/media\/2762"}],"wp:attachment":[{"href":"https:\/\/oexpressobr.com.br\/index.php?rest_route=%2Fwp%2Fv2%2Fmedia&parent=2761"}],"wp:term":[{"taxonomy":"category","embeddable":true,"href":"https:\/\/oexpressobr.com.br\/index.php?rest_route=%2Fwp%2Fv2%2Fcategories&post=2761"},{"taxonomy":"post_tag","embeddable":true,"href":"https:\/\/oexpressobr.com.br\/index.php?rest_route=%2Fwp%2Fv2%2Ftags&post=2761"}],"curies":[{"name":"wp","href":"https:\/\/api.w.org\/{rel}","templated":true}]}}