{"id":2767,"date":"2026-01-28T06:48:28","date_gmt":"2026-01-28T09:48:28","guid":{"rendered":"https:\/\/oexpressobr.com.br\/?p=2767"},"modified":"2026-01-28T06:49:56","modified_gmt":"2026-01-28T09:49:56","slug":"cliente-ataca-mulher-muculmana-com-ofensas-religiosas-em-barueri","status":"publish","type":"post","link":"https:\/\/oexpressobr.com.br\/?p=2767","title":{"rendered":"Cliente ataca mulher mu\u00e7ulmana com ofensas religiosas em Barueri"},"content":{"rendered":"\n<p class=\"wp-block-paragraph\"><strong>V\u00edtima de 34 anos foi alvo de discurso de \u00f3dio e amea\u00e7as em supermercado na Grande S\u00e3o Paulo; caso \u00e9 investigado como inj\u00faria racial e gera mobiliza\u00e7\u00e3o da comunidade isl\u00e2mica.<\/strong><\/p>\n\n\n\n<p class=\"wp-block-paragraph\">\u200bUm epis\u00f3dio de intoler\u00e2ncia religiosa e discurso de \u00f3dio chocou frequentadores de um supermercado em Barueri, na Regi\u00e3o Metropolitana de S\u00e3o Paulo. Uma mulher mu\u00e7ulmana de 34 anos, que utilizava o hijab (v\u00e9u tradicional), foi agredida verbalmente por um cliente enquanto aguardava atendimento no setor de padaria da unidade. O caso, registrado em v\u00eddeo pela irm\u00e3 da v\u00edtima, ganhou repercuss\u00e3o nacional e reacendeu o debate sobre o crescimento da islamofobia no Brasil.<\/p>\n\n\n\n<h3 class=\"wp-block-heading\">\u200bO ocorrido<\/h3>\n\n\n\n<p class=\"wp-block-paragraph\">\u200bAs imagens, que circulam nas redes sociais, mostram o agressor proferindo ofensas diretas contra a religi\u00e3o da v\u00edtima e sua vestimenta. Em um dos momentos mais tensos da grava\u00e7\u00e3o, o homem desafia a mulher com frases de teor violento: &#8220;Pode cortar meu pesco\u00e7o&#8221;, fazendo uma alus\u00e3o pejorativa e estereotipada a conflitos extremistas.<\/p>\n\n\n\n<p class=\"wp-block-paragraph\">\u200bA v\u00edtima relatou \u00e0 pol\u00edcia que as agress\u00f5es come\u00e7aram sem qualquer provoca\u00e7\u00e3o pr\u00e9via. Segundo seu depoimento, o homem demonstrou irrita\u00e7\u00e3o apenas por sua presen\u00e7a f\u00edsica no local, utilizando termos que atacavam sua dignidade e liberdade de cren\u00e7a.<\/p>\n\n\n\n<h3 class=\"wp-block-heading\">\u200bInvestiga\u00e7\u00e3o e Tipifica\u00e7\u00e3o<\/h3>\n\n\n\n<p class=\"wp-block-paragraph\">\u200bO caso foi registrado no Distrito Policial de Barueri. Embora o ataque tenha tido motiva\u00e7\u00e3o religiosa, o boletim de ocorr\u00eancia foi tipificado como <strong>inj\u00faria racial<\/strong>. Vale destacar que, conforme entendimento recente do Supremo Tribunal Federal (STF), a inj\u00faria racial \u00e9 equiparada ao crime de racismo, sendo, portanto, imprescrit\u00edvel e inafian\u00e7\u00e1vel.<\/p>\n\n\n\n<p class=\"wp-block-paragraph\">\u200bFontes policiais indicam que o agressor j\u00e1 foi identificado por meio das imagens das c\u00e2meras de seguran\u00e7a e dos dados fornecidos por testemunhas. A pol\u00edcia agora trabalha para colher novos depoimentos e concluir o inqu\u00e9rito que ser\u00e1 enviado ao Minist\u00e9rio P\u00fablico.<\/p>\n\n\n\n<h3 class=\"wp-block-heading\">\u200bRepercuss\u00e3o e Contexto<\/h3>\n\n\n\n<p class=\"wp-block-paragraph\">\u200bA Federa\u00e7\u00e3o das Associa\u00e7\u00f5es Mu\u00e7ulmanas do Brasil (FAMBRAS) e outras entidades de defesa dos direitos humanos manifestaram rep\u00fadio ao ataque. Em nota, representantes da comunidade isl\u00e2mica destacaram que o uso do v\u00e9u \u00e9 um direito constitucional de liberdade de express\u00e3o e religi\u00e3o, e que ataques desse tipo refletem um preconceito estrutural que precisa ser combatido com rigor jur\u00eddico.<\/p>\n\n\n\n<p class=\"wp-block-paragraph\">\u200bEspecialistas apontam que, em casos similares recentes no estado de S\u00e3o Paulo, a Justi\u00e7a tem endurecido as penas. Em decis\u00f5es de 2025 e in\u00edcio de 2026, tribunais paulistas condenaram agressores de mulheres mu\u00e7ulmanas a penas de pris\u00e3o e indeniza\u00e7\u00f5es por danos morais que ultrapassam os R$ 20 mil, servindo como medida pedag\u00f3gica contra a intoler\u00e2ncia.<\/p>\n\n\n\n<p class=\"wp-block-paragraph\">\u200bO supermercado onde ocorreu o crime informou, por meio de nota oficial, que &#8220;repudia qualquer forma de discrimina\u00e7\u00e3o&#8221; e que est\u00e1 colaborando integralmente com as autoridades para a elucida\u00e7\u00e3o dos fatos, refor\u00e7ando que sua equipe foi orientada a prestar aux\u00edlio imediato \u00e0 v\u00edtima no momento da agress\u00e3o.<\/p>\n","protected":false},"excerpt":{"rendered":"<p>V\u00edtima de 34 anos foi alvo de discurso de \u00f3dio e amea\u00e7as em supermercado na Grande S\u00e3o Paulo; caso \u00e9 investigado como inj\u00faria racial e [&#8230;]<\/p>\n","protected":false},"author":1,"featured_media":2768,"comment_status":"open","ping_status":"open","sticky":false,"template":"","format":"standard","meta":{"_crdt_document":"","_jetpack_memberships_contains_paid_content":false,"footnotes":"","jetpack_publicize_message":"","jetpack_publicize_feature_enabled":true,"jetpack_social_post_already_shared":true,"jetpack_social_options":{"image_generator_settings":{"template":"highway","default_image_id":0,"font":"","enabled":false},"version":2}},"categories":[1],"tags":[],"class_list":["post-2767","post","type-post","status-publish","format-standard","has-post-thumbnail","hentry","category-geral"],"jetpack_publicize_connections":[],"jetpack_featured_media_url":"https:\/\/i0.wp.com\/oexpressobr.com.br\/wp-content\/uploads\/2026\/01\/IMG-20260128-WA0050.jpg?fit=1600%2C943&ssl=1","jetpack_likes_enabled":true,"jetpack_sharing_enabled":true,"_links":{"self":[{"href":"https:\/\/oexpressobr.com.br\/index.php?rest_route=\/wp\/v2\/posts\/2767","targetHints":{"allow":["GET"]}}],"collection":[{"href":"https:\/\/oexpressobr.com.br\/index.php?rest_route=\/wp\/v2\/posts"}],"about":[{"href":"https:\/\/oexpressobr.com.br\/index.php?rest_route=\/wp\/v2\/types\/post"}],"author":[{"embeddable":true,"href":"https:\/\/oexpressobr.com.br\/index.php?rest_route=\/wp\/v2\/users\/1"}],"replies":[{"embeddable":true,"href":"https:\/\/oexpressobr.com.br\/index.php?rest_route=%2Fwp%2Fv2%2Fcomments&post=2767"}],"version-history":[{"count":2,"href":"https:\/\/oexpressobr.com.br\/index.php?rest_route=\/wp\/v2\/posts\/2767\/revisions"}],"predecessor-version":[{"id":2770,"href":"https:\/\/oexpressobr.com.br\/index.php?rest_route=\/wp\/v2\/posts\/2767\/revisions\/2770"}],"wp:featuredmedia":[{"embeddable":true,"href":"https:\/\/oexpressobr.com.br\/index.php?rest_route=\/wp\/v2\/media\/2768"}],"wp:attachment":[{"href":"https:\/\/oexpressobr.com.br\/index.php?rest_route=%2Fwp%2Fv2%2Fmedia&parent=2767"}],"wp:term":[{"taxonomy":"category","embeddable":true,"href":"https:\/\/oexpressobr.com.br\/index.php?rest_route=%2Fwp%2Fv2%2Fcategories&post=2767"},{"taxonomy":"post_tag","embeddable":true,"href":"https:\/\/oexpressobr.com.br\/index.php?rest_route=%2Fwp%2Fv2%2Ftags&post=2767"}],"curies":[{"name":"wp","href":"https:\/\/api.w.org\/{rel}","templated":true}]}}