{"id":2771,"date":"2026-01-28T06:57:58","date_gmt":"2026-01-28T09:57:58","guid":{"rendered":"https:\/\/oexpressobr.com.br\/?p=2771"},"modified":"2026-01-28T06:57:59","modified_gmt":"2026-01-28T09:57:59","slug":"sindico-e-filho-sao-presos-por-morte-de-corretora-desaparecida-em-caldas-novas-confirma-policia-civil","status":"publish","type":"post","link":"https:\/\/oexpressobr.com.br\/?p=2771","title":{"rendered":"S\u00cdNDICO e filho s\u00e3o presos por morte de corretora desaparecida em Caldas Novas, confirma Pol\u00edcia Civil"},"content":{"rendered":"\n<p class=\"wp-block-paragraph\"><strong>CALDAS NOVAS, GO<\/strong> \u2013 O caso do desaparecimento da corretora de im\u00f3veis Daiane Alves Souza, de 43 anos, teve uma reviravolta decisiva nesta quarta-feira (28). O s\u00edndico do Condom\u00ednio Amethist Tower, <strong>Cl\u00e9ber Rosa de Oliveira<\/strong>, e seu filho, <strong>Maycon Douglas<\/strong>, foram presos sob a acusa\u00e7\u00e3o de envolvimento na morte da profissional. A informa\u00e7\u00e3o foi confirmada pelo delegado Pedromar Augusto, titular do Grupo de Investiga\u00e7\u00e3o de Desaparecidos (GID).<\/p>\n\n\n\n<p class=\"wp-block-paragraph\">\u200bDaiane desapareceu no dia 17 de dezembro de 2025, ap\u00f3s descer ao subsolo do pr\u00e9dio para verificar uma suposta falta de energia em seu apartamento. Imagens de c\u00e2meras de seguran\u00e7a registraram os \u00faltimos momentos da corretora no elevador e em corredores, mas um &#8220;v\u00e1cuo&#8221; de dois minutos nas grava\u00e7\u00f5es e a aus\u00eancia de registros dela saindo do edif\u00edcio intrigaram as autoridades desde o in\u00edcio.<\/p>\n\n\n\n<h3 class=\"wp-block-heading\">\u200bO que se sabe at\u00e9 agora:<\/h3>\n\n\n\n<ul class=\"wp-block-list\">\n<li>\u200b<strong>Pris\u00f5es e Condu\u00e7\u00f5es:<\/strong> Al\u00e9m das pris\u00f5es de Cl\u00e9ber e Maycon, a pol\u00edcia realizou a condu\u00e7\u00e3o coercitiva do porteiro do pr\u00e9dio durante a madrugada para prestar depoimento.<\/li>\n\n\n\n<li>\u200b<strong>Hist\u00f3rico de Conflitos:<\/strong> A investiga\u00e7\u00e3o revelou uma rela\u00e7\u00e3o extremamente conturbada entre o s\u00edndico e a corretora. Daiane movia 12 processos contra Cl\u00e9ber, incluindo den\u00fancias de cal\u00fania, difama\u00e7\u00e3o, les\u00e3o corporal e persegui\u00e7\u00e3o.<\/li>\n\n\n\n<li>\u200b<strong>Den\u00fancia do MP:<\/strong> Recentemente, o Minist\u00e9rio P\u00fablico de Goi\u00e1s (MP-GO) denunciou Cl\u00e9ber por persegui\u00e7\u00e3o e sabotagem, alegando que ele utilizava c\u00e2meras de seguran\u00e7a para vigiar a rotina da v\u00edtima e cortava servi\u00e7os essenciais (luz, \u00e1gua e internet) das unidades geridas por ela.<\/li>\n\n\n\n<li>\u200b<strong>Adultera\u00e7\u00e3o de Imagens:<\/strong> A Pol\u00edcia Civil apreendeu o equipamento de grava\u00e7\u00e3o (DVR) do condom\u00ednio. A per\u00edcia busca identificar se houve exclus\u00e3o proposital de v\u00eddeos no momento exato em que Daiane teria sido abordada ou morta.<\/li>\n<\/ul>\n\n\n\n<h3 class=\"wp-block-heading\">\u200bDefesa e desdobramentos<\/h3>\n\n\n\n<p class=\"wp-block-paragraph\">\u200bA defesa de Cl\u00e9ber Rosa de Oliveira vinha negando qualquer envolvimento no sumi\u00e7o, sustentando que os conflitos eram resolvidos na esfera judicial. No entanto, o avan\u00e7o do inqu\u00e9rito para a tipifica\u00e7\u00e3o de homic\u00eddio e a pris\u00e3o tempor\u00e1ria dos familiares indicam que a pol\u00edcia reuniu provas materiais robustas que ligam os suspeitos ao crime.<\/p>\n\n\n\n<p class=\"wp-block-paragraph\">\u200bA investiga\u00e7\u00e3o agora entra em uma fase cr\u00edtica para localizar o paradeiro do corpo de Daiane. O delegado Pedromar Augusto informou que novas dilig\u00eancias est\u00e3o em curso e que o sigilo foi mantido at\u00e9 este momento para garantir a efic\u00e1cia das pris\u00f5es.<\/p>\n\n\n\n<p class=\"wp-block-paragraph\">\u200bA fam\u00edlia de Daiane, que realizou diversas manifesta\u00e7\u00f5es em Caldas Novas pedindo justi\u00e7a, recebeu a not\u00edcia das pris\u00f5es com um misto de al\u00edvio e dor. &#8220;O que queremos \u00e9 saber onde ela est\u00e1&#8221;, declarou Nilse Alves Pontes, m\u00e3e da corretora, em entrevistas recentes.<\/p>\n","protected":false},"excerpt":{"rendered":"<p>CALDAS NOVAS, GO \u2013 O caso do desaparecimento da corretora de im\u00f3veis Daiane Alves Souza, de 43 anos, teve uma reviravolta decisiva nesta quarta-feira (28). [&#8230;]<\/p>\n","protected":false},"author":1,"featured_media":2772,"comment_status":"open","ping_status":"open","sticky":false,"template":"","format":"standard","meta":{"_crdt_document":"","_jetpack_memberships_contains_paid_content":false,"footnotes":"","jetpack_publicize_message":"","jetpack_publicize_feature_enabled":true,"jetpack_social_post_already_shared":true,"jetpack_social_options":{"image_generator_settings":{"template":"highway","default_image_id":0,"font":"","enabled":false},"version":2}},"categories":[9],"tags":[],"class_list":["post-2771","post","type-post","status-publish","format-standard","has-post-thumbnail","hentry","category-policia"],"jetpack_publicize_connections":[],"jetpack_featured_media_url":"https:\/\/i0.wp.com\/oexpressobr.com.br\/wp-content\/uploads\/2026\/01\/IMG-20260128-WA0068.jpg?fit=1600%2C999&ssl=1","jetpack_likes_enabled":true,"jetpack_sharing_enabled":true,"_links":{"self":[{"href":"https:\/\/oexpressobr.com.br\/index.php?rest_route=\/wp\/v2\/posts\/2771","targetHints":{"allow":["GET"]}}],"collection":[{"href":"https:\/\/oexpressobr.com.br\/index.php?rest_route=\/wp\/v2\/posts"}],"about":[{"href":"https:\/\/oexpressobr.com.br\/index.php?rest_route=\/wp\/v2\/types\/post"}],"author":[{"embeddable":true,"href":"https:\/\/oexpressobr.com.br\/index.php?rest_route=\/wp\/v2\/users\/1"}],"replies":[{"embeddable":true,"href":"https:\/\/oexpressobr.com.br\/index.php?rest_route=%2Fwp%2Fv2%2Fcomments&post=2771"}],"version-history":[{"count":1,"href":"https:\/\/oexpressobr.com.br\/index.php?rest_route=\/wp\/v2\/posts\/2771\/revisions"}],"predecessor-version":[{"id":2773,"href":"https:\/\/oexpressobr.com.br\/index.php?rest_route=\/wp\/v2\/posts\/2771\/revisions\/2773"}],"wp:featuredmedia":[{"embeddable":true,"href":"https:\/\/oexpressobr.com.br\/index.php?rest_route=\/wp\/v2\/media\/2772"}],"wp:attachment":[{"href":"https:\/\/oexpressobr.com.br\/index.php?rest_route=%2Fwp%2Fv2%2Fmedia&parent=2771"}],"wp:term":[{"taxonomy":"category","embeddable":true,"href":"https:\/\/oexpressobr.com.br\/index.php?rest_route=%2Fwp%2Fv2%2Fcategories&post=2771"},{"taxonomy":"post_tag","embeddable":true,"href":"https:\/\/oexpressobr.com.br\/index.php?rest_route=%2Fwp%2Fv2%2Ftags&post=2771"}],"curies":[{"name":"wp","href":"https:\/\/api.w.org\/{rel}","templated":true}]}}