{"id":2774,"date":"2026-01-28T07:06:38","date_gmt":"2026-01-28T10:06:38","guid":{"rendered":"https:\/\/oexpressobr.com.br\/?p=2774"},"modified":"2026-01-28T07:06:41","modified_gmt":"2026-01-28T10:06:41","slug":"kassab-banca-candidatura-propria-e-ironiza-flavio-bolsonaro-para-2026","status":"publish","type":"post","link":"https:\/\/oexpressobr.com.br\/?p=2774","title":{"rendered":"Kassab banca candidatura pr\u00f3pria e ironiza Fl\u00e1vio Bolsonaro para 2026"},"content":{"rendered":"\n<p class=\"wp-block-paragraph\">\u200bO cen\u00e1rio pol\u00edtico para a sucess\u00e3o presidencial de 2026 ganhou contornos definitivos nesta semana. <strong>Gilberto Kassab<\/strong>, presidente nacional do <strong>PSD<\/strong>, reafirmou que seu partido ter\u00e1 um nome na disputa pelo Pal\u00e1cio do Planalto, independentemente dos movimentos da fam\u00edlia Bolsonaro. Ao comentar a pr\u00e9-candidatura do senador <strong>Fl\u00e1vio Bolsonaro (PL)<\/strong>, Kassab foi pragm\u00e1tico e direto: <em>&#8220;Boa sorte, Fl\u00e1vio&#8221;<\/em>.<\/p>\n\n\n\n<p class=\"wp-block-paragraph\">\u200bA declara\u00e7\u00e3o n\u00e3o \u00e9 apenas um gesto de cortesia ir\u00f4nica, mas um marco de independ\u00eancia do PSD, que hoje se consolida como a maior for\u00e7a de centro no Brasil. Kassab deixou claro que, embora mantenha uma rela\u00e7\u00e3o de apoio ao governo de <strong>Tarc\u00edsio de Freitas (Republicanos)<\/strong> em S\u00e3o Paulo, o PSD n\u00e3o se sente obrigado a caminhar com o PL em uma chapa encabe\u00e7ada pelo filho &#8220;01&#8221; do ex-presidente Jair Bolsonaro.<\/p>\n\n\n\n<h3 class=\"wp-block-heading\">\u200bO &#8220;Super PSD&#8221; e a Trinca de Governadores<\/h3>\n\n\n\n<p class=\"wp-block-paragraph\">\u200bPara sustentar a promessa de candidatura pr\u00f3pria, Kassab acaba de realizar um movimento de mestre no xadrez pol\u00edtico: a filia\u00e7\u00e3o do governador de Goi\u00e1s, <strong>Ronaldo Caiado<\/strong>, que deixou o Uni\u00e3o Brasil nesta ter\u00e7a-feira (27). Agora, o PSD ostenta tr\u00eas dos nomes mais fortes da direita e centro-direita para 2026:<\/p>\n\n\n\n<ul class=\"wp-block-list\">\n<li>\u200b<strong>Ronaldo Caiado (GO):<\/strong> Rec\u00e9m-chegado, traz o peso do agroneg\u00f3cio e uma gest\u00e3o aprovada.<\/li>\n\n\n\n<li>\u200b<strong>Ratinho J\u00fanior (PR):<\/strong> Governador do Paran\u00e1, visto como o nome de maior viabilidade eleitoral por Kassab at\u00e9 o momento.<\/li>\n\n\n\n<li>\u200b<strong>Eduardo Leite (RS):<\/strong> Representa a ala moderada e t\u00e9cnica do partido.<\/li>\n<\/ul>\n\n\n\n<h3 class=\"wp-block-heading\">O Fim da Hegemonia Bolsonarista na Direita?<\/h3>\n\n\n\n<p class=\"wp-block-paragraph\">\u200bA postura de Kassab indica que o &#8220;centr\u00e3o gourmet&#8221; do PSD acredita que h\u00e1 espa\u00e7o para uma alternativa que n\u00e3o dependa exclusivamente da b\u00ean\u00e7\u00e3o de Jair Bolsonaro. Ao desejar &#8220;boa sorte&#8221; a Fl\u00e1vio, o cacique pol\u00edtico sinaliza que o PSD n\u00e3o ser\u00e1 &#8220;puxadinho&#8221; de ningu\u00e9m e que a direita ter\u00e1, inevitavelmente, mais de um palanque em 2026.<\/p>\n","protected":false},"excerpt":{"rendered":"<p>\u200bO cen\u00e1rio pol\u00edtico para a sucess\u00e3o presidencial de 2026 ganhou contornos definitivos nesta semana. Gilberto Kassab, presidente nacional do PSD, reafirmou que seu partido ter\u00e1 [&#8230;]<\/p>\n","protected":false},"author":1,"featured_media":2775,"comment_status":"open","ping_status":"open","sticky":false,"template":"","format":"standard","meta":{"_crdt_document":"","_jetpack_memberships_contains_paid_content":false,"footnotes":"","jetpack_publicize_message":"","jetpack_publicize_feature_enabled":true,"jetpack_social_post_already_shared":true,"jetpack_social_options":{"image_generator_settings":{"template":"highway","default_image_id":0,"font":"","enabled":false},"version":2}},"categories":[7],"tags":[],"class_list":["post-2774","post","type-post","status-publish","format-standard","has-post-thumbnail","hentry","category-politica"],"jetpack_publicize_connections":[],"jetpack_featured_media_url":"https:\/\/i0.wp.com\/oexpressobr.com.br\/wp-content\/uploads\/2026\/01\/gilberto-kassab-rodrigo-costa-alesp-1200x720.jpg.webp?fit=1200%2C720&ssl=1","jetpack_likes_enabled":true,"jetpack_sharing_enabled":true,"_links":{"self":[{"href":"https:\/\/oexpressobr.com.br\/index.php?rest_route=\/wp\/v2\/posts\/2774","targetHints":{"allow":["GET"]}}],"collection":[{"href":"https:\/\/oexpressobr.com.br\/index.php?rest_route=\/wp\/v2\/posts"}],"about":[{"href":"https:\/\/oexpressobr.com.br\/index.php?rest_route=\/wp\/v2\/types\/post"}],"author":[{"embeddable":true,"href":"https:\/\/oexpressobr.com.br\/index.php?rest_route=\/wp\/v2\/users\/1"}],"replies":[{"embeddable":true,"href":"https:\/\/oexpressobr.com.br\/index.php?rest_route=%2Fwp%2Fv2%2Fcomments&post=2774"}],"version-history":[{"count":1,"href":"https:\/\/oexpressobr.com.br\/index.php?rest_route=\/wp\/v2\/posts\/2774\/revisions"}],"predecessor-version":[{"id":2776,"href":"https:\/\/oexpressobr.com.br\/index.php?rest_route=\/wp\/v2\/posts\/2774\/revisions\/2776"}],"wp:featuredmedia":[{"embeddable":true,"href":"https:\/\/oexpressobr.com.br\/index.php?rest_route=\/wp\/v2\/media\/2775"}],"wp:attachment":[{"href":"https:\/\/oexpressobr.com.br\/index.php?rest_route=%2Fwp%2Fv2%2Fmedia&parent=2774"}],"wp:term":[{"taxonomy":"category","embeddable":true,"href":"https:\/\/oexpressobr.com.br\/index.php?rest_route=%2Fwp%2Fv2%2Fcategories&post=2774"},{"taxonomy":"post_tag","embeddable":true,"href":"https:\/\/oexpressobr.com.br\/index.php?rest_route=%2Fwp%2Fv2%2Ftags&post=2774"}],"curies":[{"name":"wp","href":"https:\/\/api.w.org\/{rel}","templated":true}]}}