{"id":2778,"date":"2026-01-28T17:23:16","date_gmt":"2026-01-28T20:23:16","guid":{"rendered":"https:\/\/oexpressobr.com.br\/?p=2778"},"modified":"2026-01-28T17:23:17","modified_gmt":"2026-01-28T20:23:17","slug":"estamos-a-poucos-passos-de-um-narcoestado-afirma-juiz-em-decisao-que-fundamentou-a-prisao-de-delegada-no-rio-de-janeiro","status":"publish","type":"post","link":"https:\/\/oexpressobr.com.br\/?p=2778","title":{"rendered":"&#8220;Estamos a poucos passos de um narcoestado&#8221;, afirma juiz em decis\u00e3o que fundamentou a pris\u00e3o de delegada no Rio de Janeiro"},"content":{"rendered":"\n<p class=\"wp-block-paragraph\">\u200bA frase contundente, proferida pelo magistrado Bruno Monteiro Ruli\u00e8re, ecoou como um alerta s\u00edsmico nos corredores da seguran\u00e7a p\u00fablica fluminense nesta semana. Ao decretar a pris\u00e3o de uma delegada da Pol\u00edcia Civil e outros agentes, o juiz n\u00e3o apenas autorizou uma opera\u00e7\u00e3o policial; ele tra\u00e7ou um diagn\u00f3stico sombrio sobre a infiltra\u00e7\u00e3o do crime organizado nas institui\u00e7\u00f5es do Estado.<\/p>\n\n\n\n<h3 class=\"wp-block-heading\">\u200bO esquema: Propinas e a &#8220;mercadoria&#8221; devolvida<\/h3>\n\n\n\n<p class=\"wp-block-paragraph\">\u200bA investiga\u00e7\u00e3o aponta que a c\u00fapula de uma delegacia especializada teria transformado o combate ao crime em um balc\u00e3o de neg\u00f3cios. O caso central gira em torno de uma apreens\u00e3o massiva de drogas que, em vez de ser incinerada, tornou-se objeto de barganha.<\/p>\n\n\n\n<ul class=\"wp-block-list\">\n<li>\u200b<strong>A Negocia\u00e7\u00e3o:<\/strong> Segundo o Minist\u00e9rio P\u00fablico, os policiais teriam exigido pagamentos milion\u00e1rios para liberar carregamentos.<\/li>\n\n\n\n<li>\u200b<strong>O &#8220;Escambo&#8221;:<\/strong> Em epis\u00f3dios relatados, parte da droga apreendida teria sido devolvida aos traficantes mediante o pagamento de propina.<\/li>\n\n\n\n<li>\u200b<strong>Os Envolvidos:<\/strong> Al\u00e9m da delegada titular, inspetores e intermedi\u00e1rios foram alvos de mandados de busca e pris\u00e3o.<\/li>\n<\/ul>\n\n\n\n<h3 class=\"wp-block-heading\">\u200bO conceito de Narcoestado<\/h3>\n\n\n\n<p class=\"wp-block-paragraph\">\u200bO termo utilizado pelo juiz Ruli\u00e8re refere-se a uma situa\u00e7\u00e3o onde as institui\u00e7\u00f5es pol\u00edticas e de seguran\u00e7a de um pa\u00eds ou regi\u00e3o s\u00e3o t\u00e3o penetradas pelo tr\u00e1fico de drogas que os interesses do crime e do governo se tornam indistingu\u00edveis.<\/p>\n\n\n\n<blockquote class=\"wp-block-quote is-layout-flow wp-block-quote-is-layout-flow\">\n<p class=\"wp-block-paragraph\">\u200b&#8221;Quando o aparato repressivo do Estado deixa de combater o crime para se tornar seu s\u00f3cio ou facilitador, a linha entre a lei e a barb\u00e1rie desaparece&#8221;, destacou o magistrado em trecho da decis\u00e3o.<\/p>\n<\/blockquote>\n\n\n\n<h3 class=\"wp-block-heading\">\u200bAtualiza\u00e7\u00f5es: O cen\u00e1rio em 2026<\/h3>\n\n\n\n<p class=\"wp-block-paragraph\">\u200bA crise no Rio de Janeiro n\u00e3o \u00e9 isolada. Relat\u00f3rios recentes de intelig\u00eancia indicam que a din\u00e2mica do crime organizado no Brasil mudou drasticamente:<\/p>\n\n\n\n<ol class=\"wp-block-list\">\n<li>\u200b<strong>Expans\u00e3o da &#8220;Narcomil\u00edcia&#8221;:<\/strong> A fus\u00e3o entre o tr\u00e1fico de drogas e as mil\u00edcias paramilitares criou uma estrutura de poder h\u00edbrida que controla desde o g\u00e1s de cozinha at\u00e9 o voto em comunidades.<\/li>\n\n\n\n<li>\u200b<strong>Lavagem de Dinheiro:<\/strong> O uso de criptoativos e empresas de fachada no setor de servi\u00e7os tem dificultado o rastreio financeiro, permitindo que o dinheiro do tr\u00e1fico financie campanhas pol\u00edticas e coopte servidores de alto escal\u00e3o.<\/li>\n\n\n\n<li>\u200b<strong>Resposta Federal:<\/strong> Diante do agravamento, o Minist\u00e9rio da Justi\u00e7a intensificou a fiscaliza\u00e7\u00e3o sobre as corregedorias estaduais, buscando romper o ciclo de &#8220;autoprote\u00e7\u00e3o&#8221; dentro das for\u00e7as policiais.<\/li>\n<\/ol>\n\n\n\n<h3 class=\"wp-block-heading\">\u200bPr\u00f3ximos passos judiciais<\/h3>\n\n\n\n<p class=\"wp-block-paragraph\">\u200bA defesa da delegada nega as acusa\u00e7\u00f5es e alega que a decis\u00e3o se baseia em depoimentos de criminosos sem provas materiais robustas. No entanto, o Tribunal de Justi\u00e7a manteve as pris\u00f5es, argumentando a necessidade de garantir a ordem p\u00fablica e a integridade das investiga\u00e7\u00f5es em curso.<\/p>\n","protected":false},"excerpt":{"rendered":"<p>\u200bA frase contundente, proferida pelo magistrado Bruno Monteiro Ruli\u00e8re, ecoou como um alerta s\u00edsmico nos corredores da seguran\u00e7a p\u00fablica fluminense nesta semana. Ao decretar a [&#8230;]<\/p>\n","protected":false},"author":1,"featured_media":2780,"comment_status":"open","ping_status":"open","sticky":false,"template":"","format":"standard","meta":{"_crdt_document":"","_jetpack_memberships_contains_paid_content":false,"footnotes":"","jetpack_publicize_message":"","jetpack_publicize_feature_enabled":true,"jetpack_social_post_already_shared":true,"jetpack_social_options":{"image_generator_settings":{"template":"highway","default_image_id":0,"font":"","enabled":false},"version":2}},"categories":[3],"tags":[],"class_list":["post-2778","post","type-post","status-publish","format-standard","has-post-thumbnail","hentry","category-brasil"],"jetpack_publicize_connections":[],"jetpack_featured_media_url":"https:\/\/i0.wp.com\/oexpressobr.com.br\/wp-content\/uploads\/2026\/01\/Imagens-Materias_Investigacao-Gazeta-4-1.jpg.webp?fit=1280%2C720&ssl=1","jetpack_likes_enabled":true,"jetpack_sharing_enabled":true,"_links":{"self":[{"href":"https:\/\/oexpressobr.com.br\/index.php?rest_route=\/wp\/v2\/posts\/2778","targetHints":{"allow":["GET"]}}],"collection":[{"href":"https:\/\/oexpressobr.com.br\/index.php?rest_route=\/wp\/v2\/posts"}],"about":[{"href":"https:\/\/oexpressobr.com.br\/index.php?rest_route=\/wp\/v2\/types\/post"}],"author":[{"embeddable":true,"href":"https:\/\/oexpressobr.com.br\/index.php?rest_route=\/wp\/v2\/users\/1"}],"replies":[{"embeddable":true,"href":"https:\/\/oexpressobr.com.br\/index.php?rest_route=%2Fwp%2Fv2%2Fcomments&post=2778"}],"version-history":[{"count":1,"href":"https:\/\/oexpressobr.com.br\/index.php?rest_route=\/wp\/v2\/posts\/2778\/revisions"}],"predecessor-version":[{"id":2781,"href":"https:\/\/oexpressobr.com.br\/index.php?rest_route=\/wp\/v2\/posts\/2778\/revisions\/2781"}],"wp:featuredmedia":[{"embeddable":true,"href":"https:\/\/oexpressobr.com.br\/index.php?rest_route=\/wp\/v2\/media\/2780"}],"wp:attachment":[{"href":"https:\/\/oexpressobr.com.br\/index.php?rest_route=%2Fwp%2Fv2%2Fmedia&parent=2778"}],"wp:term":[{"taxonomy":"category","embeddable":true,"href":"https:\/\/oexpressobr.com.br\/index.php?rest_route=%2Fwp%2Fv2%2Fcategories&post=2778"},{"taxonomy":"post_tag","embeddable":true,"href":"https:\/\/oexpressobr.com.br\/index.php?rest_route=%2Fwp%2Fv2%2Ftags&post=2778"}],"curies":[{"name":"wp","href":"https:\/\/api.w.org\/{rel}","templated":true}]}}