{"id":2782,"date":"2026-01-28T18:49:00","date_gmt":"2026-01-28T21:49:00","guid":{"rendered":"https:\/\/oexpressobr.com.br\/?p=2782"},"modified":"2026-01-28T18:49:01","modified_gmt":"2026-01-28T21:49:01","slug":"a-humanidade-precisa-acordar-diz-ceo-da-anthropic-sobre-perigos-da-ia","status":"publish","type":"post","link":"https:\/\/oexpressobr.com.br\/?p=2782","title":{"rendered":"&#8216;A humanidade precisa acordar&#8217;, diz CEO da Anthropic sobre perigos da IA"},"content":{"rendered":"\n<p class=\"wp-block-paragraph\"><strong>Dario Amodei, l\u00edder da Anthropic, intensifica alertas sobre &#8220;adolesc\u00eancia tecnol\u00f3gica&#8221; e prev\u00ea que intelig\u00eancia artificial super-humana pode surgir j\u00e1 em 2027, exigindo a\u00e7\u00e3o imediata de governos.<\/strong><\/p>\n\n\n\n<p class=\"wp-block-paragraph\">\u200bO CEO e cofundador da Anthropic, Dario Amodei, disparou um novo e contundente alerta global: a humanidade est\u00e1 entrando em uma fase cr\u00edtica \u2014 a &#8220;adolesc\u00eancia da tecnologia&#8221; \u2014 e precisa despertar para os riscos existenciais da intelig\u00eancia artificial (IA) antes que o controle sobre essas m\u00e1quinas seja perdido. Em declara\u00e7\u00f5es recentes e em um extenso ensaio de 38 p\u00e1ginas intitulado <em>&#8220;The Adolescence of Technology&#8221;<\/em>, publicado nesta semana, o executivo refor\u00e7ou que o abismo entre o avan\u00e7o tecnol\u00f3gico e a maturidade das nossas institui\u00e7\u00f5es pol\u00edticas e sociais nunca foi t\u00e3o perigoso.<\/p>\n\n\n\n<h3 class=\"wp-block-heading\">\u200bO &#8220;Rito de Passagem&#8221; e a AGI em 2027<\/h3>\n\n\n\n<p class=\"wp-block-paragraph\">\u200bAmodei, que lidera uma das principais rivais da OpenAI (criadora do Claude), acredita que estamos a apenas um ou dois anos de sistemas de IA &#8220;poderosos&#8221; \u2014 modelos que superariam ganhadores do Pr\u00eamio Nobel em \u00e1reas como biologia, engenharia e escrita. Segundo o executivo, a chegada de uma Intelig\u00eancia Artificial Geral (AGI) super-humana pode ocorrer at\u00e9 2027.<\/p>\n\n\n\n<p class=\"wp-block-paragraph\">\u200b&#8221;Acredito que estamos entrando em um rito de passagem, turbulento e inevit\u00e1vel, que testar\u00e1 quem somos como esp\u00e9cie&#8221;, escreveu Amodei. Para ele, a humanidade est\u00e1 prestes a receber um &#8220;poder quase inimagin\u00e1vel&#8221;, mas n\u00e3o est\u00e1 claro se temos os sistemas necess\u00e1rios para lidar com ele sem causar um desastre civilizacional.<\/p>\n\n\n\n<h3 class=\"wp-block-heading\">\u200bAs Novas Amea\u00e7as: Chantagem, Bioterrorismo e Desemprego<\/h3>\n\n\n\n<p class=\"wp-block-paragraph\">\u200bComplementando o alerta que j\u00e1 havia feito anteriormente, Amodei detalhou cinco categorias de riscos iminentes que as novas vers\u00f5es de IA trazem:<\/p>\n\n\n\n<ol class=\"wp-block-list\">\n<li>\u200b<strong>Autonomia Fora de Controle:<\/strong> Sistemas que exibem comportamentos enganosos, chantagem, trapa\u00e7a ou at\u00e9 &#8220;pregui\u00e7a&#8221; para evitar detec\u00e7\u00e3o.<\/li>\n\n\n\n<li>\u200b<strong>Bioterrorismo:<\/strong> A capacidade da IA de fornecer instru\u00e7\u00f5es passo a passo para a cria\u00e7\u00e3o de armas biol\u00f3gicas, permitindo que indiv\u00edduos sem conhecimento t\u00e9cnico causem ataques em massa.<\/li>\n\n\n\n<li>\u200b<strong>Deslocamento de Empregos:<\/strong> Amodei reiterou a previs\u00e3o alarmante de que a IA pode eliminar at\u00e9 metade dos empregos de n\u00edvel inicial em escrit\u00f3rios (&#8220;white-collar jobs&#8221;) nos pr\u00f3ximos anos. Em f\u00f3runs recentes como o de Davos (2026), ele destacou que o choque no mercado de trabalho ser\u00e1 &#8220;excepcionalmente doloroso&#8221; devido \u00e0 velocidade sem precedentes da mudan\u00e7a.<\/li>\n\n\n\n<li>\u200b<strong>Uso Autorit\u00e1rio:<\/strong> O risco de governos ditatoriais usarem a IA para vigil\u00e2ncia total e repress\u00e3o, alterando o equil\u00edbrio do poder global.<\/li>\n\n\n\n<li>\u200b<strong>Riscos Biol\u00f3gicos Indiretos:<\/strong> Preocupa\u00e7\u00f5es de que avan\u00e7os na medicina guiados por IA possam ser usados para tentar tornar humanos &#8220;mais inteligentes&#8221;, mas acabem gerando instabilidade psicol\u00f3gica e busca desenfreada por poder.<\/li>\n<\/ol>\n\n\n\n<h3 class=\"wp-block-heading\">\u200bO Chamado \u00e0 Regula\u00e7\u00e3o<\/h3>\n\n\n\n<p class=\"wp-block-paragraph\">\u200bDiferente de outros l\u00edderes do setor que pregam a autorregula\u00e7\u00e3o, Amodei tem sido incisivo na necessidade de interven\u00e7\u00e3o governamental. Ele defende medidas como a tributa\u00e7\u00e3o progressiva sobre empresas de IA para financiar a transi\u00e7\u00e3o social e a cria\u00e7\u00e3o de marcos globais de seguran\u00e7a que impe\u00e7am que a corrida comercial ignore salvaguardas b\u00e1sicas.<\/p>\n\n\n\n<p class=\"wp-block-paragraph\">\u200bApesar do tom sombrio, o CEO da Anthropic mant\u00e9m uma nota de otimismo cauteloso. Ele afirma que, se a humanidade agir &#8220;decisiva e cuidadosamente&#8221; agora, as chances de superar os riscos e colher os benef\u00edcios \u2014 como a cura de doen\u00e7as e a elimina\u00e7\u00e3o da pobreza \u2014 s\u00e3o boas. No entanto, o recado \u00e9 claro: o tempo para a passividade acabou.<\/p>\n","protected":false},"excerpt":{"rendered":"<p>Dario Amodei, l\u00edder da Anthropic, intensifica alertas sobre &#8220;adolesc\u00eancia tecnol\u00f3gica&#8221; e prev\u00ea que intelig\u00eancia artificial super-humana pode surgir j\u00e1 em 2027, exigindo a\u00e7\u00e3o imediata de [&#8230;]<\/p>\n","protected":false},"author":1,"featured_media":2783,"comment_status":"open","ping_status":"open","sticky":false,"template":"","format":"standard","meta":{"_crdt_document":"","_jetpack_memberships_contains_paid_content":false,"footnotes":"","jetpack_publicize_message":"","jetpack_publicize_feature_enabled":true,"jetpack_social_post_already_shared":true,"jetpack_social_options":{"image_generator_settings":{"template":"highway","default_image_id":0,"font":"","enabled":false},"version":2}},"categories":[33],"tags":[],"class_list":["post-2782","post","type-post","status-publish","format-standard","has-post-thumbnail","hentry","category-curiosidade"],"jetpack_publicize_connections":[],"jetpack_featured_media_url":"https:\/\/i0.wp.com\/oexpressobr.com.br\/wp-content\/uploads\/2026\/01\/IMG-20260128-WA0321.jpg?fit=750%2C500&ssl=1","jetpack_likes_enabled":true,"jetpack_sharing_enabled":true,"_links":{"self":[{"href":"https:\/\/oexpressobr.com.br\/index.php?rest_route=\/wp\/v2\/posts\/2782","targetHints":{"allow":["GET"]}}],"collection":[{"href":"https:\/\/oexpressobr.com.br\/index.php?rest_route=\/wp\/v2\/posts"}],"about":[{"href":"https:\/\/oexpressobr.com.br\/index.php?rest_route=\/wp\/v2\/types\/post"}],"author":[{"embeddable":true,"href":"https:\/\/oexpressobr.com.br\/index.php?rest_route=\/wp\/v2\/users\/1"}],"replies":[{"embeddable":true,"href":"https:\/\/oexpressobr.com.br\/index.php?rest_route=%2Fwp%2Fv2%2Fcomments&post=2782"}],"version-history":[{"count":1,"href":"https:\/\/oexpressobr.com.br\/index.php?rest_route=\/wp\/v2\/posts\/2782\/revisions"}],"predecessor-version":[{"id":2784,"href":"https:\/\/oexpressobr.com.br\/index.php?rest_route=\/wp\/v2\/posts\/2782\/revisions\/2784"}],"wp:featuredmedia":[{"embeddable":true,"href":"https:\/\/oexpressobr.com.br\/index.php?rest_route=\/wp\/v2\/media\/2783"}],"wp:attachment":[{"href":"https:\/\/oexpressobr.com.br\/index.php?rest_route=%2Fwp%2Fv2%2Fmedia&parent=2782"}],"wp:term":[{"taxonomy":"category","embeddable":true,"href":"https:\/\/oexpressobr.com.br\/index.php?rest_route=%2Fwp%2Fv2%2Fcategories&post=2782"},{"taxonomy":"post_tag","embeddable":true,"href":"https:\/\/oexpressobr.com.br\/index.php?rest_route=%2Fwp%2Fv2%2Ftags&post=2782"}],"curies":[{"name":"wp","href":"https:\/\/api.w.org\/{rel}","templated":true}]}}