{"id":2785,"date":"2026-01-28T18:53:34","date_gmt":"2026-01-28T21:53:34","guid":{"rendered":"https:\/\/oexpressobr.com.br\/?p=2785"},"modified":"2026-01-28T18:53:35","modified_gmt":"2026-01-28T21:53:35","slug":"vale-supera-rio-tinto-e-retoma-lideranca-global-na-producao-de-minerio-de-ferro","status":"publish","type":"post","link":"https:\/\/oexpressobr.com.br\/?p=2785","title":{"rendered":"VALE SUPERA RIO TINTO e retoma lideran\u00e7a global na produ\u00e7\u00e3o de min\u00e9rio de ferro"},"content":{"rendered":"\n<p class=\"wp-block-paragraph\">\u200b<strong>Mineradora brasileira encerra 2025 com 336 milh\u00f5es de toneladas produzidas, superando rival australiana pela primeira vez desde 2018; proje\u00e7\u00f5es para 2026 indicam novo salto operacional.<\/strong><\/p>\n\n\n\n<p class=\"wp-block-paragraph\">\u200bA Vale (VALE3) consolidou nesta semana sua volta ao topo do setor mineral global. Segundo dados operacionais divulgados na \u00faltima ter\u00e7a-feira (27\/01\/2026), a companhia brasileira encerrou o ano de 2025 com uma produ\u00e7\u00e3o total de <strong>336,1 milh\u00f5es de toneladas<\/strong> de min\u00e9rio de ferro. O volume representa uma alta de 2,6% em rela\u00e7\u00e3o ao ano anterior e, mais importante, supera as <strong>327,3 milh\u00f5es de toneladas<\/strong> reportadas pela anglo-australiana Rio Tinto em suas opera\u00e7\u00f5es em Pilbara.<\/p>\n\n\n\n<p class=\"wp-block-paragraph\">\u200bEsta \u00e9 a primeira vez em sete anos que a Vale ocupa a posi\u00e7\u00e3o de maior produtora individual do insumo no mundo, posto que havia perdido em 2018, pouco antes do desastre de Brumadinho, que for\u00e7ou a interrup\u00e7\u00e3o de diversas minas e uma revis\u00e3o profunda em seus protocolos de seguran\u00e7a e produ\u00e7\u00e3o.<\/p>\n\n\n\n<h3 class=\"wp-block-heading\">\u200bDesempenho no 4\u00ba Trimestre e Destaques<\/h3>\n\n\n\n<p class=\"wp-block-paragraph\">\u200bO fechamento do ano foi impulsionado por um quarto trimestre robusto, onde a Vale produziu <strong>90,4 milh\u00f5es de toneladas<\/strong>, uma alta de 6% na compara\u00e7\u00e3o anual. O desempenho foi beneficiado pelo aumento da produtividade no complexo de S11D, no Par\u00e1, e pela recupera\u00e7\u00e3o de ativos no sistema Sudeste.<\/p>\n\n\n\n<p class=\"wp-block-paragraph\">\u200bAl\u00e9m do min\u00e9rio de ferro, a Vale registrou avan\u00e7os em outros metais estrat\u00e9gicos:<\/p>\n\n\n\n<ul class=\"wp-block-list\">\n<li>\u200b<strong>Cobre:<\/strong> Alta de 9,8% em 2025, atingindo 382,4 mil toneladas.<\/li>\n\n\n\n<li>\u200b<strong>N\u00edquel:<\/strong> Crescimento de 10,8% no ano, totalizando 177,2 mil toneladas.<\/li>\n<\/ul>\n\n\n\n<h3 class=\"wp-block-heading\">\u200bProje\u00e7\u00f5es para 2026: O Caminho para 345 Milh\u00f5es<\/h3>\n\n\n\n<p class=\"wp-block-paragraph\">\u200bA lideran\u00e7a retomada n\u00e3o \u00e9 vista pela diretoria, liderada pelo CEO Gustavo Pimenta, como um evento isolado, mas como parte de um plano de &#8220;f\u00f4lego extra&#8221;. Para 2026, a Vale j\u00e1 trabalha com um <em>guidance<\/em> (proje\u00e7\u00e3o) ainda mais ambicioso: a expectativa \u00e9 produzir entre <strong>335 milh\u00f5es e 345 milh\u00f5es de toneladas<\/strong>.<\/p>\n\n\n\n<p class=\"wp-block-paragraph\">\u200bSe atingir o teto dessa meta, a mineradora se aproximar\u00e1 ainda mais dos n\u00edveis pr\u00e9-2019, focando na oferta de produtos de alta qualidade (como pelotas e briquetes), que garantem pr\u00eamios maiores no mercado internacional devido \u00e0 menor pegada de carbono no processo de siderurgia.<\/p>\n\n\n\n<h3 class=\"wp-block-heading\">\u200bDesafios no Horizonte<\/h3>\n\n\n\n<p class=\"wp-block-paragraph\">\u200bApesar do otimismo operacional, o clima na sede da mineradora no Rio de Janeiro \u00e9 de cautela em outras frentes. Recentemente, a empresa enfrentou incidentes operacionais menores, como vazamentos de sedimentos nas minas de F\u00e1brica e Viga, em Minas Gerais, o que mant\u00e9m o mercado atento \u00e0 seguran\u00e7a das barragens.<\/p>\n\n\n\n<p class=\"wp-block-paragraph\">\u200bAl\u00e9m disso, a Vale e sua s\u00f3cia BHP seguem sob press\u00e3o jur\u00eddica e financeira devido aos processos de repara\u00e7\u00e3o dos desastres de Mariana (2015) e Brumadinho (2019), com recentes decis\u00f5es judiciais no Reino Unido e no Brasil elevando os valores previstos para indeniza\u00e7\u00f5es coletivas.<\/p>\n\n\n\n<p class=\"wp-block-paragraph\">\u200bPara os analistas, a &#8220;nova Vale&#8221; que surge em 2026 \u00e9 uma empresa operacionalmente superior e mais diversificada, mas que ainda precisa equilibrar a efici\u00eancia das m\u00e1quinas com a resolu\u00e7\u00e3o definitiva de seus passivos hist\u00f3ricos para recuperar seu valor de mercado perante gigantes como a BHP.<\/p>\n","protected":false},"excerpt":{"rendered":"<p>\u200bMineradora brasileira encerra 2025 com 336 milh\u00f5es de toneladas produzidas, superando rival australiana pela primeira vez desde 2018; proje\u00e7\u00f5es para 2026 indicam novo salto operacional. [&#8230;]<\/p>\n","protected":false},"author":1,"featured_media":2786,"comment_status":"open","ping_status":"open","sticky":false,"template":"","format":"standard","meta":{"_crdt_document":"","_jetpack_memberships_contains_paid_content":false,"footnotes":"","jetpack_publicize_message":"","jetpack_publicize_feature_enabled":true,"jetpack_social_post_already_shared":true,"jetpack_social_options":{"image_generator_settings":{"template":"highway","default_image_id":0,"font":"","enabled":false},"version":2}},"categories":[10],"tags":[],"class_list":["post-2785","post","type-post","status-publish","format-standard","has-post-thumbnail","hentry","category-economia"],"jetpack_publicize_connections":[],"jetpack_featured_media_url":"https:\/\/i0.wp.com\/oexpressobr.com.br\/wp-content\/uploads\/2026\/01\/IMG-20260128-WA0323.jpg?fit=750%2C500&ssl=1","jetpack_likes_enabled":true,"jetpack_sharing_enabled":true,"_links":{"self":[{"href":"https:\/\/oexpressobr.com.br\/index.php?rest_route=\/wp\/v2\/posts\/2785","targetHints":{"allow":["GET"]}}],"collection":[{"href":"https:\/\/oexpressobr.com.br\/index.php?rest_route=\/wp\/v2\/posts"}],"about":[{"href":"https:\/\/oexpressobr.com.br\/index.php?rest_route=\/wp\/v2\/types\/post"}],"author":[{"embeddable":true,"href":"https:\/\/oexpressobr.com.br\/index.php?rest_route=\/wp\/v2\/users\/1"}],"replies":[{"embeddable":true,"href":"https:\/\/oexpressobr.com.br\/index.php?rest_route=%2Fwp%2Fv2%2Fcomments&post=2785"}],"version-history":[{"count":1,"href":"https:\/\/oexpressobr.com.br\/index.php?rest_route=\/wp\/v2\/posts\/2785\/revisions"}],"predecessor-version":[{"id":2787,"href":"https:\/\/oexpressobr.com.br\/index.php?rest_route=\/wp\/v2\/posts\/2785\/revisions\/2787"}],"wp:featuredmedia":[{"embeddable":true,"href":"https:\/\/oexpressobr.com.br\/index.php?rest_route=\/wp\/v2\/media\/2786"}],"wp:attachment":[{"href":"https:\/\/oexpressobr.com.br\/index.php?rest_route=%2Fwp%2Fv2%2Fmedia&parent=2785"}],"wp:term":[{"taxonomy":"category","embeddable":true,"href":"https:\/\/oexpressobr.com.br\/index.php?rest_route=%2Fwp%2Fv2%2Fcategories&post=2785"},{"taxonomy":"post_tag","embeddable":true,"href":"https:\/\/oexpressobr.com.br\/index.php?rest_route=%2Fwp%2Fv2%2Ftags&post=2785"}],"curies":[{"name":"wp","href":"https:\/\/api.w.org\/{rel}","templated":true}]}}