{"id":2788,"date":"2026-01-28T19:01:43","date_gmt":"2026-01-28T22:01:43","guid":{"rendered":"https:\/\/oexpressobr.com.br\/?p=2788"},"modified":"2026-01-28T19:01:44","modified_gmt":"2026-01-28T22:01:44","slug":"portugal-e-brasil-consolidam-acordo-de-reciprocidade-para-cnh-em-meio-a-reformas-no-processo-de-habilitacao","status":"publish","type":"post","link":"https:\/\/oexpressobr.com.br\/?p=2788","title":{"rendered":"Portugal e Brasil consolidam acordo de reciprocidade para CNH em meio a reformas no processo de habilita\u00e7\u00e3o"},"content":{"rendered":"\n<p class=\"wp-block-paragraph\">O governo de Portugal oficializou recentemente o reconhecimento pleno da Carteira Nacional de Habilita\u00e7\u00e3o (CNH) emitida no Brasil, permitindo que cidad\u00e3os brasileiros residentes em solo lusitano dirijam sem a necessidade de trocar o documento ou realizar novos exames. A medida, que j\u00e1 beneficia cerca de 500 mil imigrantes, entra em vigor em um momento de profundas transforma\u00e7\u00f5es no sistema de tr\u00e2nsito brasileiro, marcado pelo fim da obrigatoriedade das autoescolas.<\/p>\n\n\n\n<h3 class=\"wp-block-heading\">\u200bRegras para o uso da CNH em Portugal<\/h3>\n\n\n\n<p class=\"wp-block-paragraph\">\u200bDe acordo com o decreto assinado pelo presidente Marcelo Rebelo de Sousa, o reconhecimento autom\u00e1tico \u00e9 v\u00e1lido para as categorias A (motos) e B (carros de passeio). Para que o documento brasileiro seja aceito pelas autoridades portuguesas, o condutor deve cumprir os seguintes requisitos:<\/p>\n\n\n\n<ul class=\"wp-block-list\">\n<li>\u200bA CNH deve estar dentro do prazo de validade;<\/li>\n\n\n\n<li>\u200bO condutor deve ter menos de 60 anos de idade;<\/li>\n\n\n\n<li>\u200bO documento deve ter sido emitido h\u00e1 menos de 15 anos;<\/li>\n\n\n\n<li>\u200bS\u00e3o aceitas tanto a vers\u00e3o f\u00edsica quanto a digital (atrav\u00e9s do aplicativo Carteira Digital de Tr\u00e2nsito).<\/li>\n<\/ul>\n\n\n\n<p class=\"wp-block-paragraph\">\u200bPelo princ\u00edpio da reciprocidade, motoristas portugueses que residem no Brasil tamb\u00e9m passam a usufruir da mesma facilidade, podendo utilizar a sua habilita\u00e7\u00e3o original sem processos de convers\u00e3o burocr\u00e1ticos.<\/p>\n\n\n\n<h3 class=\"wp-block-heading\">\u200bO debate sobre o fim das autoescolas no Brasil<\/h3>\n\n\n\n<p class=\"wp-block-paragraph\">\u200bApesar do avan\u00e7o diplom\u00e1tico, especialistas e autoridades levantam questionamentos sobre como as mudan\u00e7as internas no Brasil podem afetar futuros acordos internacionais. Recentemente, o Conselho Nacional de Tr\u00e2nsito (Contran) aprovou o fim da obrigatoriedade de frequ\u00eancia em Centros de Forma\u00e7\u00e3o de Condutores (CFCs).<\/p>\n\n\n\n<p class=\"wp-block-paragraph\">\u200bNo novo modelo, o candidato pode optar por estudos te\u00f3ricos online e aulas pr\u00e1ticas com instrutores aut\u00f4nomos credenciados, reduzindo drasticamente os custos do processo. Embora o governo brasileiro defenda que o rigor das provas \u2014 que permanecem obrigat\u00f3rias \u2014 garanta a seguran\u00e7a vi\u00e1ria, h\u00e1 o temor de que a flexibiliza\u00e7\u00e3o do treinamento possa gerar resist\u00eancia em outros blocos econ\u00f4micos, como a Uni\u00e3o Europeia, que historicamente exige padr\u00f5es r\u00edgidos de forma\u00e7\u00e3o.<\/p>\n\n\n\n<h3 class=\"wp-block-heading\">\u200bPosicionamento oficial<\/h3>\n\n\n\n<p class=\"wp-block-paragraph\">\u200bO Secret\u00e1rio Nacional de Tr\u00e2nsito, Adrualdo Cat\u00e3o, afirmou que o reconhecimento por parte de Portugal refor\u00e7a a confian\u00e7a no sistema brasileiro e minimiza as chances de um enfraquecimento internacional do documento. Segundo Cat\u00e3o, o foco deve estar na qualidade da avalia\u00e7\u00e3o final e n\u00e3o na obrigatoriedade de modelos comerciais de ensino.<\/p>\n\n\n\n<p class=\"wp-block-paragraph\">\u200bAt\u00e9 o momento, o acordo entre Brasil e Portugal segue inalterado, consolidando-se como um marco importante para a integra\u00e7\u00e3o da comunidade brasileira na Europa e facilitando a mobilidade e o acesso ao mercado de trabalho para milhares de profissionais no exterior.<\/p>\n","protected":false},"excerpt":{"rendered":"<p>O governo de Portugal oficializou recentemente o reconhecimento pleno da Carteira Nacional de Habilita\u00e7\u00e3o (CNH) emitida no Brasil, permitindo que cidad\u00e3os brasileiros residentes em solo [&#8230;]<\/p>\n","protected":false},"author":1,"featured_media":2789,"comment_status":"open","ping_status":"open","sticky":false,"template":"","format":"standard","meta":{"_crdt_document":"","_jetpack_memberships_contains_paid_content":false,"footnotes":"","jetpack_publicize_message":"","jetpack_publicize_feature_enabled":true,"jetpack_social_post_already_shared":true,"jetpack_social_options":{"image_generator_settings":{"template":"highway","default_image_id":0,"font":"","enabled":false},"version":2}},"categories":[15],"tags":[],"class_list":["post-2788","post","type-post","status-publish","format-standard","has-post-thumbnail","hentry","category-internacional"],"jetpack_publicize_connections":[],"jetpack_featured_media_url":"https:\/\/i0.wp.com\/oexpressobr.com.br\/wp-content\/uploads\/2026\/01\/IMG-20251229-WA0246.jpg?fit=750%2C471&ssl=1","jetpack_likes_enabled":true,"jetpack_sharing_enabled":true,"_links":{"self":[{"href":"https:\/\/oexpressobr.com.br\/index.php?rest_route=\/wp\/v2\/posts\/2788","targetHints":{"allow":["GET"]}}],"collection":[{"href":"https:\/\/oexpressobr.com.br\/index.php?rest_route=\/wp\/v2\/posts"}],"about":[{"href":"https:\/\/oexpressobr.com.br\/index.php?rest_route=\/wp\/v2\/types\/post"}],"author":[{"embeddable":true,"href":"https:\/\/oexpressobr.com.br\/index.php?rest_route=\/wp\/v2\/users\/1"}],"replies":[{"embeddable":true,"href":"https:\/\/oexpressobr.com.br\/index.php?rest_route=%2Fwp%2Fv2%2Fcomments&post=2788"}],"version-history":[{"count":1,"href":"https:\/\/oexpressobr.com.br\/index.php?rest_route=\/wp\/v2\/posts\/2788\/revisions"}],"predecessor-version":[{"id":2790,"href":"https:\/\/oexpressobr.com.br\/index.php?rest_route=\/wp\/v2\/posts\/2788\/revisions\/2790"}],"wp:featuredmedia":[{"embeddable":true,"href":"https:\/\/oexpressobr.com.br\/index.php?rest_route=\/wp\/v2\/media\/2789"}],"wp:attachment":[{"href":"https:\/\/oexpressobr.com.br\/index.php?rest_route=%2Fwp%2Fv2%2Fmedia&parent=2788"}],"wp:term":[{"taxonomy":"category","embeddable":true,"href":"https:\/\/oexpressobr.com.br\/index.php?rest_route=%2Fwp%2Fv2%2Fcategories&post=2788"},{"taxonomy":"post_tag","embeddable":true,"href":"https:\/\/oexpressobr.com.br\/index.php?rest_route=%2Fwp%2Fv2%2Ftags&post=2788"}],"curies":[{"name":"wp","href":"https:\/\/api.w.org\/{rel}","templated":true}]}}