{"id":2791,"date":"2026-01-28T19:06:30","date_gmt":"2026-01-28T22:06:30","guid":{"rendered":"https:\/\/oexpressobr.com.br\/?p=2791"},"modified":"2026-01-28T19:06:32","modified_gmt":"2026-01-28T22:06:32","slug":"fed-mantem-juros-e-desafia-pressao-de-trump-em-primeira-reuniao-de-2026","status":"publish","type":"post","link":"https:\/\/oexpressobr.com.br\/?p=2791","title":{"rendered":"FED mant\u00e9m juros e desafia press\u00e3o de Trump em primeira reuni\u00e3o de 2026"},"content":{"rendered":"\n<p class=\"wp-block-paragraph\"><strong>Banco Central americano interrompe sequ\u00eancia de quedas e mant\u00e9m taxas entre 3,50% e 3,75%, expondo divis\u00e3o interna e queda de bra\u00e7o com a Casa Branca<\/strong><\/p>\n\n\n\n<p class=\"wp-block-paragraph\">\u200b<strong>WASHINGTON<\/strong> \u2013 Em sua primeira decis\u00e3o de 2026, o Comit\u00ea Federal de Mercado Aberto (FOMC) do Federal Reserve (Fed) decidiu, nesta quarta-feira (28), manter a taxa de juros dos Estados Unidos no intervalo de 3,50% a 3,75% ao ano. A medida interrompe o ciclo de tr\u00eas cortes consecutivos realizados no final de 2025 e marca um posicionamento de cautela de Jerome Powell, presidente da institui\u00e7\u00e3o, diante de uma infla\u00e7\u00e3o que ainda n\u00e3o convergiu totalmente para a meta de 2%.<\/p>\n\n\n\n<h3 class=\"wp-block-heading\">\u200bUm comit\u00ea dividido<\/h3>\n\n\n\n<p class=\"wp-block-paragraph\">\u200bA manuten\u00e7\u00e3o n\u00e3o foi un\u00e2nime, revelando um &#8220;racha&#8221; crescente na c\u00fapula do BC americano. Dos membros votantes, dez optaram pela pausa, enquanto dois \u2014 Stephen Miran e Christopher Waller \u2014 divergiram abertamente, defendendo uma redu\u00e7\u00e3o imediata de 0,25 ponto percentual.<\/p>\n\n\n\n<p class=\"wp-block-paragraph\">\u200bMiran, recentemente indicado pelo presidente Donald Trump, tem sido uma voz constante a favor de juros mais baixos, alinhando-se \u00e0 ret\u00f3rica da Casa Branca. J\u00e1 Waller, visto como um dos favoritos para suceder Powell em maio, surpreendeu ao se juntar \u00e0 dissid\u00eancia, o que analistas interpretam como um sinal de que a press\u00e3o pol\u00edtica pode estar come\u00e7ando a ecoar nos corredores do Fed.<\/p>\n\n\n\n<h3 class=\"wp-block-heading\">\u200bPress\u00e3o da Casa Branca e investiga\u00e7\u00e3o<\/h3>\n\n\n\n<p class=\"wp-block-paragraph\">\u200bA decis\u00e3o ocorre sob um clima de extrema tens\u00e3o institucional. O presidente Donald Trump intensificou os ataques a Jerome Powell nas \u00faltimas semanas, chamando a pol\u00edtica monet\u00e1ria de &#8220;restritiva&#8221; e acusando o Fed de tentar sabotar o crescimento econ\u00f4mico.<\/p>\n\n\n\n<p class=\"wp-block-paragraph\">\u200bSomando-se \u00e0 press\u00e3o pol\u00edtica, o Departamento de Justi\u00e7a (DoJ) abriu recentemente uma investiga\u00e7\u00e3o criminal sobre gastos bilion\u00e1rios em uma reforma na sede do Fed, um movimento que aliados de Powell classificam como tentativa de intimida\u00e7\u00e3o. Em coletiva de imprensa ap\u00f3s o an\u00fancio, Powell reiterou a independ\u00eancia da autoridade monet\u00e1ria: \u201cNossas decis\u00f5es s\u00e3o baseadas em dados econ\u00f4micos, n\u00e3o em press\u00f5es pol\u00edticas\u201d, afirmou.<\/p>\n\n\n\n<h3 class=\"wp-block-heading\">\u200bCen\u00e1rio econ\u00f4mico e proje\u00e7\u00f5es<\/h3>\n\n\n\n<p class=\"wp-block-paragraph\">\u200bO comunicado oficial destacou que a atividade econ\u00f4mica segue se expandindo a um &#8220;ritmo s\u00f3lido&#8221;, com o desemprego estabilizado em 4,4%. No entanto, o Fed alertou que a infla\u00e7\u00e3o &#8220;permanece um tanto elevada&#8221;.<\/p>\n\n\n\n<p class=\"wp-block-paragraph\">\u200bPara o mercado financeiro, a sinaliza\u00e7\u00e3o \u00e9 de que o Fed entrou em modo &#8220;esperar para ver&#8221;. Atualmente, as ferramentas de monitoramento (como o FedWatch) indicam uma probabilidade de 86% de que as taxas permane\u00e7am inalteradas tamb\u00e9m na reuni\u00e3o de mar\u00e7o. O mercado agora projeta apenas mais um corte de juros para todo o ano de 2026, possivelmente em junho, quando um novo presidente dever\u00e1 estar \u00e0 frente da institui\u00e7\u00e3o.<\/p>\n\n\n\n<h3 class=\"wp-block-heading\">\u200bReflexos no Brasil<\/h3>\n\n\n\n<p class=\"wp-block-paragraph\">\u200bA postura conservadora do Fed traz impactos diretos para o Brasil. Com os juros americanos est\u00e1veis em patamares ainda elevados, o Banco Central do Brasil encontra menos espa\u00e7o para flexibilizar a Selic, sob o risco de fuga de capitais e press\u00e3o inflacion\u00e1ria via c\u00e2mbio. Na &#8220;Super Quarta&#8221; de hoje, o Copom tamb\u00e9m deve anunciar sua decis\u00e3o, com a expectativa majorit\u00e1ria de manuten\u00e7\u00e3o da taxa Selic em 15% ao ano, acompanhando o tom de cautela global.<\/p>\n","protected":false},"excerpt":{"rendered":"<p>Banco Central americano interrompe sequ\u00eancia de quedas e mant\u00e9m taxas entre 3,50% e 3,75%, expondo divis\u00e3o interna e queda de bra\u00e7o com a Casa Branca [&#8230;]<\/p>\n","protected":false},"author":1,"featured_media":2792,"comment_status":"open","ping_status":"open","sticky":false,"template":"","format":"standard","meta":{"_crdt_document":"","_jetpack_memberships_contains_paid_content":false,"footnotes":"","jetpack_publicize_message":"","jetpack_publicize_feature_enabled":true,"jetpack_social_post_already_shared":true,"jetpack_social_options":{"image_generator_settings":{"template":"highway","default_image_id":0,"font":"","enabled":false},"version":2}},"categories":[10],"tags":[],"class_list":["post-2791","post","type-post","status-publish","format-standard","has-post-thumbnail","hentry","category-economia"],"jetpack_publicize_connections":[],"jetpack_featured_media_url":"https:\/\/i0.wp.com\/oexpressobr.com.br\/wp-content\/uploads\/2026\/01\/IMG-20260128-WA0327.jpg?fit=1600%2C1066&ssl=1","jetpack_likes_enabled":true,"jetpack_sharing_enabled":true,"_links":{"self":[{"href":"https:\/\/oexpressobr.com.br\/index.php?rest_route=\/wp\/v2\/posts\/2791","targetHints":{"allow":["GET"]}}],"collection":[{"href":"https:\/\/oexpressobr.com.br\/index.php?rest_route=\/wp\/v2\/posts"}],"about":[{"href":"https:\/\/oexpressobr.com.br\/index.php?rest_route=\/wp\/v2\/types\/post"}],"author":[{"embeddable":true,"href":"https:\/\/oexpressobr.com.br\/index.php?rest_route=\/wp\/v2\/users\/1"}],"replies":[{"embeddable":true,"href":"https:\/\/oexpressobr.com.br\/index.php?rest_route=%2Fwp%2Fv2%2Fcomments&post=2791"}],"version-history":[{"count":1,"href":"https:\/\/oexpressobr.com.br\/index.php?rest_route=\/wp\/v2\/posts\/2791\/revisions"}],"predecessor-version":[{"id":2793,"href":"https:\/\/oexpressobr.com.br\/index.php?rest_route=\/wp\/v2\/posts\/2791\/revisions\/2793"}],"wp:featuredmedia":[{"embeddable":true,"href":"https:\/\/oexpressobr.com.br\/index.php?rest_route=\/wp\/v2\/media\/2792"}],"wp:attachment":[{"href":"https:\/\/oexpressobr.com.br\/index.php?rest_route=%2Fwp%2Fv2%2Fmedia&parent=2791"}],"wp:term":[{"taxonomy":"category","embeddable":true,"href":"https:\/\/oexpressobr.com.br\/index.php?rest_route=%2Fwp%2Fv2%2Fcategories&post=2791"},{"taxonomy":"post_tag","embeddable":true,"href":"https:\/\/oexpressobr.com.br\/index.php?rest_route=%2Fwp%2Fv2%2Ftags&post=2791"}],"curies":[{"name":"wp","href":"https:\/\/api.w.org\/{rel}","templated":true}]}}