{"id":2800,"date":"2026-01-28T19:29:15","date_gmt":"2026-01-28T22:29:15","guid":{"rendered":"https:\/\/oexpressobr.com.br\/?p=2800"},"modified":"2026-01-28T19:29:16","modified_gmt":"2026-01-28T22:29:16","slug":"governo-da-suecia-propoe-reduzir-maioridade-penal-para-13-anos-para-conter-avanco-de-gangues","status":"publish","type":"post","link":"https:\/\/oexpressobr.com.br\/?p=2800","title":{"rendered":"GOVERNO da Su\u00e9cia prop\u00f5e reduzir maioridade penal para 13 anos para conter avan\u00e7o de gangues"},"content":{"rendered":"\n<p class=\"wp-block-paragraph\">O governo da Su\u00e9cia formalizou nesta semana uma proposta que marca uma mudan\u00e7a hist\u00f3rica e dr\u00e1stica em sua legisla\u00e7\u00e3o criminal: a redu\u00e7\u00e3o da idade de responsabilidade penal de 15 para 13 anos. O an\u00fancio, feito pelo ministro da Justi\u00e7a, Gunnar Str\u00f6mmer, ocorre em meio a uma onda de viol\u00eancia sem precedentes no pa\u00eds escandinavo, onde redes criminosas t\u00eam recrutado crian\u00e7as cada vez mais jovens para atuar como executores em tiroteios e atentados a bomba.<\/p>\n\n\n\n<p class=\"wp-block-paragraph\">\u200bStr\u00f6mmer classificou a situa\u00e7\u00e3o atual como uma &#8220;emerg\u00eancia de seguran\u00e7a&#8221;. Segundo o ministro, a medida n\u00e3o \u00e9 uma redu\u00e7\u00e3o generalizada, mas focada em crimes extremamente graves, como homic\u00eddio, estupro agravado e crimes relacionados a explosivos. &#8220;Estamos vendo uma explora\u00e7\u00e3o c\u00ednica de crian\u00e7as por redes criminosas. Para proteger tanto essas crian\u00e7as quanto a sociedade, precisamos de ferramentas mais firmes&#8221;, afirmou durante coletiva de imprensa em Estocolmo.<\/p>\n\n\n\n<h3 class=\"wp-block-heading\">\u200bDetalhes da Proposta<\/h3>\n\n\n\n<p class=\"wp-block-paragraph\">\u200bA nova legisla\u00e7\u00e3o, que deve ser enviada ao Parlamento com previs\u00e3o de entrar em vigor em julho de 2026, estabelece diretrizes espec\u00edficas:<\/p>\n\n\n\n<ul class=\"wp-block-list\">\n<li>\u200b<strong>Penas de Pris\u00e3o:<\/strong> Jovens de 13 anos condenados por homic\u00eddio podem enfrentar de um a tr\u00eas anos de pris\u00e3o, enquanto os de 14 anos podem receber penas de tr\u00eas a quatro anos.<\/li>\n\n\n\n<li>\u200b<strong>Unidades Especiais:<\/strong> Em vez de pris\u00f5es comuns, os menores seriam enviados para alas juvenis especializadas, visando separ\u00e1-los da popula\u00e7\u00e3o carcer\u00e1ria adulta, mas mantendo o car\u00e1ter de priva\u00e7\u00e3o de liberdade.<\/li>\n\n\n\n<li>\u200b<strong>Car\u00e1ter Tempor\u00e1rio:<\/strong> A medida ser\u00e1 introduzida inicialmente a t\u00edtulo de experi\u00eancia, com validade de cinco anos, para que seus efeitos na criminalidade e na reabilita\u00e7\u00e3o sejam avaliados.<\/li>\n<\/ul>\n\n\n\n<h3 class=\"wp-block-heading\">\u200bRea\u00e7\u00f5es e Controv\u00e9rsias<\/h3>\n\n\n\n<p class=\"wp-block-paragraph\">\u200bApesar do endurecimento do discurso governamental, o plano enfrenta forte resist\u00eancia t\u00e9cnica e humanit\u00e1ria. A Pol\u00edcia Nacional, agentes penitenci\u00e1rios e promotores suecos expressaram ceticismo. O temor das autoridades \u00e9 que a pris\u00e3o de crian\u00e7as t\u00e3o jovens acabe servindo como uma &#8220;escola do crime&#8221;, consolidando carreiras criminosas precoces em vez de interromp\u00ea-las.<\/p>\n\n\n\n<p class=\"wp-block-paragraph\">\u200bFredrik Hjulstr\u00f6m, chefe de pol\u00edtica social da Associa\u00e7\u00e3o Sueca de Acad\u00eamicos, criticou a proposta chamando-a de &#8220;mal elaborada&#8221;. Especialistas alertam que a medida pode levar as gangues a recrutar crian\u00e7as ainda menores \u2014 de 10 ou 11 anos \u2014 para evitar a nova faixa de puni\u00e7\u00e3o, empurrando a criminalidade para uma idade ainda mais tenra.<\/p>\n\n\n\n<h3 class=\"wp-block-heading\">\u200bContexto de Viol\u00eancia<\/h3>\n\n\n\n<p class=\"wp-block-paragraph\">\u200bA Su\u00e9cia, outrora um dos pa\u00edses mais seguros do mundo, viu o n\u00famero de menores de 15 anos suspeitos de envolvimento em crimes fatais triplicar nos \u00faltimos anos. As gangues utilizam a impunidade legal dos menores como estrat\u00e9gia log\u00edstica, oferecendo dinheiro e status em redes sociais para atrair jovens de \u00e1reas vulner\u00e1veis.<\/p>\n\n\n\n<p class=\"wp-block-paragraph\">\u200bAl\u00e9m da redu\u00e7\u00e3o da maioridade, o governo de Ulf Kristersson tamb\u00e9m planeja aumentar a pena m\u00e1xima para adolescentes de 15 a 17 anos (de 14 para 18 anos de pris\u00e3o) e facilitar a revoga\u00e7\u00e3o de cidadania para l\u00edderes de organiza\u00e7\u00f5es criminosas, em um esfor\u00e7o para retomar o controle da seguran\u00e7a p\u00fablica antes das elei\u00e7\u00f5es de 2026.<\/p>\n","protected":false},"excerpt":{"rendered":"<p>O governo da Su\u00e9cia formalizou nesta semana uma proposta que marca uma mudan\u00e7a hist\u00f3rica e dr\u00e1stica em sua legisla\u00e7\u00e3o criminal: a redu\u00e7\u00e3o da idade de [&#8230;]<\/p>\n","protected":false},"author":1,"featured_media":2801,"comment_status":"open","ping_status":"open","sticky":false,"template":"","format":"standard","meta":{"_crdt_document":"","_jetpack_memberships_contains_paid_content":false,"footnotes":"","jetpack_publicize_message":"","jetpack_publicize_feature_enabled":true,"jetpack_social_post_already_shared":true,"jetpack_social_options":{"image_generator_settings":{"template":"highway","default_image_id":0,"font":"","enabled":false},"version":2}},"categories":[15],"tags":[],"class_list":["post-2800","post","type-post","status-publish","format-standard","has-post-thumbnail","hentry","category-internacional"],"jetpack_publicize_connections":[],"jetpack_featured_media_url":"https:\/\/i0.wp.com\/oexpressobr.com.br\/wp-content\/uploads\/2026\/01\/IMG-20260128-WA0360.jpg?fit=1080%2C1080&ssl=1","jetpack_likes_enabled":true,"jetpack_sharing_enabled":true,"_links":{"self":[{"href":"https:\/\/oexpressobr.com.br\/index.php?rest_route=\/wp\/v2\/posts\/2800","targetHints":{"allow":["GET"]}}],"collection":[{"href":"https:\/\/oexpressobr.com.br\/index.php?rest_route=\/wp\/v2\/posts"}],"about":[{"href":"https:\/\/oexpressobr.com.br\/index.php?rest_route=\/wp\/v2\/types\/post"}],"author":[{"embeddable":true,"href":"https:\/\/oexpressobr.com.br\/index.php?rest_route=\/wp\/v2\/users\/1"}],"replies":[{"embeddable":true,"href":"https:\/\/oexpressobr.com.br\/index.php?rest_route=%2Fwp%2Fv2%2Fcomments&post=2800"}],"version-history":[{"count":1,"href":"https:\/\/oexpressobr.com.br\/index.php?rest_route=\/wp\/v2\/posts\/2800\/revisions"}],"predecessor-version":[{"id":2802,"href":"https:\/\/oexpressobr.com.br\/index.php?rest_route=\/wp\/v2\/posts\/2800\/revisions\/2802"}],"wp:featuredmedia":[{"embeddable":true,"href":"https:\/\/oexpressobr.com.br\/index.php?rest_route=\/wp\/v2\/media\/2801"}],"wp:attachment":[{"href":"https:\/\/oexpressobr.com.br\/index.php?rest_route=%2Fwp%2Fv2%2Fmedia&parent=2800"}],"wp:term":[{"taxonomy":"category","embeddable":true,"href":"https:\/\/oexpressobr.com.br\/index.php?rest_route=%2Fwp%2Fv2%2Fcategories&post=2800"},{"taxonomy":"post_tag","embeddable":true,"href":"https:\/\/oexpressobr.com.br\/index.php?rest_route=%2Fwp%2Fv2%2Ftags&post=2800"}],"curies":[{"name":"wp","href":"https:\/\/api.w.org\/{rel}","templated":true}]}}