{"id":281,"date":"2025-12-03T12:21:11","date_gmt":"2025-12-03T15:21:11","guid":{"rendered":"https:\/\/oexpressobr.com.br\/?p=281"},"modified":"2025-12-03T12:21:12","modified_gmt":"2025-12-03T15:21:12","slug":"vitima-de-ataque-de-tigre-em-2014-supera-trauma-e-treina-para-as-paralimpiadas-de-2028","status":"publish","type":"post","link":"https:\/\/oexpressobr.com.br\/?p=281","title":{"rendered":"V\u00edtima De Ataque De Tigre Em 2014, Supera Trauma E Treina Para As Paralimp\u00edadas De 2028"},"content":{"rendered":"\n<p class=\"wp-block-paragraph\">Onze anos ap\u00f3s ter o bra\u00e7o amputado em um tr\u00e1gico incidente no Zool\u00f3gico Municipal de Cascavel, no oeste do Paran\u00e1, a hist\u00f3ria de Vrajamany Fernandes Rocha \u00e9 um vibrante exemplo de supera\u00e7\u00e3o. O jovem, hoje com 22 anos, transformou a dor e a reabilita\u00e7\u00e3o em uma carreira de sucesso na nata\u00e7\u00e3o paral\u00edmpica, acumulando impressionantes <strong>10 t\u00edtulos brasileiros<\/strong>.<\/p>\n\n\n\n<h3 class=\"wp-block-heading\">\u200b\ud83c\udfca Nata\u00e7\u00e3o: De Reabilita\u00e7\u00e3o a Voca\u00e7\u00e3o Profissional<\/h3>\n\n\n\n<p class=\"wp-block-paragraph\">\u200bO acidente ocorreu em julho de 2014. Aos 11 anos, Vrajamany teve o bra\u00e7o direito dilacerado ao coloc\u00e1-lo entre as grades do recinto do tigre Hu. A recupera\u00e7\u00e3o foi um processo \u00e1rduo, mas a nata\u00e7\u00e3o, introduzida como parte da fisioterapia e reabilita\u00e7\u00e3o, revelou-se um divisor de \u00e1guas e sua verdadeira voca\u00e7\u00e3o.<\/p>\n\n\n\n<p class=\"wp-block-paragraph\">\u200bCom determina\u00e7\u00e3o, o paratleta superou o in\u00edcio dif\u00edcil no esporte e, em 2018, foi convidado a treinar no renomado <strong>Centro Paral\u00edmpico Brasileiro<\/strong>, em S\u00e3o Paulo. L\u00e1, a conviv\u00eancia com atletas de alto n\u00edvel, incluindo membros da Sele\u00e7\u00e3o Brasileira de Nata\u00e7\u00e3o, serviu como inspira\u00e7\u00e3o para Vrajamany perseguir o sonho de ser campe\u00e3o mundial.<\/p>\n\n\n\n<h3 class=\"wp-block-heading\">\u200b\ud83c\udf1f Foco No Futuro: A Jornada Rumo a Los Angeles 2028<\/h3>\n\n\n\n<p class=\"wp-block-paragraph\">\u200bAtualmente, Vrajamany \u00e9 atleta profissional e integra a equipe de nata\u00e7\u00e3o do <strong>Praia Clube<\/strong>, em Uberl\u00e2ndia (MG), um centro de excel\u00eancia no esporte. Com uma rotina de treinos rigorosa, ele se consolida como um atleta de ponta na modalidade, mirando grandes objetivos.<\/p>\n\n\n\n<p class=\"wp-block-paragraph\">\u200bO jovem, que j\u00e1 alcan\u00e7ou marcas expressivas, como no nado borboleta, e foi campe\u00e3o brasileiro nos 200 metros medley em 2021, hoje tem um foco claro: a classifica\u00e7\u00e3o para as <strong>Paralimp\u00edadas de Los Angeles em 2028<\/strong>.<\/p>\n\n\n\n<blockquote class=\"wp-block-quote is-layout-flow wp-block-quote-is-layout-flow\">\n<p class=\"wp-block-paragraph\">\u200b<em>\u201cO esporte abriu meus olhos. \u00c9 uma forma de aprender sobre a vida. \u00c9 dif\u00edcil, mas sei que n\u00e3o vou sair do esporte sem ser campe\u00e3o mundial.\u201d<\/em> \u2014 Vrajamany Fernandes Rocha, paratleta.<\/p>\n<\/blockquote>\n\n\n\n<p class=\"wp-block-paragraph\">\u200bApesar da trag\u00e9dia na inf\u00e2ncia, que teve desdobramentos judiciais, Vrajamany afirma que n\u00e3o lamenta o ocorrido, enxergando a situa\u00e7\u00e3o de forma positiva. Sua resili\u00eancia e a busca por motivar outras pessoas a seguirem em frente tornaram sua hist\u00f3ria um not\u00e1vel exemplo de inclus\u00e3o e inspira\u00e7\u00e3o no esporte paral\u00edmpico brasileiro.<\/p>\n","protected":false},"excerpt":{"rendered":"<p>Onze anos ap\u00f3s ter o bra\u00e7o amputado em um tr\u00e1gico incidente no Zool\u00f3gico Municipal de Cascavel, no oeste do Paran\u00e1, a hist\u00f3ria de Vrajamany Fernandes [&#8230;]<\/p>\n","protected":false},"author":1,"featured_media":282,"comment_status":"open","ping_status":"open","sticky":false,"template":"","format":"standard","meta":{"_crdt_document":"","_jetpack_memberships_contains_paid_content":false,"footnotes":"","jetpack_publicize_message":"","jetpack_publicize_feature_enabled":true,"jetpack_social_post_already_shared":false,"jetpack_social_options":{"image_generator_settings":{"template":"highway","default_image_id":0,"font":"","enabled":false},"version":2}},"categories":[12],"tags":[],"class_list":["post-281","post","type-post","status-publish","format-standard","has-post-thumbnail","hentry","category-esporte"],"jetpack_publicize_connections":[],"jetpack_featured_media_url":"https:\/\/i0.wp.com\/oexpressobr.com.br\/wp-content\/uploads\/2025\/12\/whatsapp-image-2024-09-09-at-16.00.41.jpeg?fit=984%2C1130&ssl=1","jetpack_likes_enabled":true,"jetpack_sharing_enabled":true,"_links":{"self":[{"href":"https:\/\/oexpressobr.com.br\/index.php?rest_route=\/wp\/v2\/posts\/281","targetHints":{"allow":["GET"]}}],"collection":[{"href":"https:\/\/oexpressobr.com.br\/index.php?rest_route=\/wp\/v2\/posts"}],"about":[{"href":"https:\/\/oexpressobr.com.br\/index.php?rest_route=\/wp\/v2\/types\/post"}],"author":[{"embeddable":true,"href":"https:\/\/oexpressobr.com.br\/index.php?rest_route=\/wp\/v2\/users\/1"}],"replies":[{"embeddable":true,"href":"https:\/\/oexpressobr.com.br\/index.php?rest_route=%2Fwp%2Fv2%2Fcomments&post=281"}],"version-history":[{"count":0,"href":"https:\/\/oexpressobr.com.br\/index.php?rest_route=\/wp\/v2\/posts\/281\/revisions"}],"wp:featuredmedia":[{"embeddable":true,"href":"https:\/\/oexpressobr.com.br\/index.php?rest_route=\/wp\/v2\/media\/282"}],"wp:attachment":[{"href":"https:\/\/oexpressobr.com.br\/index.php?rest_route=%2Fwp%2Fv2%2Fmedia&parent=281"}],"wp:term":[{"taxonomy":"category","embeddable":true,"href":"https:\/\/oexpressobr.com.br\/index.php?rest_route=%2Fwp%2Fv2%2Fcategories&post=281"},{"taxonomy":"post_tag","embeddable":true,"href":"https:\/\/oexpressobr.com.br\/index.php?rest_route=%2Fwp%2Fv2%2Ftags&post=281"}],"curies":[{"name":"wp","href":"https:\/\/api.w.org\/{rel}","templated":true}]}}