{"id":2815,"date":"2026-01-28T19:55:31","date_gmt":"2026-01-28T22:55:31","guid":{"rendered":"https:\/\/oexpressobr.com.br\/?p=2815"},"modified":"2026-01-28T19:55:32","modified_gmt":"2026-01-28T22:55:32","slug":"dinamarca-enfrenta-acerto-de-contas-historico-com-a-groenlandia-apos-declaracoes-de-janne-teller","status":"publish","type":"post","link":"https:\/\/oexpressobr.com.br\/?p=2815","title":{"rendered":"Dinamarca enfrenta acerto de contas hist\u00f3rico com a Groenl\u00e2ndia ap\u00f3s declara\u00e7\u00f5es de Janne Teller"},"content":{"rendered":"\n<p class=\"wp-block-paragraph\">\u200bA escritora e ex-diplomata da ONU, <strong>Janne Teller<\/strong>, trouxe \u00e0 tona uma ferida aberta na diplomacia n\u00f3rdica ao afirmar categoricamente que a Dinamarca jamais tratou o povo da Groenl\u00e2ndia com igualdade. Em entrevista recente \u00e0 BBC, Teller destacou que, embora o status oficial tenha mudado ao longo das d\u00e9cadas, a mentalidade colonial ainda dita as rela\u00e7\u00f5es entre Copenhague e Nuuk.<\/p>\n\n\n\n<h3 class=\"wp-block-heading\">\u200bO &#8220;Efeito Trump&#8221; e a soberania em xeque<\/h3>\n\n\n\n<p class=\"wp-block-paragraph\">\u200bA discuss\u00e3o ganhou tra\u00e7\u00e3o global ap\u00f3s o interesse manifestado por Donald Trump em negociar a compra da ilha. Para Teller, essa provoca\u00e7\u00e3o externa serviu como um espelho inc\u00f4modo para os dinamarqueses.<\/p>\n\n\n\n<ul class=\"wp-block-list\">\n<li>\u200b<strong>Status de &#8220;Segunda Classe&#8221;:<\/strong> A escritora argumenta que os groenlandeses s\u00e3o frequentemente marginalizados na sociedade dinamarquesa.<\/li>\n\n\n\n<li>\u200b<strong>A Descoberta da Identidade:<\/strong> O interesse dos EUA for\u00e7ou a Dinamarca a reconhecer a import\u00e2ncia estrat\u00e9gica da ilha, algo que o pa\u00eds muitas vezes negligenciou em termos de respeito cultural e autonomia real.<\/li>\n<\/ul>\n\n\n\n<h3 class=\"wp-block-heading\">\u200bContexto atual: O caminho para a independ\u00eancia<\/h3>\n\n\n\n<p class=\"wp-block-paragraph\">\u200bPara al\u00e9m das cr\u00edticas de Teller, a Groenl\u00e2ndia vive um momento de transi\u00e7\u00e3o pol\u00edtica e econ\u00f4mica sem precedentes em 2026. Confira os pontos principais que moldam essa rela\u00e7\u00e3o hoje.<\/p>\n\n\n\n<h3 class=\"wp-block-heading\">O despertar de Copenhague<\/h3>\n\n\n\n<p class=\"wp-block-paragraph\">\u200bA fala de Teller ecoa um sentimento crescente na Dinamarca de que \u00e9 imposs\u00edvel manter a uni\u00e3o do Reino (Rigsf\u00e6llesskabet) sem um pedido de desculpas formal e uma mudan\u00e7a estrutural na forma como os recursos e a cultura da ilha s\u00e3o geridos.<\/p>\n\n\n\n<blockquote class=\"wp-block-quote is-layout-flow wp-block-quote-is-layout-flow\">\n<p class=\"wp-block-paragraph\">\u200b&#8221;Eles s\u00e3o nossa col\u00f4nia&#8221;, afirma Teller, desafiando a narrativa oficial de que a Groenl\u00e2ndia \u00e9 apenas uma &#8220;parte aut\u00f4noma&#8221; do territ\u00f3rio dinamarqu\u00eas.<\/p>\n<\/blockquote>\n\n\n\n<p class=\"wp-block-paragraph\">\u200bA press\u00e3o internacional e o ativismo local indicam que o futuro da Groenl\u00e2ndia ser\u00e1 decidido menos por transa\u00e7\u00f5es imobili\u00e1rias globais e mais pela autodetermina\u00e7\u00e3o de seu povo, que cansou de ser tratado como coadjuvante na pr\u00f3pria terra<\/p>\n","protected":false},"excerpt":{"rendered":"<p>\u200bA escritora e ex-diplomata da ONU, Janne Teller, trouxe \u00e0 tona uma ferida aberta na diplomacia n\u00f3rdica ao afirmar categoricamente que a Dinamarca jamais tratou [&#8230;]<\/p>\n","protected":false},"author":1,"featured_media":2816,"comment_status":"open","ping_status":"open","sticky":false,"template":"","format":"standard","meta":{"_crdt_document":"","_jetpack_memberships_contains_paid_content":false,"footnotes":"","jetpack_publicize_message":"","jetpack_publicize_feature_enabled":true,"jetpack_social_post_already_shared":true,"jetpack_social_options":{"image_generator_settings":{"template":"highway","default_image_id":0,"font":"","enabled":false},"version":2}},"categories":[15],"tags":[],"class_list":["post-2815","post","type-post","status-publish","format-standard","has-post-thumbnail","hentry","category-internacional"],"jetpack_publicize_connections":[],"jetpack_featured_media_url":"https:\/\/i0.wp.com\/oexpressobr.com.br\/wp-content\/uploads\/2026\/01\/24c215c0-fafb-11f0-8d99-4d63080b9583.jpg.webp?fit=800%2C450&ssl=1","jetpack_likes_enabled":true,"jetpack_sharing_enabled":true,"_links":{"self":[{"href":"https:\/\/oexpressobr.com.br\/index.php?rest_route=\/wp\/v2\/posts\/2815","targetHints":{"allow":["GET"]}}],"collection":[{"href":"https:\/\/oexpressobr.com.br\/index.php?rest_route=\/wp\/v2\/posts"}],"about":[{"href":"https:\/\/oexpressobr.com.br\/index.php?rest_route=\/wp\/v2\/types\/post"}],"author":[{"embeddable":true,"href":"https:\/\/oexpressobr.com.br\/index.php?rest_route=\/wp\/v2\/users\/1"}],"replies":[{"embeddable":true,"href":"https:\/\/oexpressobr.com.br\/index.php?rest_route=%2Fwp%2Fv2%2Fcomments&post=2815"}],"version-history":[{"count":1,"href":"https:\/\/oexpressobr.com.br\/index.php?rest_route=\/wp\/v2\/posts\/2815\/revisions"}],"predecessor-version":[{"id":2817,"href":"https:\/\/oexpressobr.com.br\/index.php?rest_route=\/wp\/v2\/posts\/2815\/revisions\/2817"}],"wp:featuredmedia":[{"embeddable":true,"href":"https:\/\/oexpressobr.com.br\/index.php?rest_route=\/wp\/v2\/media\/2816"}],"wp:attachment":[{"href":"https:\/\/oexpressobr.com.br\/index.php?rest_route=%2Fwp%2Fv2%2Fmedia&parent=2815"}],"wp:term":[{"taxonomy":"category","embeddable":true,"href":"https:\/\/oexpressobr.com.br\/index.php?rest_route=%2Fwp%2Fv2%2Fcategories&post=2815"},{"taxonomy":"post_tag","embeddable":true,"href":"https:\/\/oexpressobr.com.br\/index.php?rest_route=%2Fwp%2Fv2%2Ftags&post=2815"}],"curies":[{"name":"wp","href":"https:\/\/api.w.org\/{rel}","templated":true}]}}