{"id":2818,"date":"2026-01-29T06:56:38","date_gmt":"2026-01-29T09:56:38","guid":{"rendered":"https:\/\/oexpressobr.com.br\/?p=2818"},"modified":"2026-01-29T06:56:39","modified_gmt":"2026-01-29T09:56:39","slug":"socio-do-irmao-de-ratinho-jr-venceu-licitacoes-de-r-146-milhoes-na-celepar","status":"publish","type":"post","link":"https:\/\/oexpressobr.com.br\/?p=2818","title":{"rendered":"S\u00f3cio do irm\u00e3o de Ratinho Jr. venceu licita\u00e7\u00f5es de R$ 146 milh\u00f5es na Celepar"},"content":{"rendered":"\n<p class=\"wp-block-paragraph\">Um levantamento recente aponta que a empresa Linea Tecnologia em Comunica\u00e7\u00e3o Ltda. acumulou contratos e registros de pre\u00e7os que somam R$ 146 milh\u00f5es junto \u00e0 Celepar (Companhia de Tecnologia da Informa\u00e7\u00e3o e Comunica\u00e7\u00e3o do Paran\u00e1). O caso ganha contornos pol\u00edticos e \u00e9ticos pelo fato de o propriet\u00e1rio da Linea, Rodolfo de Souza Aires, ser s\u00f3cio de Gabriel Martinez Massa, irm\u00e3o do governador Ratinho J\u00fanior (PSD).<\/p>\n\n\n\n<p class=\"wp-block-paragraph\">\u200bDe acordo com dados extra\u00eddos do Portal da Transpar\u00eancia, a ascens\u00e3o da Linea nos contratos estaduais coincidiu com a aproxima\u00e7\u00e3o societ\u00e1ria entre Aires e o irm\u00e3o do governador. Em abril de 2023, Gabriel Massa \u2014 que preside o Grupo Massa \u2014 tornou-se s\u00f3cio de Rodolfo Aires na empresa TLA Brasil Tecnologia em Monitores Ltda. No mesmo per\u00edodo, a Linea viu o valor de suas licita\u00e7\u00f5es na estatal saltar de R$ 8 milh\u00f5es em 2022 para cifras que superaram os R$ 79 milh\u00f5es em 2025.<\/p>\n\n\n\n<h3 class=\"wp-block-heading\">\u200bCrescimento exponencial e baixa concorr\u00eancia<\/h3>\n\n\n\n<p class=\"wp-block-paragraph\">\u200bA trajet\u00f3ria financeira da Linea na Celepar chama a aten\u00e7\u00e3o pela velocidade e pelo perfil das disputas:<\/p>\n\n\n\n<ul class=\"wp-block-list\">\n<li>\u200b<strong>2022:<\/strong> A empresa venceu o Preg\u00e3o Eletr\u00f4nico n\u00ba 1176\/2022 por R$ 8,05 milh\u00f5es.<\/li>\n\n\n\n<li>\u200b<strong>2023:<\/strong> O valor saltou para R$ 36,1 milh\u00f5es.<\/li>\n\n\n\n<li>\u200b<strong>2024:<\/strong> Registrou-se uma nova fatia de R$ 26,4 milh\u00f5es.<\/li>\n\n\n\n<li>\u200b<strong>2025:<\/strong> A empresa homologou um certame de R$ 79,2 milh\u00f5es.<\/li>\n<\/ul>\n\n\n\n<p class=\"wp-block-paragraph\">\u200bDeputados da oposi\u00e7\u00e3o na Assembleia Legislativa do Paran\u00e1 (ALEP) destacam que as licita\u00e7\u00f5es vencidas pela Linea contaram com um n\u00famero reduzido de participantes \u2014 em alguns casos, apenas dois concorrentes \u2014 e enfrentaram impugna\u00e7\u00f5es de outras empresas, que questionavam crit\u00e9rios t\u00e9cnicos dos editais.<\/p>\n\n\n\n<h3 class=\"wp-block-heading\">\u200bDesdobramentos recentes e privatiza\u00e7\u00e3o em xeque<\/h3>\n\n\n\n<p class=\"wp-block-paragraph\">\u200bA revela\u00e7\u00e3o desses contratos ocorre em um momento cr\u00edtico para a Celepar. Nas \u00faltimas semanas, o Tribunal de Contas do Estado (TCE-PR) esteve no centro de uma batalha jur\u00eddica sobre a privatiza\u00e7\u00e3o da companhia. Embora o tribunal tenha chegado a suspender o processo em dezembro de 2025 por falta de estudos de impacto, uma decis\u00e3o recente (23 de janeiro de 2026) liberou o governo para retomar o cronograma de desestatiza\u00e7\u00e3o.<\/p>\n\n\n\n<p class=\"wp-block-paragraph\">\u200bA oposi\u00e7\u00e3o, liderada pelo deputado Arilson Chiorato (PT), protocolou representa\u00e7\u00f5es para que o Minist\u00e9rio P\u00fablico do Paran\u00e1 (MP-PR) e o pr\u00f3prio TCE investiguem se a rela\u00e7\u00e3o societ\u00e1ria entre o irm\u00e3o do governador e o dono da Linea influenciou a escolha da empresa. &#8220;Vender uma empresa que guarda dados sens\u00edveis dos paranaenses enquanto surgem den\u00fancias de v\u00ednculos indiretos com o n\u00facleo familiar do governador \u00e9 colocar o Estado em risco&#8221;, afirmou Chiorato.<\/p>\n\n\n\n<h3 class=\"wp-block-heading\">\u200bPosicionamentos<\/h3>\n\n\n\n<p class=\"wp-block-paragraph\">\u200bEm nota oficial, a Celepar informou que todos os processos licitat\u00f3rios seguiram rigorosamente a Lei das Estatais e o regulamento interno da companhia, sendo pautados pela transpar\u00eancia e ampla concorr\u00eancia. A estatal ressaltou ainda que, embora o valor homologado nas atas de registro de pre\u00e7os seja alto, o valor efetivamente pago at\u00e9 o momento \u00e9 significativamente menor (cerca de R$ 2,8 milh\u00f5es), dependendo da demanda real dos \u00f3rg\u00e3os p\u00fablicos.<\/p>\n\n\n\n<p class=\"wp-block-paragraph\">\u200bA assessoria de Gabriel Massa e a Linea Tecnologia afirmam que a sociedade entre Gabriel e Rodolfo Aires ocorre em uma empresa privada (TLA Brasil) que n\u00e3o possui contratos com o governo estadual e que a Linea atua no mercado de tecnologia de forma independente.<\/p>\n","protected":false},"excerpt":{"rendered":"<p>Um levantamento recente aponta que a empresa Linea Tecnologia em Comunica\u00e7\u00e3o Ltda. acumulou contratos e registros de pre\u00e7os que somam R$ 146 milh\u00f5es junto \u00e0 [&#8230;]<\/p>\n","protected":false},"author":1,"featured_media":2819,"comment_status":"open","ping_status":"open","sticky":false,"template":"","format":"standard","meta":{"_crdt_document":"","_jetpack_memberships_contains_paid_content":false,"footnotes":"","jetpack_publicize_message":"","jetpack_publicize_feature_enabled":true,"jetpack_social_post_already_shared":true,"jetpack_social_options":{"image_generator_settings":{"template":"highway","default_image_id":0,"font":"","enabled":false},"version":2}},"categories":[5],"tags":[],"class_list":["post-2818","post","type-post","status-publish","format-standard","has-post-thumbnail","hentry","category-parana"],"jetpack_publicize_connections":[],"jetpack_featured_media_url":"https:\/\/i0.wp.com\/oexpressobr.com.br\/wp-content\/uploads\/2026\/01\/massa-1.webp?fit=778%2C524&ssl=1","jetpack_likes_enabled":true,"jetpack_sharing_enabled":true,"_links":{"self":[{"href":"https:\/\/oexpressobr.com.br\/index.php?rest_route=\/wp\/v2\/posts\/2818","targetHints":{"allow":["GET"]}}],"collection":[{"href":"https:\/\/oexpressobr.com.br\/index.php?rest_route=\/wp\/v2\/posts"}],"about":[{"href":"https:\/\/oexpressobr.com.br\/index.php?rest_route=\/wp\/v2\/types\/post"}],"author":[{"embeddable":true,"href":"https:\/\/oexpressobr.com.br\/index.php?rest_route=\/wp\/v2\/users\/1"}],"replies":[{"embeddable":true,"href":"https:\/\/oexpressobr.com.br\/index.php?rest_route=%2Fwp%2Fv2%2Fcomments&post=2818"}],"version-history":[{"count":1,"href":"https:\/\/oexpressobr.com.br\/index.php?rest_route=\/wp\/v2\/posts\/2818\/revisions"}],"predecessor-version":[{"id":2820,"href":"https:\/\/oexpressobr.com.br\/index.php?rest_route=\/wp\/v2\/posts\/2818\/revisions\/2820"}],"wp:featuredmedia":[{"embeddable":true,"href":"https:\/\/oexpressobr.com.br\/index.php?rest_route=\/wp\/v2\/media\/2819"}],"wp:attachment":[{"href":"https:\/\/oexpressobr.com.br\/index.php?rest_route=%2Fwp%2Fv2%2Fmedia&parent=2818"}],"wp:term":[{"taxonomy":"category","embeddable":true,"href":"https:\/\/oexpressobr.com.br\/index.php?rest_route=%2Fwp%2Fv2%2Fcategories&post=2818"},{"taxonomy":"post_tag","embeddable":true,"href":"https:\/\/oexpressobr.com.br\/index.php?rest_route=%2Fwp%2Fv2%2Ftags&post=2818"}],"curies":[{"name":"wp","href":"https:\/\/api.w.org\/{rel}","templated":true}]}}