{"id":2825,"date":"2026-01-29T12:51:31","date_gmt":"2026-01-29T15:51:31","guid":{"rendered":"https:\/\/oexpressobr.com.br\/?p=2825"},"modified":"2026-01-29T12:51:32","modified_gmt":"2026-01-29T15:51:32","slug":"percevejo-marrom-e-clima-instavel-ameacam-30-da-produtividade-na-safra-de-soja-2026","status":"publish","type":"post","link":"https:\/\/oexpressobr.com.br\/?p=2825","title":{"rendered":"Percevejo-marrom e clima inst\u00e1vel amea\u00e7am 30% da produtividade na safra de soja 2026"},"content":{"rendered":"\n<p class=\"wp-block-paragraph\">A safra de soja 2025\/26 no Brasil enfrenta um desafio precoce e agressivo: a alta press\u00e3o do complexo de percevejos, liderada pelo <strong>percevejo-marrom<\/strong> (<em>Euschistus heros<\/em>). Estudos recentes e especialistas do setor alertam que a praga, favorecida por um clima irregular com altas temperaturas e chuvas mal distribu\u00eddas, pode comprometer at\u00e9 <strong>30% da produtividade<\/strong> das lavouras se n\u00e3o houver um manejo rigoroso.<\/p>\n\n\n\n<p class=\"wp-block-paragraph\">Para o produtor, o impacto \u00e9 direto no bolso. Estima-se que a presen\u00e7a de apenas um percevejo por metro linear possa retirar at\u00e9 <strong>75 kg de soja por hectare<\/strong>. Em termos nacionais, o preju\u00edzo potencial \u00e9 alarmante. &#8220;Estamos falando em mais de 50 milh\u00f5es de toneladas de soja que sofrem com a presen\u00e7a desse inimigo&#8221;, explica <strong>Luiz Henrique Marcandalli<\/strong>, head de marketing na <strong>Rainbow Agro<\/strong>.<\/p>\n\n\n\n<h3 class=\"wp-block-heading\">O Inimigo Silencioso e o Clima<\/h3>\n\n\n\n<p class=\"wp-block-paragraph\">Diferente de outras pragas, o percevejo-marrom ataca diretamente o produto final: a vagem e o gr\u00e3o. Ao sugar os nutrientes, ele causa o abortamento de vagens, gr\u00e3os chochos, manchados e a redu\u00e7\u00e3o do teor de \u00f3leo.<\/p>\n\n\n\n<p class=\"wp-block-paragraph\">Na safra atual (2026), o cen\u00e1rio se agravou devido ao fen\u00f4meno <strong>La Ni\u00f1a<\/strong> (mesmo que em intensidade fraca), que gerou janelas de calor intenso no Cerrado e no Sul. Esse ambiente acelerou o ciclo biol\u00f3gico do inseto, fazendo com que ele surgisse nas \u00e1reas de plantio muito antes do per\u00edodo cr\u00edtico tradicional (fase reprodutiva).<\/p>\n\n\n\n<h3 class=\"wp-block-heading\">Estrat\u00e9gias de Defesa: Tecnologia e MIP<\/h3>\n\n\n\n<p class=\"wp-block-paragraph\">Para enfrentar esse cen\u00e1rio, a ado\u00e7\u00e3o do <strong>Manejo Integrado de Pragas (MIP)<\/strong> deixou de ser uma op\u00e7\u00e3o para se tornar uma necessidade de sobreviv\u00eancia econ\u00f4mica. Dados da <strong>Embrapa<\/strong> e de \u00f3rg\u00e3os regionais como a <strong>Funda\u00e7\u00e3o MS<\/strong> e a <strong>Revista Cultivar<\/strong> indicam que o uso de estrat\u00e9gias preventivas e tecnologias de ponta traz resultados expressivos:<\/p>\n\n\n\n<ul class=\"wp-block-list\">\n<li><strong>Redu\u00e7\u00e3o de Insumos:<\/strong> No Paran\u00e1, a aplica\u00e7\u00e3o correta do MIP conseguiu reduzir em at\u00e9 <strong>52,8%<\/strong> o n\u00famero de pulveriza\u00e7\u00f5es de inseticidas ao longo das \u00faltimas safras.<\/li>\n\n\n\n<li><strong>Novas Formula\u00e7\u00f5es:<\/strong> Empresas como a <strong>Rainbow Agro<\/strong> e a <strong>Ourofino<\/strong> t\u00eam investido em solu\u00e7\u00f5es adaptadas ao clima tropical, com maior efeito residual e de choque para evitar que as pragas criem resist\u00eancia.<\/li>\n\n\n\n<li><strong>Controle Biol\u00f3gico e Digital:<\/strong> O uso de drones para libera\u00e7\u00e3o de vespas predadoras (como a <em>Telenomus podisii<\/em>) e o monitoramento via algoritmos preditivos ganharam for\u00e7a em 2026, permitindo interven\u00e7\u00f5es cir\u00fargicas nas \u00e1reas de maior foco.<\/li>\n<\/ul>\n\n\n\n<blockquote class=\"wp-block-quote is-layout-flow wp-block-quote-is-layout-flow\">\n<p class=\"wp-block-paragraph\">&#8220;A solu\u00e7\u00e3o tecnol\u00f3gica proporciona prote\u00e7\u00e3o eficaz, minimizando perdas qualitativas que geram penaliza\u00e7\u00f5es severas na hora da comercializa\u00e7\u00e3o&#8221;, refor\u00e7a Marcandalli.<\/p>\n<\/blockquote>\n\n\n\n<h3 class=\"wp-block-heading\">Tend\u00eancias para 2026<\/h3>\n\n\n\n<p class=\"wp-block-paragraph\">O setor caminha para uma &#8220;sojicultura 4.0&#8221;, onde a decis\u00e3o de aplicar um defensivo \u00e9 baseada em dados reais de monitoramento (pano de batida e armadilhas) e n\u00e3o mais em calend\u00e1rios fixos. Com margens de lucro mais ajustadas neste ano, o foco do agricultor migrou da produ\u00e7\u00e3o m\u00e1xima para a <strong>rentabilidade m\u00e1xima<\/strong>, onde cada saca preservada do ataque do percevejo conta para o fechamento positivo das contas.<\/p>\n","protected":false},"excerpt":{"rendered":"<p>A safra de soja 2025\/26 no Brasil enfrenta um desafio precoce e agressivo: a alta press\u00e3o do complexo de percevejos, liderada pelo percevejo-marrom (Euschistus heros). [&#8230;]<\/p>\n","protected":false},"author":1,"featured_media":2826,"comment_status":"open","ping_status":"open","sticky":false,"template":"","format":"standard","meta":{"_crdt_document":"","_jetpack_memberships_contains_paid_content":false,"footnotes":"","jetpack_publicize_message":"","jetpack_publicize_feature_enabled":true,"jetpack_social_post_already_shared":true,"jetpack_social_options":{"image_generator_settings":{"template":"highway","default_image_id":0,"font":"","enabled":false},"version":2}},"categories":[34],"tags":[],"class_list":["post-2825","post","type-post","status-publish","format-standard","has-post-thumbnail","hentry","category-agro"],"jetpack_publicize_connections":[],"jetpack_featured_media_url":"https:\/\/i0.wp.com\/oexpressobr.com.br\/wp-content\/uploads\/2026\/01\/a5870c2e-4394-4b06-9079-07395afcb8fb.jpg?fit=446%2C297&ssl=1","jetpack_likes_enabled":true,"jetpack_sharing_enabled":true,"_links":{"self":[{"href":"https:\/\/oexpressobr.com.br\/index.php?rest_route=\/wp\/v2\/posts\/2825","targetHints":{"allow":["GET"]}}],"collection":[{"href":"https:\/\/oexpressobr.com.br\/index.php?rest_route=\/wp\/v2\/posts"}],"about":[{"href":"https:\/\/oexpressobr.com.br\/index.php?rest_route=\/wp\/v2\/types\/post"}],"author":[{"embeddable":true,"href":"https:\/\/oexpressobr.com.br\/index.php?rest_route=\/wp\/v2\/users\/1"}],"replies":[{"embeddable":true,"href":"https:\/\/oexpressobr.com.br\/index.php?rest_route=%2Fwp%2Fv2%2Fcomments&post=2825"}],"version-history":[{"count":1,"href":"https:\/\/oexpressobr.com.br\/index.php?rest_route=\/wp\/v2\/posts\/2825\/revisions"}],"predecessor-version":[{"id":2827,"href":"https:\/\/oexpressobr.com.br\/index.php?rest_route=\/wp\/v2\/posts\/2825\/revisions\/2827"}],"wp:featuredmedia":[{"embeddable":true,"href":"https:\/\/oexpressobr.com.br\/index.php?rest_route=\/wp\/v2\/media\/2826"}],"wp:attachment":[{"href":"https:\/\/oexpressobr.com.br\/index.php?rest_route=%2Fwp%2Fv2%2Fmedia&parent=2825"}],"wp:term":[{"taxonomy":"category","embeddable":true,"href":"https:\/\/oexpressobr.com.br\/index.php?rest_route=%2Fwp%2Fv2%2Fcategories&post=2825"},{"taxonomy":"post_tag","embeddable":true,"href":"https:\/\/oexpressobr.com.br\/index.php?rest_route=%2Fwp%2Fv2%2Ftags&post=2825"}],"curies":[{"name":"wp","href":"https:\/\/api.w.org\/{rel}","templated":true}]}}