{"id":2831,"date":"2026-01-29T13:03:43","date_gmt":"2026-01-29T16:03:43","guid":{"rendered":"https:\/\/oexpressobr.com.br\/?p=2831"},"modified":"2026-01-29T13:03:44","modified_gmt":"2026-01-29T16:03:44","slug":"kassab-consolida-trinca-de-governadores-com-caiado-e-calibra-tom-do-psd-para-2026-mas-afirma-que-nao-vai-atcar-lula","status":"publish","type":"post","link":"https:\/\/oexpressobr.com.br\/?p=2831","title":{"rendered":"Kassab consolida &#8220;trinca de governadores&#8221; com Caiado e calibra tom do PSD para 2026, mas afirma que n\u00e3o vai atcar Lula"},"content":{"rendered":"\n<p class=\"wp-block-paragraph\">O cen\u00e1rio pol\u00edtico para a sucess\u00e3o presidencial de 2026 ganhou contornos definitivos nesta semana. <strong>Gilberto Kassab<\/strong>, presidente nacional do <strong>PSD<\/strong>, consolidou a estrat\u00e9gia de &#8220;terceira via de centro-direita&#8221; ao oficializar a filia\u00e7\u00e3o do governador de Goi\u00e1s, <strong>Ronaldo Caiado<\/strong>. Com o movimento, o partido agora det\u00e9m uma vitrine composta por tr\u00eas governadores de peso \u2014 Caiado, <strong>Eduardo Leite (RS)<\/strong> e <strong>Ratinho Jr. (PR)<\/strong> \u2014 para desafiar a polariza\u00e7\u00e3o entre o presidente <strong>Lula (PT)<\/strong> e o nome que representar\u00e1 o bolsonarismo.<\/p>\n\n\n\n<h3 class=\"wp-block-heading\">A estrat\u00e9gia do equil\u00edbrio<\/h3>\n\n\n\n<p class=\"wp-block-paragraph\">Mesmo abrigando pr\u00e9-candidatos de oposi\u00e7\u00e3o, Kassab mant\u00e9m o PSD em uma posi\u00e7\u00e3o singular: o partido ocupa tr\u00eas minist\u00e9rios na Esplanada (<strong>Agricultura, Minas e Energia, e Pesca<\/strong>) e o dirigente reafirmou que n\u00e3o haver\u00e1 pressa para o desembarque. A ordem \u00e9 evitar ataques diretos a Lula, priorizando um perfil moderado que fuja de &#8220;radicais de esquerda e de direita&#8221;.<\/p>\n\n\n\n<ul class=\"wp-block-list\">\n<li><strong>Meta Eleitoral:<\/strong> Kassab projeta que uma candidatura unificada da legenda pode capturar cerca de <strong>20% dos votos<\/strong> no primeiro turno.<\/li>\n\n\n\n<li><strong>Decis\u00e3o Interna:<\/strong> Em entrevistas recentes ap\u00f3s a filia\u00e7\u00e3o de Caiado, o trio de governadores indicou que a escolha do candidato oficial dever\u00e1 ocorrer por consenso e di\u00e1logo at\u00e9 abril, descartando a necessidade de pr\u00e9vias formais.<\/li>\n<\/ul>\n\n\n\n<h3 class=\"wp-block-heading\">O &#8220;fator Tarc\u00edsio&#8221; e a press\u00e3o bolsonarista<\/h3>\n\n\n\n<p class=\"wp-block-paragraph\">A viabilidade dos planos de Kassab para o Planalto depende diretamente do futuro de <strong>Tarc\u00edsio de Freitas (Republicanos)<\/strong>. Embora Kassab admita que uma candidatura do governador paulista ao Planalto mudaria o jogo, Tarc\u00edsio refor\u00e7ou publicamente, em postagens nesta \u00faltima semana de janeiro de 2026, seu compromisso com a <strong>reelei\u00e7\u00e3o em S\u00e3o Paulo<\/strong>.<\/p>\n\n\n\n<blockquote class=\"wp-block-quote is-layout-flow wp-block-quote-is-layout-flow\">\n<p class=\"wp-block-paragraph\">&#8220;Sou pr\u00e9-candidato \u00e0 reelei\u00e7\u00e3o do governo do estado de S\u00e3o Paulo&#8230; Qualquer informa\u00e7\u00e3o diferente desta n\u00e3o passa de especula\u00e7\u00e3o&#8221;, declarou Tarc\u00edsio em suas redes sociais.<\/p>\n<\/blockquote>\n\n\n\n<p class=\"wp-block-paragraph\">Kassab, que atua como secret\u00e1rio de Governo em S\u00e3o Paulo, j\u00e1 sinalizou que, caso Tarc\u00edsio de fato opte por permanecer no estado, ele considera &#8220;um privil\u00e9gio&#8221; compor a chapa como <strong>vice-governador<\/strong>.<\/p>\n\n\n\n<h3 class=\"wp-block-heading\">Desafios no horizonte<\/h3>\n\n\n\n<p class=\"wp-block-paragraph\">Apesar da unidade pregada, o tom das cr\u00edticas varia internamente. Enquanto Kassab mant\u00e9m a modera\u00e7\u00e3o, <strong>Ronaldo Caiado<\/strong> j\u00e1 estreou na sigla com cr\u00edticas contundentes \u00e0 gest\u00e3o federal sobre seguran\u00e7a p\u00fablica e economia, testando os limites da linha diplom\u00e1tica do PSD com o Pal\u00e1cio do Planalto. Al\u00e9m disso, a recente confirma\u00e7\u00e3o de <strong>Fl\u00e1vio Bolsonaro (PL)<\/strong> como o herdeiro pol\u00edtico de Jair Bolsonaro na disputa presidencial deve aumentar a press\u00e3o sobre os governadores do PSD para que definam de que lado estar\u00e3o em um eventual segundo turno.<\/p>\n","protected":false},"excerpt":{"rendered":"<p>O cen\u00e1rio pol\u00edtico para a sucess\u00e3o presidencial de 2026 ganhou contornos definitivos nesta semana. Gilberto Kassab, presidente nacional do PSD, consolidou a estrat\u00e9gia de &#8220;terceira [&#8230;]<\/p>\n","protected":false},"author":1,"featured_media":2832,"comment_status":"open","ping_status":"open","sticky":false,"template":"","format":"standard","meta":{"_crdt_document":"","_jetpack_memberships_contains_paid_content":false,"footnotes":"","jetpack_publicize_message":"","jetpack_publicize_feature_enabled":true,"jetpack_social_post_already_shared":true,"jetpack_social_options":{"image_generator_settings":{"template":"highway","default_image_id":0,"font":"","enabled":false},"version":2}},"categories":[7],"tags":[],"class_list":["post-2831","post","type-post","status-publish","format-standard","has-post-thumbnail","hentry","category-politica"],"jetpack_publicize_connections":[],"jetpack_featured_media_url":"https:\/\/i0.wp.com\/oexpressobr.com.br\/wp-content\/uploads\/2026\/01\/20260129_site-1024x576-1.webp?fit=1024%2C576&ssl=1","jetpack_likes_enabled":true,"jetpack_sharing_enabled":true,"_links":{"self":[{"href":"https:\/\/oexpressobr.com.br\/index.php?rest_route=\/wp\/v2\/posts\/2831","targetHints":{"allow":["GET"]}}],"collection":[{"href":"https:\/\/oexpressobr.com.br\/index.php?rest_route=\/wp\/v2\/posts"}],"about":[{"href":"https:\/\/oexpressobr.com.br\/index.php?rest_route=\/wp\/v2\/types\/post"}],"author":[{"embeddable":true,"href":"https:\/\/oexpressobr.com.br\/index.php?rest_route=\/wp\/v2\/users\/1"}],"replies":[{"embeddable":true,"href":"https:\/\/oexpressobr.com.br\/index.php?rest_route=%2Fwp%2Fv2%2Fcomments&post=2831"}],"version-history":[{"count":1,"href":"https:\/\/oexpressobr.com.br\/index.php?rest_route=\/wp\/v2\/posts\/2831\/revisions"}],"predecessor-version":[{"id":2833,"href":"https:\/\/oexpressobr.com.br\/index.php?rest_route=\/wp\/v2\/posts\/2831\/revisions\/2833"}],"wp:featuredmedia":[{"embeddable":true,"href":"https:\/\/oexpressobr.com.br\/index.php?rest_route=\/wp\/v2\/media\/2832"}],"wp:attachment":[{"href":"https:\/\/oexpressobr.com.br\/index.php?rest_route=%2Fwp%2Fv2%2Fmedia&parent=2831"}],"wp:term":[{"taxonomy":"category","embeddable":true,"href":"https:\/\/oexpressobr.com.br\/index.php?rest_route=%2Fwp%2Fv2%2Fcategories&post=2831"},{"taxonomy":"post_tag","embeddable":true,"href":"https:\/\/oexpressobr.com.br\/index.php?rest_route=%2Fwp%2Fv2%2Ftags&post=2831"}],"curies":[{"name":"wp","href":"https:\/\/api.w.org\/{rel}","templated":true}]}}