{"id":2838,"date":"2026-01-29T13:46:05","date_gmt":"2026-01-29T16:46:05","guid":{"rendered":"https:\/\/oexpressobr.com.br\/?p=2838"},"modified":"2026-01-29T13:46:07","modified_gmt":"2026-01-29T16:46:07","slug":"encontros-na-mansao-de-vorcaro-e-contrato-milionario-de-esposa-de-moraes-aprofundam-crise-entre-stf-e-banco-master","status":"publish","type":"post","link":"https:\/\/oexpressobr.com.br\/?p=2838","title":{"rendered":"Encontros na mans\u00e3o de Vorcaro e contrato milion\u00e1rio de esposa de Moraes aprofundam crise entre STF e Banco Master"},"content":{"rendered":"\n<p class=\"wp-block-paragraph\">A crise institucional que atinge o <strong>Supremo Tribunal Federal (STF)<\/strong> ganhou novos cap\u00edtulos nesta quinta-feira, 29 de janeiro de 2026. Informa\u00e7\u00f5es reveladas pelos jornalistas Andreza Matais e Andr\u00e9 Shalders indicam que a proximidade entre o ministro <strong>Alexandre de Moraes<\/strong> e o controlador do <strong>Banco Master, Daniel Vorcaro<\/strong>, \u00e9 mais estreita do que se admitia anteriormente, envolvendo encontros reservados e cifras milion\u00e1rias.<\/p>\n\n\n\n<h3 class=\"wp-block-heading\">Os bastidores na mans\u00e3o de Bras\u00edlia<\/h3>\n\n\n\n<p class=\"wp-block-paragraph\">De acordo com a apura\u00e7\u00e3o, o ministro Alexandre de Moraes frequentou a resid\u00eancia de Vorcaro em Bras\u00edlia em pelo menos duas ocasi\u00f5es. O epis\u00f3dio mais sens\u00edvel teria ocorrido no primeiro semestre de 2025, durante um final de semana.<\/p>\n\n\n\n<p class=\"wp-block-paragraph\">Naquele encontro, Moraes teria sido apresentado a <strong>Paulo Henrique Costa<\/strong>, ent\u00e3o presidente do <strong>Banco de Bras\u00edlia (BRB)<\/strong>. A reuni\u00e3o, que contou com a presen\u00e7a de um assessor do ministro, aconteceu em um momento cr\u00edtico: o Banco Master enfrentava turbul\u00eancias financeiras e buscava o apoio do BRB para uma poss\u00edvel opera\u00e7\u00e3o de venda ou fus\u00e3o.<\/p>\n\n\n\n<h3 class=\"wp-block-heading\">O contrato de R$ 129 milh\u00f5es<\/h3>\n\n\n\n<p class=\"wp-block-paragraph\">O elo financeiro da crise reside no escrit\u00f3rio de advocacia de <strong>Viviane Barci de Moraes<\/strong>, esposa do ministro. Documentos apontam a exist\u00eancia de um contrato de <strong>R$ 129 milh\u00f5es<\/strong> entre a banca de Viviane e o Banco Master.<\/p>\n\n\n\n<p class=\"wp-block-paragraph\">Embora o montante seja expressivo, o ministro Alexandre de Moraes tem negado veementemente qualquer conflito de interesses. Em nota, a defesa do ministro afirma que:<\/p>\n\n\n\n<ul class=\"wp-block-list\">\n<li>A advogada n\u00e3o teve qualquer participa\u00e7\u00e3o nas negocia\u00e7\u00f5es entre o Master e o BRB.<\/li>\n\n\n\n<li>Os servi\u00e7os prestados pelo escrit\u00f3rio s\u00e3o de natureza t\u00e9cnica e jur\u00eddica, sem rela\u00e7\u00e3o com as decis\u00f5es do Banco Central.<\/li>\n\n\n\n<li>O ministro n\u00e3o interfere nos neg\u00f3cios particulares de sua esposa.<\/li>\n<\/ul>\n\n\n\n<h3 class=\"wp-block-heading\">O veto do Banco Central<\/h3>\n\n\n\n<p class=\"wp-block-paragraph\">Apesar das tentativas de aproxima\u00e7\u00e3o articuladas nos bastidores de Bras\u00edlia, o <strong>Banco Central (BC)<\/strong> agiu como um &#8220;muro&#8221; t\u00e9cnico. A autoridade monet\u00e1ria vetou a venda do Banco Master ao BRB, citando riscos estruturais e a necessidade de preservar a estabilidade do sistema financeiro. O veto do BC \u00e9 visto por analistas como o principal ponto de fric\u00e7\u00e3o que trouxe o caso a p\u00fablico, expondo a rede de influ\u00eancia que operava em torno da institui\u00e7\u00e3o privada.<\/p>\n\n\n\n<blockquote class=\"wp-block-quote is-layout-flow wp-block-quote-is-layout-flow\">\n<p class=\"wp-block-paragraph\"><strong>O que dizem os envolvidos:<\/strong> O Banco Master afirma que todas as suas rela\u00e7\u00f5es institucionais seguem as normas de compliance. O BRB n\u00e3o comentou a sa\u00edda de Paulo Henrique Costa do cargo ap\u00f3s o desgaste do epis\u00f3dio.<\/p>\n<\/blockquote>\n\n\n\n<h3 class=\"wp-block-heading\">Desdobramentos e press\u00e3o pol\u00edtica<\/h3>\n\n\n\n<p class=\"wp-block-paragraph\">No Congresso, a oposi\u00e7\u00e3o j\u00e1 se movimenta para pedir esclarecimentos formais sobre os encontros na mans\u00e3o de Vorcaro. O argumento \u00e9 que a presen\u00e7a de um ministro da Suprema Corte em reuni\u00f5es de neg\u00f3cios de uma institui\u00e7\u00e3o privada \u2014 que possui contratos com sua fam\u00edlia \u2014 fere a liturgia do cargo e o C\u00f3digo de \u00c9tica da Magistratura.<\/p>\n\n\n\n<p class=\"wp-block-paragraph\">A crise n\u00e3o d\u00e1 sinais de arrefecimento e coloca o STF em uma posi\u00e7\u00e3o defensiva em um ano que j\u00e1 se desenha turbulento para as rela\u00e7\u00f5es entre os Poderes.<\/p>\n","protected":false},"excerpt":{"rendered":"<p>A crise institucional que atinge o Supremo Tribunal Federal (STF) ganhou novos cap\u00edtulos nesta quinta-feira, 29 de janeiro de 2026. Informa\u00e7\u00f5es reveladas pelos jornalistas Andreza [&#8230;]<\/p>\n","protected":false},"author":1,"featured_media":2839,"comment_status":"open","ping_status":"open","sticky":false,"template":"","format":"standard","meta":{"_crdt_document":"","_jetpack_memberships_contains_paid_content":false,"footnotes":"","jetpack_publicize_message":"","jetpack_publicize_feature_enabled":true,"jetpack_social_post_already_shared":true,"jetpack_social_options":{"image_generator_settings":{"template":"highway","default_image_id":0,"font":"","enabled":false},"version":2}},"categories":[16],"tags":[],"class_list":["post-2838","post","type-post","status-publish","format-standard","has-post-thumbnail","hentry","category-denuncia"],"jetpack_publicize_connections":[],"jetpack_featured_media_url":"https:\/\/i0.wp.com\/oexpressobr.com.br\/wp-content\/uploads\/2026\/01\/20260128_site-1024x576-1.webp?fit=1024%2C576&ssl=1","jetpack_likes_enabled":true,"jetpack_sharing_enabled":true,"_links":{"self":[{"href":"https:\/\/oexpressobr.com.br\/index.php?rest_route=\/wp\/v2\/posts\/2838","targetHints":{"allow":["GET"]}}],"collection":[{"href":"https:\/\/oexpressobr.com.br\/index.php?rest_route=\/wp\/v2\/posts"}],"about":[{"href":"https:\/\/oexpressobr.com.br\/index.php?rest_route=\/wp\/v2\/types\/post"}],"author":[{"embeddable":true,"href":"https:\/\/oexpressobr.com.br\/index.php?rest_route=\/wp\/v2\/users\/1"}],"replies":[{"embeddable":true,"href":"https:\/\/oexpressobr.com.br\/index.php?rest_route=%2Fwp%2Fv2%2Fcomments&post=2838"}],"version-history":[{"count":1,"href":"https:\/\/oexpressobr.com.br\/index.php?rest_route=\/wp\/v2\/posts\/2838\/revisions"}],"predecessor-version":[{"id":2840,"href":"https:\/\/oexpressobr.com.br\/index.php?rest_route=\/wp\/v2\/posts\/2838\/revisions\/2840"}],"wp:featuredmedia":[{"embeddable":true,"href":"https:\/\/oexpressobr.com.br\/index.php?rest_route=\/wp\/v2\/media\/2839"}],"wp:attachment":[{"href":"https:\/\/oexpressobr.com.br\/index.php?rest_route=%2Fwp%2Fv2%2Fmedia&parent=2838"}],"wp:term":[{"taxonomy":"category","embeddable":true,"href":"https:\/\/oexpressobr.com.br\/index.php?rest_route=%2Fwp%2Fv2%2Fcategories&post=2838"},{"taxonomy":"post_tag","embeddable":true,"href":"https:\/\/oexpressobr.com.br\/index.php?rest_route=%2Fwp%2Fv2%2Ftags&post=2838"}],"curies":[{"name":"wp","href":"https:\/\/api.w.org\/{rel}","templated":true}]}}