{"id":284,"date":"2025-12-03T12:31:35","date_gmt":"2025-12-03T15:31:35","guid":{"rendered":"https:\/\/oexpressobr.com.br\/?p=284"},"modified":"2025-12-03T12:31:36","modified_gmt":"2025-12-03T15:31:36","slug":"advogado-e-apontado-por-policia-civil-como-responsavel-por-endereco-errado-na-morte-de-motorista","status":"publish","type":"post","link":"https:\/\/oexpressobr.com.br\/?p=284","title":{"rendered":"Advogado \u00e9 Apontado por Policia Civil como Respons\u00e1vel por Endere\u00e7o Errado na Morte de motorista"},"content":{"rendered":"\n<p class=\"wp-block-paragraph\">A Pol\u00edcia Civil de S\u00e3o Paulo concluiu uma etapa crucial na investiga\u00e7\u00e3o da morte do motorista Everton Henrique dos Santos, apontando o advogado Jos\u00e9 Maur\u00edcio Barros Junior como o principal respons\u00e1vel pelo erro no endere\u00e7o que resultou na trag\u00e9dia. A falha teria levado um grupo de execu\u00e7\u00e3o ao local errado, vitimando Santos, que n\u00e3o tinha rela\u00e7\u00e3o com o alvo original.<\/p>\n\n\n\n<p class=\"wp-block-paragraph\">\u200bO caso, que chocou o pa\u00eds, ganhou um novo desenvolvimento com a identifica\u00e7\u00e3o do profissional de direito na linha de investiga\u00e7\u00e3o. De acordo com as apura\u00e7\u00f5es, o motorista foi morto em um ato de viol\u00eancia que, segundo a Pol\u00edcia Civil, tinha como alvo uma pessoa diferente, mas que o desencontro de informa\u00e7\u00f5es provocado pelo advogado desviou a a\u00e7\u00e3o criminosa.<\/p>\n\n\n\n<p class=\"wp-block-paragraph\">\u200bO inqu\u00e9rito sugere que Barros Junior teria fornecido, de maneira equivocada ou intencional, um endere\u00e7o incorreto para os executores. Everton Henrique dos Santos, que estava no local indicado erroneamente, acabou sendo a v\u00edtima fatal dessa falha.<\/p>\n\n\n\n<p class=\"wp-block-paragraph\">\u200bEmbora os detalhes exatos da motiva\u00e7\u00e3o ou da natureza do envolvimento do advogado ainda estejam sendo meticulosamente examinados, a conclus\u00e3o da Pol\u00edcia Civil lan\u00e7a uma luz sombria sobre as circunst\u00e2ncias da morte de Santos. A repercuss\u00e3o do caso tem sido intensa, levantando debates sobre a responsabilidade de profissionais em cadeias de eventos criminosos e a seguran\u00e7a p\u00fablica.<\/p>\n\n\n\n<p class=\"wp-block-paragraph\">\u200bAt\u00e9 o momento, n\u00e3o foram encontrados resultados de pesquisa recentes que detalhem as \u00faltimas novidades sobre o andamento do processo criminal contra o advogado, como o recebimento de den\u00fancia pelo Minist\u00e9rio P\u00fablico, eventuais pris\u00f5es ou o in\u00edcio do julgamento. A falta de informa\u00e7\u00f5es atualizadas sugere que o caso pode estar em fase de tramita\u00e7\u00e3o judicial ou de sigilo investigativo. A fam\u00edlia da v\u00edtima e a sociedade aguardam os pr\u00f3ximos passos do judici\u00e1rio para que haja justi\u00e7a e responsabiliza\u00e7\u00e3o completa dos envolvidos.<\/p>\n","protected":false},"excerpt":{"rendered":"<p>A Pol\u00edcia Civil de S\u00e3o Paulo concluiu uma etapa crucial na investiga\u00e7\u00e3o da morte do motorista Everton Henrique dos Santos, apontando o advogado Jos\u00e9 Maur\u00edcio [&#8230;]<\/p>\n","protected":false},"author":1,"featured_media":285,"comment_status":"open","ping_status":"open","sticky":false,"template":"","format":"standard","meta":{"_crdt_document":"","_jetpack_memberships_contains_paid_content":false,"footnotes":"","jetpack_publicize_message":"","jetpack_publicize_feature_enabled":true,"jetpack_social_post_already_shared":false,"jetpack_social_options":{"image_generator_settings":{"template":"highway","default_image_id":0,"font":"","enabled":false},"version":2}},"categories":[9],"tags":[],"class_list":["post-284","post","type-post","status-publish","format-standard","has-post-thumbnail","hentry","category-policia"],"jetpack_publicize_connections":[],"jetpack_featured_media_url":"https:\/\/i0.wp.com\/oexpressobr.com.br\/wp-content\/uploads\/2025\/12\/g1-15-.jpeg?fit=984%2C553&ssl=1","jetpack_likes_enabled":true,"jetpack_sharing_enabled":true,"_links":{"self":[{"href":"https:\/\/oexpressobr.com.br\/index.php?rest_route=\/wp\/v2\/posts\/284","targetHints":{"allow":["GET"]}}],"collection":[{"href":"https:\/\/oexpressobr.com.br\/index.php?rest_route=\/wp\/v2\/posts"}],"about":[{"href":"https:\/\/oexpressobr.com.br\/index.php?rest_route=\/wp\/v2\/types\/post"}],"author":[{"embeddable":true,"href":"https:\/\/oexpressobr.com.br\/index.php?rest_route=\/wp\/v2\/users\/1"}],"replies":[{"embeddable":true,"href":"https:\/\/oexpressobr.com.br\/index.php?rest_route=%2Fwp%2Fv2%2Fcomments&post=284"}],"version-history":[{"count":0,"href":"https:\/\/oexpressobr.com.br\/index.php?rest_route=\/wp\/v2\/posts\/284\/revisions"}],"wp:featuredmedia":[{"embeddable":true,"href":"https:\/\/oexpressobr.com.br\/index.php?rest_route=\/wp\/v2\/media\/285"}],"wp:attachment":[{"href":"https:\/\/oexpressobr.com.br\/index.php?rest_route=%2Fwp%2Fv2%2Fmedia&parent=284"}],"wp:term":[{"taxonomy":"category","embeddable":true,"href":"https:\/\/oexpressobr.com.br\/index.php?rest_route=%2Fwp%2Fv2%2Fcategories&post=284"},{"taxonomy":"post_tag","embeddable":true,"href":"https:\/\/oexpressobr.com.br\/index.php?rest_route=%2Fwp%2Fv2%2Ftags&post=284"}],"curies":[{"name":"wp","href":"https:\/\/api.w.org\/{rel}","templated":true}]}}