{"id":2844,"date":"2026-01-29T21:03:59","date_gmt":"2026-01-30T00:03:59","guid":{"rendered":"https:\/\/oexpressobr.com.br\/?p=2844"},"modified":"2026-01-29T21:04:01","modified_gmt":"2026-01-30T00:04:01","slug":"senado-analisa-projeto-que-reconhece-protetores-de-animais-como-utilidade-publica","status":"publish","type":"post","link":"https:\/\/oexpressobr.com.br\/?p=2844","title":{"rendered":"Senado analisa projeto que reconhece protetores de animais como utilidade p\u00fablica"},"content":{"rendered":"\n<p class=\"wp-block-paragraph\">O Senado Federal iniciou a an\u00e1lise do <strong>Projeto de Lei (PL) 6.681\/2025<\/strong>, que prop\u00f5e o reconhecimento formal do trabalho realizado por protetores de animais como servi\u00e7o de utilidade p\u00fablica em \u00e2mbito nacional. A proposta, que j\u00e1 avan\u00e7ou na C\u00e2mara dos Deputados, busca dar visibilidade e respaldo legal a indiv\u00edduos e entidades que dedicam recursos pr\u00f3prios ao resgate e cuidado de animais em situa\u00e7\u00e3o de vulnerabilidade.<\/p>\n\n\n\n<p class=\"wp-block-paragraph\">\u200bDe autoria do deputado <strong>Marcelo \u00c1lvaro Ant\u00f4nio (PL-MG)<\/strong>, o texto estabelece crit\u00e9rios claros para quem deseja obter o reconhecimento: \u00e9 necess\u00e1rio atuar de forma gratuita e cont\u00ednua h\u00e1 mais de dois anos na prote\u00e7\u00e3o, cuidado e resgate de animais. Al\u00e9m de pessoas f\u00edsicas, entidades sem fins lucrativos que desempenham essas fun\u00e7\u00f5es tamb\u00e9m s\u00e3o contempladas pela medida.<\/p>\n\n\n\n<h3 class=\"wp-block-heading\">\u200bFortalecimento da causa animal em 2026<\/h3>\n\n\n\n<p class=\"wp-block-paragraph\">\u200bA tramita\u00e7\u00e3o deste projeto ocorre em um momento de intensa atividade legislativa voltada ao bem-estar animal no in\u00edcio de 2026. Recentemente, o governo sancionou a lei que institui o <strong>&#8220;Julho Dourado&#8221;<\/strong>, um m\u00eas dedicado \u00e0 promo\u00e7\u00e3o da sa\u00fade de animais dom\u00e9sticos e de rua, bem como \u00e0 preven\u00e7\u00e3o de zoonoses.<\/p>\n\n\n\n<p class=\"wp-block-paragraph\">\u200bO reconhecimento como utilidade p\u00fablica \u00e9 visto por especialistas e ativistas como um &#8220;divisor de \u00e1guas&#8221;. Na pr\u00e1tica, o t\u00edtulo pode facilitar:<\/p>\n\n\n\n<ul class=\"wp-block-list\">\n<li>\u200bA celebra\u00e7\u00e3o de conv\u00eanios e parcerias com o poder p\u00fablico;<\/li>\n\n\n\n<li>\u200bO recebimento de recursos e aux\u00edlios estatais para custeio de castra\u00e7\u00f5es e tratamentos veterin\u00e1rios;<\/li>\n\n\n\n<li>\u200bA isen\u00e7\u00e3o de determinados tributos e taxas para ONGs registradas.<\/li>\n<\/ul>\n\n\n\n<h3 class=\"wp-block-heading\">\u200bDia Nacional do Protetor<\/h3>\n\n\n\n<p class=\"wp-block-paragraph\">\u200bAl\u00e9m do reconhecimento jur\u00eddico, o projeto institui o <strong>Dia Nacional do Protetor de Animais<\/strong>, a ser celebrado anualmente em <strong>10 de agosto<\/strong>. O objetivo da data \u00e9 conscientizar a popula\u00e7\u00e3o sobre a import\u00e2ncia desses agentes para a sa\u00fade p\u00fablica e para a promo\u00e7\u00e3o dos direitos dos animais, combatendo o abandono e os maus-tratos.<\/p>\n\n\n\n<p class=\"wp-block-paragraph\">\u200bSegundo dados da Organiza\u00e7\u00e3o Mundial da Sa\u00fade (OMS) citados em debates recentes no Senado, o Brasil possui cerca de 30 milh\u00f5es de animais abandonados. O senador <strong>Wellington Fagundes (PL-MT)<\/strong>, que tem relatado mat\u00e9rias sobre o tema, destacou em sess\u00f5es recentes que o apoio aos protetores \u00e9 essencial para garantir a dignidade dos seres sencientes e prevenir doen\u00e7as que afetam tamb\u00e9m os humanos.<\/p>\n\n\n\n<p class=\"wp-block-paragraph\">\u200bO projeto segue agora para as comiss\u00f5es tem\u00e1ticas do Senado antes de ser levado \u00e0 vota\u00e7\u00e3o no Plen\u00e1rio. Se aprovado sem altera\u00e7\u00f5es, seguir\u00e1 para a san\u00e7\u00e3o presidencial.<\/p>\n","protected":false},"excerpt":{"rendered":"<p>O Senado Federal iniciou a an\u00e1lise do Projeto de Lei (PL) 6.681\/2025, que prop\u00f5e o reconhecimento formal do trabalho realizado por protetores de animais como [&#8230;]<\/p>\n","protected":false},"author":1,"featured_media":2845,"comment_status":"open","ping_status":"open","sticky":false,"template":"","format":"standard","meta":{"_crdt_document":"","_jetpack_memberships_contains_paid_content":false,"footnotes":"","jetpack_publicize_message":"","jetpack_publicize_feature_enabled":true,"jetpack_social_post_already_shared":true,"jetpack_social_options":{"image_generator_settings":{"template":"highway","default_image_id":0,"font":"","enabled":false},"version":2}},"categories":[30],"tags":[],"class_list":["post-2844","post","type-post","status-publish","format-standard","has-post-thumbnail","hentry","category-bem-estar-animal"],"jetpack_publicize_connections":[],"jetpack_featured_media_url":"https:\/\/i0.wp.com\/oexpressobr.com.br\/wp-content\/uploads\/2026\/01\/IMG-20260129-WA0290.jpg?fit=1024%2C1280&ssl=1","jetpack_likes_enabled":true,"jetpack_sharing_enabled":true,"_links":{"self":[{"href":"https:\/\/oexpressobr.com.br\/index.php?rest_route=\/wp\/v2\/posts\/2844","targetHints":{"allow":["GET"]}}],"collection":[{"href":"https:\/\/oexpressobr.com.br\/index.php?rest_route=\/wp\/v2\/posts"}],"about":[{"href":"https:\/\/oexpressobr.com.br\/index.php?rest_route=\/wp\/v2\/types\/post"}],"author":[{"embeddable":true,"href":"https:\/\/oexpressobr.com.br\/index.php?rest_route=\/wp\/v2\/users\/1"}],"replies":[{"embeddable":true,"href":"https:\/\/oexpressobr.com.br\/index.php?rest_route=%2Fwp%2Fv2%2Fcomments&post=2844"}],"version-history":[{"count":1,"href":"https:\/\/oexpressobr.com.br\/index.php?rest_route=\/wp\/v2\/posts\/2844\/revisions"}],"predecessor-version":[{"id":2846,"href":"https:\/\/oexpressobr.com.br\/index.php?rest_route=\/wp\/v2\/posts\/2844\/revisions\/2846"}],"wp:featuredmedia":[{"embeddable":true,"href":"https:\/\/oexpressobr.com.br\/index.php?rest_route=\/wp\/v2\/media\/2845"}],"wp:attachment":[{"href":"https:\/\/oexpressobr.com.br\/index.php?rest_route=%2Fwp%2Fv2%2Fmedia&parent=2844"}],"wp:term":[{"taxonomy":"category","embeddable":true,"href":"https:\/\/oexpressobr.com.br\/index.php?rest_route=%2Fwp%2Fv2%2Fcategories&post=2844"},{"taxonomy":"post_tag","embeddable":true,"href":"https:\/\/oexpressobr.com.br\/index.php?rest_route=%2Fwp%2Fv2%2Ftags&post=2844"}],"curies":[{"name":"wp","href":"https:\/\/api.w.org\/{rel}","templated":true}]}}