{"id":2847,"date":"2026-01-29T21:11:13","date_gmt":"2026-01-30T00:11:13","guid":{"rendered":"https:\/\/oexpressobr.com.br\/?p=2847"},"modified":"2026-01-29T21:11:14","modified_gmt":"2026-01-30T00:11:14","slug":"trump-faz-ultimato-e-ira-promete-resposta-a-eventual-ataque-dos-estados-unidos","status":"publish","type":"post","link":"https:\/\/oexpressobr.com.br\/?p=2847","title":{"rendered":"Trump faz ultimato e Ir\u00e3 promete resposta a eventual ataque dos Estados Unidos"},"content":{"rendered":"\n<p class=\"wp-block-paragraph\">O cen\u00e1rio geopol\u00edtico no Oriente M\u00e9dio atingiu um novo \u00e1pice de tens\u00e3o nesta semana. O presidente dos Estados Unidos, <strong>Donald Trump<\/strong>, utilizou suas redes sociais e declara\u00e7\u00f5es oficiais para lan\u00e7ar um ultimato direto ao regime de Teer\u00e3: ou o pa\u00eds aceita negociar um novo acordo nuclear &#8220;justo e equitativo&#8221; imediatamente, ou enfrentar\u00e1 uma ofensiva militar de propor\u00e7\u00f5es superiores \u00e0 <strong>Opera\u00e7\u00e3o Martelo da Meia-Noite<\/strong>, realizada em junho do ano passado.<\/p>\n\n\n\n<p class=\"wp-block-paragraph\">\u200bEm tom de amea\u00e7a, Trump confirmou o deslocamento de uma &#8220;enorme armada&#8221; em dire\u00e7\u00e3o \u00e0 regi\u00e3o, liderada pelo porta-avi\u00f5es <strong>USS Abraham Lincoln<\/strong>. O presidente americano destacou que &#8220;o tempo est\u00e1 se esgotando&#8221; e que a nova frota \u00e9 ainda mais poderosa do que a mobilizada recentemente na crise da Venezuela.<\/p>\n\n\n\n<h3 class=\"wp-block-heading\">\u200bA Resposta de Teer\u00e3<\/h3>\n\n\n\n<p class=\"wp-block-paragraph\">\u200bA rea\u00e7\u00e3o do Ir\u00e3 foi imediata e igualmente contundente. O governo de <strong>Masoud Pezeshkian<\/strong> e as For\u00e7as Armadas iranianas declararam que qualquer movimenta\u00e7\u00e3o hostil ser\u00e1 tratada como o &#8220;in\u00edcio de uma guerra&#8221;.<\/p>\n\n\n\n<ul class=\"wp-block-list\">\n<li>\u200b<strong>Prontid\u00e3o Militar:<\/strong> O ex\u00e9rcito iraniano afirmou que manter\u00e1 suas &#8220;vantagens estrat\u00e9gicas&#8221; e que a resposta a qualquer agress\u00e3o ser\u00e1 &#8220;esmagadora e causar\u00e1 arrependimento&#8221;.<\/li>\n\n\n\n<li>\u200b<strong>Condi\u00e7\u00e3o para o Di\u00e1logo:<\/strong> A diplomacia iraniana reiterou que est\u00e1 aberta a negocia\u00e7\u00f5es baseadas no respeito m\u00fatuo, mas descartou qualquer di\u00e1logo realizado sob &#8220;amea\u00e7as, exig\u00eancias excessivas e intimida\u00e7\u00e3o militar&#8221;.<\/li>\n<\/ul>\n\n\n\n<h3 class=\"wp-block-heading\">\u200bContexto de Instabilidade Interna<\/h3>\n\n\n\n<p class=\"wp-block-paragraph\">\u200bA escalada externa ocorre em um momento de fragilidade dom\u00e9stica para o governo iraniano. O pa\u00eds enfrenta uma onda massiva de <strong>protestos antigoverno<\/strong>, motivados pela crise econ\u00f4mica e pela desvaloriza\u00e7\u00e3o do rial. Estimativas de ONGs de direitos humanos sugerem que milhares de pessoas morreram na repress\u00e3o aos manifestantes desde o final de dezembro de 2025.<\/p>\n\n\n\n<p class=\"wp-block-paragraph\">\u200bTrump tem sinalizado apoio aos manifestantes, afirmando que &#8220;a ajuda est\u00e1 a caminho&#8221;, o que Teer\u00e3 classifica como uma &#8220;incita\u00e7\u00e3o \u00e0 viol\u00eancia&#8221; e interfer\u00eancia direta em assuntos soberanos.<\/p>\n\n\n\n<h3 class=\"wp-block-heading\">\u200bImpactos Globais<\/h3>\n\n\n\n<p class=\"wp-block-paragraph\">\u200bO mercado internacional j\u00e1 sente os reflexos do conflito ret\u00f3rico:<\/p>\n\n\n\n<ol class=\"wp-block-list\">\n<li>\u200b<strong>Petr\u00f3leo:<\/strong> O pre\u00e7o do barril registrou alta devido ao risco de bloqueio no <strong>Estreito de Ormuz<\/strong>.<\/li>\n\n\n\n<li>\u200b<strong>Mercado Financeiro:<\/strong> Houve uma corrida por ativos de seguran\u00e7a, levando o <strong>ouro e a prata<\/strong> a patamares recordes de valoriza\u00e7\u00e3o nesta quinta-feira (29).<\/li>\n<\/ol>\n\n\n\n<p class=\"wp-block-paragraph\">\u200bA comunidade internacional observa com cautela, enquanto l\u00edderes mundiais buscam canais de media\u00e7\u00e3o para evitar que o &#8220;f\u00f3sforo&#8221; da ret\u00f3rica incendeie um conflito direto em larga escala.<\/p>\n\n\n\n<p class=\"wp-block-paragraph\">\u200b\ud83d\udcf8: West Asia News Agency via REUTERS\/ REUTERS\/Rebecca Cook<\/p>\n","protected":false},"excerpt":{"rendered":"<p>O cen\u00e1rio geopol\u00edtico no Oriente M\u00e9dio atingiu um novo \u00e1pice de tens\u00e3o nesta semana. O presidente dos Estados Unidos, Donald Trump, utilizou suas redes sociais [&#8230;]<\/p>\n","protected":false},"author":1,"featured_media":2848,"comment_status":"open","ping_status":"open","sticky":false,"template":"","format":"standard","meta":{"_crdt_document":"","_jetpack_memberships_contains_paid_content":false,"footnotes":"","jetpack_publicize_message":"","jetpack_publicize_feature_enabled":true,"jetpack_social_post_already_shared":true,"jetpack_social_options":{"image_generator_settings":{"template":"highway","default_image_id":0,"font":"","enabled":false},"version":2}},"categories":[15],"tags":[],"class_list":["post-2847","post","type-post","status-publish","format-standard","has-post-thumbnail","hentry","category-internacional"],"jetpack_publicize_connections":[],"jetpack_featured_media_url":"https:\/\/i0.wp.com\/oexpressobr.com.br\/wp-content\/uploads\/2026\/01\/IMG-20260129-WA0294.jpg?fit=1080%2C1350&ssl=1","jetpack_likes_enabled":true,"jetpack_sharing_enabled":true,"_links":{"self":[{"href":"https:\/\/oexpressobr.com.br\/index.php?rest_route=\/wp\/v2\/posts\/2847","targetHints":{"allow":["GET"]}}],"collection":[{"href":"https:\/\/oexpressobr.com.br\/index.php?rest_route=\/wp\/v2\/posts"}],"about":[{"href":"https:\/\/oexpressobr.com.br\/index.php?rest_route=\/wp\/v2\/types\/post"}],"author":[{"embeddable":true,"href":"https:\/\/oexpressobr.com.br\/index.php?rest_route=\/wp\/v2\/users\/1"}],"replies":[{"embeddable":true,"href":"https:\/\/oexpressobr.com.br\/index.php?rest_route=%2Fwp%2Fv2%2Fcomments&post=2847"}],"version-history":[{"count":1,"href":"https:\/\/oexpressobr.com.br\/index.php?rest_route=\/wp\/v2\/posts\/2847\/revisions"}],"predecessor-version":[{"id":2849,"href":"https:\/\/oexpressobr.com.br\/index.php?rest_route=\/wp\/v2\/posts\/2847\/revisions\/2849"}],"wp:featuredmedia":[{"embeddable":true,"href":"https:\/\/oexpressobr.com.br\/index.php?rest_route=\/wp\/v2\/media\/2848"}],"wp:attachment":[{"href":"https:\/\/oexpressobr.com.br\/index.php?rest_route=%2Fwp%2Fv2%2Fmedia&parent=2847"}],"wp:term":[{"taxonomy":"category","embeddable":true,"href":"https:\/\/oexpressobr.com.br\/index.php?rest_route=%2Fwp%2Fv2%2Fcategories&post=2847"},{"taxonomy":"post_tag","embeddable":true,"href":"https:\/\/oexpressobr.com.br\/index.php?rest_route=%2Fwp%2Fv2%2Ftags&post=2847"}],"curies":[{"name":"wp","href":"https:\/\/api.w.org\/{rel}","templated":true}]}}